{"id":1125,"date":"2015-06-18T16:19:53","date_gmt":"2015-06-18T16:19:53","guid":{"rendered":"https:\/\/gsara.tv\/causes\/?p=1125"},"modified":"2015-06-22T10:56:09","modified_gmt":"2015-06-22T10:56:09","slug":"edito-le-cinema-expose","status":"publish","type":"post","link":"https:\/\/www.causestoujours.be\/edito-le-cinema-expose\/","title":{"rendered":"\u00c9dito : Le cin\u00e9ma expos\u00e9"},"content":{"rendered":"<p>Dans le cadre de la r\u00e9sidence Conversation *1, initi\u00e9e par le GSARA et le CVB et caract\u00e9ris\u00e9e par le travail des cin\u00e9astes Olivier Dekegel et Emmanuel Van der Auwera, nous nous sommes pench\u00e9s dans ce num\u00e9ro sur la notion de <em>cin\u00e9ma expos\u00e9<\/em>. Quelles sont les nouvelles formes de langage adopt\u00e9es dans le cin\u00e9ma et l&rsquo;art contemporain lorsque nous explorons les images en mouvement ? D\u2019un cot\u00e9, nous sommes toujours \u00e9merveill\u00e9s par le dispositif cin\u00e9matographique. De l\u2019autre, nous fouillons avec une grande curiosit\u00e9 l\u2019utilisation des images projet\u00e9es dans l&rsquo;espace museal. Ces images proviennent de cin\u00e9astes ou de plasticiens et de nombreuses \u0153uvres naviguent d\u00e9sormais entre les deux territoires.<\/p>\n<p>Le premier article, \u00ab\u00a0L\u2019appel des cimaises \u2013 \u00c9tat des lieux du cin\u00e9ma contemporain\u00a0\u00bb, met en perspective un contexte \u00e9conomique inqui\u00e9tant de l&rsquo;industrie du cin\u00e9ma et le choix de certains cin\u00e9astes de se rapprocher du milieu des galeries et de l\u2019image en mouvement expos\u00e9e. L&rsquo;entretien avec l&rsquo;artiste Sarah Vanagt \u00ab\u00a0Toucher le cin\u00e9ma et l\u2019histoire\u00a0\u00bb \u00e9voque la mani\u00e8re dont elle r\u00e9fl\u00e9chit ses installations afin de faire dialoguer le pass\u00e9 et le pr\u00e9sent. Elle nous parle de <em>cin\u00e9ma tactile<\/em>, de <em>paper cinema<\/em> et de <em>one to one cinema. <\/em>Sarah Vanagt r\u00e9alise des documentaires, des installations vid\u00e9os et des photographies dans lesquels s&rsquo;entrem\u00eale son int\u00e9r\u00eat pour l\u2019Histoire et les origines du cin\u00e9ma.<\/p>\n<p>Dans un entretien film\u00e9, les cin\u00e9astes Olivier Dekegel et Emmanuel Van der Auwera s\u2019interrogent entre autres sur la r\u00e9appropriation des images dans le cadre du found footage, sur la mise en sc\u00e8ne en documentaire et questionnent la course vers l\u2019hyper-r\u00e9alisme auquel nous poussent aujourd\u2019hui les nouvelles technologies de l\u2019image. Si leurs questions prennent source dans leur oeuvres respectives, elles quittent rapidement ce cadre pr\u00e9cis pour interroger de mani\u00e8re beaucoup plus large le cin\u00e9ma contemporain, son r\u00f4le, celui des cin\u00e9astes et son avenir.<\/p>\n","protected":false},"excerpt":{"rendered":"<p>Dans le cadre de la r\u00e9sidence Conversation *1, initi\u00e9e par le GSARA et le CVB et caract\u00e9ris\u00e9e par le travail des cin\u00e9astes Olivier Dekegel et Emmanuel Van der Auwera, nous nous sommes pench\u00e9s dans ce num\u00e9ro sur la notion de <i>cin\u00e9ma expos\u00e9<\/i>.<\/p>\n","protected":false},"author":10,"featured_media":1131,"comment_status":"closed","ping_status":"open","sticky":false,"template":"","format":"standard","meta":{"footnotes":""},"categories":[2,123],"tags":[127,124,126,125,128],"class_list":["post-1125","post","type-post","status-publish","format-standard","has-post-thumbnail","hentry","category-dossier","category-cinema-expose","tag-cinema-contemporain","tag-cinema-expose","tag-emmanuel-van-der-auwera","tag-olivier-dekegel","tag-sarah-vanagt"],"_links":{"self":[{"href":"https:\/\/www.causestoujours.be\/wp-json\/wp\/v2\/posts\/1125","targetHints":{"allow":["GET"]}}],"collection":[{"href":"https:\/\/www.causestoujours.be\/wp-json\/wp\/v2\/posts"}],"about":[{"href":"https:\/\/www.causestoujours.be\/wp-json\/wp\/v2\/types\/post"}],"author":[{"embeddable":true,"href":"https:\/\/www.causestoujours.be\/wp-json\/wp\/v2\/users\/10"}],"replies":[{"embeddable":true,"href":"https:\/\/www.causestoujours.be\/wp-json\/wp\/v2\/comments?post=1125"}],"version-history":[{"count":16,"href":"https:\/\/www.causestoujours.be\/wp-json\/wp\/v2\/posts\/1125\/revisions"}],"predecessor-version":[{"id":1149,"href":"https:\/\/www.causestoujours.be\/wp-json\/wp\/v2\/posts\/1125\/revisions\/1149"}],"wp:featuredmedia":[{"embeddable":true,"href":"https:\/\/www.causestoujours.be\/wp-json\/wp\/v2\/media\/1131"}],"wp:attachment":[{"href":"https:\/\/www.causestoujours.be\/wp-json\/wp\/v2\/media?parent=1125"}],"wp:term":[{"taxonomy":"category","embeddable":true,"href":"https:\/\/www.causestoujours.be\/wp-json\/wp\/v2\/categories?post=1125"},{"taxonomy":"post_tag","embeddable":true,"href":"https:\/\/www.causestoujours.be\/wp-json\/wp\/v2\/tags?post=1125"}],"curies":[{"name":"wp","href":"https:\/\/api.w.org\/{rel}","templated":true}]}}