{"id":1164,"date":"2015-10-28T10:50:39","date_gmt":"2015-10-28T10:50:39","guid":{"rendered":"https:\/\/gsara.tv\/causes\/?p=1164"},"modified":"2020-11-22T13:34:35","modified_gmt":"2020-11-22T13:34:35","slug":"parti-pris-objets","status":"publish","type":"post","link":"https:\/\/www.causestoujours.be\/parti-pris-objets\/","title":{"rendered":"[Diaporama] Le Parti pris des objets"},"content":{"rendered":"<p>\u00ab\u00a0<em>On a oubli\u00e9 pourquoi Joan Fontaine se penche au bord de la falaise et qu&rsquo;est-ce que Joel McCrea s&rsquo;en allait faire en Hollande. On a oubli\u00e9 \u00e0 propos de quoi Montgomery Clift garde un silence \u00e9ternel et pourquoi Janet Leigh s&rsquo;arr\u00eate au Bates Motel, et pourquoi Teresa Wright est encore amoureuse d&rsquo;oncle Charlie. On a oubli\u00e9 de quoi Henry Fonda n&rsquo;est pas enti\u00e8rement coupable et pourquoi exactement le gouvernement am\u00e9ricain engage Ingrid Bergman.<\/em> <em>Mais on se souvient d&rsquo;un sac \u00e0 main, mais on se souvient d&rsquo;un autocar dans le d\u00e9sert, mais on se souvient d&rsquo;un verre de lait, des ailes d&rsquo;un moulin, d&rsquo;une brosse \u00e0 cheveux, mais on se souvient d&rsquo;une rang\u00e9e de bouteilles, d&rsquo;une paire de lunettes, d&rsquo;une partition de musique, d&rsquo;un trousseau de cl\u00e9s. Parce qu&rsquo;avec eux et \u00e0 travers eux Alfred Hitchcock r\u00e9ussit l\u00e0 o\u00f9 \u00e9chou\u00e8rent Alexandre, Jules C\u00e9sar, Napol\u00e9on\u00a0: prendre le contr\u00f4le de l&rsquo;univers<\/em> \u00bb. (Jean-Luc Godard)<\/p>\n<p>Quoi de plus banal, quoi de plus omnipr\u00e9sent dans nos vies que les objets que nous c\u00f4toyons tous les jours et que nous investissons de toutes sortes de sentiments\u00a0? Et qui, au cin\u00e9ma, s\u2019attache vraiment \u00e0 rendre compte de cela, comme ont pu le faire les po\u00e8tes et les artistes\u00a0? Par-del\u00e0 le drame, nous dit Godard, demeurent des souvenirs puissants qui impr\u00e8gnent la m\u00e9moire du spectateur\u00a0: des objets que le cin\u00e9ma a rendus \u00ab\u00a0visibles\u00a0\u00bb, en leur conf\u00e9rant un pouvoir sensible. C\u2019est l\u00e0 que le documentaire prend parfois le relais de la fiction\u00a0: mettre en avant la r\u00e9alit\u00e9 qui nous entoure, explorer le monde, le d\u00e9couvrir et l\u2019organiser pour communiquer une exp\u00e9rience de vie. Il rel\u00e8ve alors un d\u00e9fi consid\u00e9rable\u00a0: s\u2019int\u00e9resser \u00e0 nos vies, sur un plan communautaire ou bien intime, \u00e0 partir de ce qui peut para\u00eetre petit, marginal, insignifiant.<\/p>\n<p>Dix s\u00e9ances, compos\u00e9es d\u2019une bonne quarantaine de films documentaires, fictionnels et exp\u00e9rimentaux permettront d\u2019explorer cette multitude de th\u00e8mes (l\u2019Histoire, l\u2019amour, la r\u00e9cup\u00e9ration, la soci\u00e9t\u00e9 de consommation, etc&#8230;) que les objets peuvent v\u00e9hiculer. Des cin\u00e9astes c\u00e9l\u00e8bres ou inconnus nous accompagneront dans cette entreprise, de Jean-Daniel Pollet \u00e0 Boris Lehman, de Jacques Rivette \u00e0 Harun Farocki, de Hans Richter \u00e0 Luc Moullet, en nous faisant d\u00e9couvrir des films r\u00e9alis\u00e9s entre 1908 et 2014.<\/p>\n<p>Les lecteurs de<em> Causes Toujours<\/em> et les spectateurs de Filmer \u00e0 tout prix pourront trouver dans ce dossier des images de films qui seront projet\u00e9s pendant le festival, accompagn\u00e9es de quelques exemples d\u2019expositions dans lesquelles les objets, d\u2019une mani\u00e8re ou d\u2019une autre, jouent un r\u00f4le d\u00e9cisif. S\u2019ensuit une s\u00e9lection de textes litt\u00e9raires et d\u2019essais qui donnent un aper\u00e7u de la richesse d\u2019inspiration et de l\u2019int\u00e9r\u00eat que les objets ont suscit\u00e9 aupr\u00e8s des penseurs et des \u00e9crivains les plus divers du vingti\u00e8me si\u00e8cle.<\/p>\n<p><strong> Stefanie Bodien et Dario Marchiori<\/strong><\/p>\n<p style=\"text-align: left;\">[metaslider id=1281]<\/p>\n","protected":false},"excerpt":{"rendered":"<p>Quoi de plus banal, quoi de plus omnipr\u00e9sent dans nos vies que les objets que nous c\u00f4toyons tous les jours et que nous investissons de toutes sortes de sentiments ? Et qui, au cin\u00e9ma, s\u2019attache vraiment \u00e0 rendre compte de cela, comme ont pu le faire les po\u00e8tes et les artistes ? <\/p>\n","protected":false},"author":10,"featured_media":1299,"comment_status":"closed","ping_status":"open","sticky":false,"template":"","format":"standard","meta":{"footnotes":""},"categories":[2,147],"tags":[],"class_list":["post-1164","post","type-post","status-publish","format-standard","has-post-thumbnail","hentry","category-dossier","category-filmer-a-tout-prix"],"_links":{"self":[{"href":"https:\/\/www.causestoujours.be\/wp-json\/wp\/v2\/posts\/1164","targetHints":{"allow":["GET"]}}],"collection":[{"href":"https:\/\/www.causestoujours.be\/wp-json\/wp\/v2\/posts"}],"about":[{"href":"https:\/\/www.causestoujours.be\/wp-json\/wp\/v2\/types\/post"}],"author":[{"embeddable":true,"href":"https:\/\/www.causestoujours.be\/wp-json\/wp\/v2\/users\/10"}],"replies":[{"embeddable":true,"href":"https:\/\/www.causestoujours.be\/wp-json\/wp\/v2\/comments?post=1164"}],"version-history":[{"count":36,"href":"https:\/\/www.causestoujours.be\/wp-json\/wp\/v2\/posts\/1164\/revisions"}],"predecessor-version":[{"id":1499,"href":"https:\/\/www.causestoujours.be\/wp-json\/wp\/v2\/posts\/1164\/revisions\/1499"}],"wp:featuredmedia":[{"embeddable":true,"href":"https:\/\/www.causestoujours.be\/wp-json\/wp\/v2\/media\/1299"}],"wp:attachment":[{"href":"https:\/\/www.causestoujours.be\/wp-json\/wp\/v2\/media?parent=1164"}],"wp:term":[{"taxonomy":"category","embeddable":true,"href":"https:\/\/www.causestoujours.be\/wp-json\/wp\/v2\/categories?post=1164"},{"taxonomy":"post_tag","embeddable":true,"href":"https:\/\/www.causestoujours.be\/wp-json\/wp\/v2\/tags?post=1164"}],"curies":[{"name":"wp","href":"https:\/\/api.w.org\/{rel}","templated":true}]}}