{"id":1323,"date":"2015-10-28T10:54:38","date_gmt":"2015-10-28T10:54:38","guid":{"rendered":"https:\/\/gsara.tv\/causes\/?p=1323"},"modified":"2015-10-29T17:25:08","modified_gmt":"2015-10-29T17:25:08","slug":"rencontre-nicolas-bras-membre-comite-de-selection","status":"publish","type":"post","link":"https:\/\/www.causestoujours.be\/rencontre-nicolas-bras-membre-comite-de-selection\/","title":{"rendered":"Rencontre avec Nicolas Bras, membre du comit\u00e9 de s\u00e9lection"},"content":{"rendered":"<p><strong>Quelques jours avant le lancement de la 16\u00e8me \u00e9dition du festival Filmer \u00e0 tout prix, nous sommes all\u00e9s \u00e0 la rencontre de Nicolas Bras. Cin\u00e9phile passionn\u00e9 impliqu\u00e9 dans l&rsquo;activit\u00e9 du Nova et int\u00e9gr\u00e9 \u00e0 son comit\u00e9 de programmation depuis bient\u00f4t trois ans, il revient sur son exp\u00e9rience de membre du comit\u00e9 de s\u00e9lection pour le festival Filmer \u00e0 tout prix.<\/strong><\/p>\n<p><em><strong>Filmer \u00e0 tout prix est ta premi\u00e8re exp\u00e9rience en tant que membre d\u2019un comit\u00e9 de s\u00e9lection ?<\/strong><\/em><\/p>\n<p>J&rsquo;ai pu conna\u00eetre des exp\u00e9riences \u00e0 peu pr\u00e8s similaires dans le cadre de ma participation aux programmations pour le Nova. Par exemple, lorsque nous travaillons sur \u00ab\u00a0The Echoes of Jihlava\u00a0\u00bb, nous devons \u00e9tablir une s\u00e9lection de films \u00e0 partir de la programmation d&rsquo;un festival qui se d\u00e9roule en Tch\u00e9quie. Nous recevons tous leurs films montr\u00e9s en festival et nous mettons sur pied une programmation plus r\u00e9duite. N\u00e9anmoins, cela reste tr\u00e8s diff\u00e9rent de mon exp\u00e9rience de membre du comit\u00e9 de s\u00e9lection pour le festival Filmer \u00e0 tout prix.<\/p>\n<p><em><strong>Combien de films as-tu visionn\u00e9s au total pour le festival Filmer \u00e0 tout prix ?<\/strong><\/em><\/p>\n<p>Plus ou moins 150 sur les 600 films que nous avons re\u00e7us. Il y en avait certains que j\u2019avais d\u00e9j\u00e0 vus. Heureusement, nous nous partageons le travail car il n\u2019est malheureusement pas possible de tous les voir&#8230;<\/p>\n<p><em><strong>Quels \u00e9taient tes crit\u00e8res avant chaque visionnement ?<\/strong><\/em><\/p>\n<p>Pour moi, l\u2019un des crit\u00e8res les plus importants, c\u2019est l\u2019audace. L\u2019autre imp\u00e9ratif n\u00e9cessaire \u00e0 mes yeux, c\u2019est que le film r\u00e9ussisse \u00e0 parler de ce que l&rsquo;on vit aujourd\u2019hui.<\/p>\n<p>Au final, nous sommes surtout plong\u00e9s dans une dynamique de groupe. Chacun apporte une certaine vision du cin\u00e9ma et de ce qu\u2019il a envie de d\u00e9fendre. Personnellement, je pr\u00e9f\u00e8re d\u00e9fendre un film qui pr\u00e9sente quelque chose de fort plut\u00f4t qu\u2019un film \u00e0 l\u2019 esth\u00e9tique l\u00e9ch\u00e9e mais dont le fond serait creux. \u00c0 mes yeux, la forme doit supporter le contenu. Si on a une forme qui ne porte rien, cela ne m\u2019int\u00e9resse pas.<\/p>\n<p>Lors du travail de s\u00e9lection, nous \u00e9tions confront\u00e9s \u00e0 deux fa\u00e7ons de penser tr\u00e8s diff\u00e9rentes. Nous devions penser -, \u00e0 la fois, \u00e0 la comp\u00e9tition belge et \u00e0 la comp\u00e9tition internationale. Du c\u00f4t\u00e9 belge, nous avons re\u00e7u entre 100 et 150 films \u2013 courts et longs confondus &#8211;\u00a0 pour finalement en conserver pr\u00e8s de 60. Les crit\u00e8res ne sont pas du tout les m\u00eames que pour la comp\u00e9tition internationale. Nous devions s\u00e9lectionner des films que nous consid\u00e9rions comme les plus aboutis et les plus audacieux. Ce crit\u00e8re explique notamment la diff\u00e9rence entre la comp\u00e9tition belge et le panorama\u00a0belge (ndlr : le \u00ab\u00a0Panorama belge\u00a0\u00bb est une programmation qui regroupe des films belges hors-comp\u00e9tition pr\u00e9sent\u00e9s dans le cadre de la 16\u00e8me \u00e9dition du festival Filmer \u00e0 tout prix ): les films qui avaient un parti pris assum\u00e9 et une certaine audace se retrouvaient en comp\u00e9tition. Tandis qu&rsquo;en panorama, nous allions retrouver des films qui avaient d\u00e9j\u00e0 bien v\u00e9cu ou alors qui ne remplissaient pas tous ces crit\u00e8res. De plus, le festival Filmer \u00e0 tout prix aime aussi pr\u00e9senter des premi\u00e8res \u0153uvres et \u00eatre en quelque sorte un tremplin pour un nouveau cin\u00e9ma.<\/p>\n<p><em><strong>Comment avez-vous pens\u00e9 la comp\u00e9tition internationale\u00a0?<\/strong><\/em><\/p>\n<p>Pour la comp\u00e9tition internationale, l\u2019enjeu est compl\u00e8tement diff\u00e9rent. L\u2019objectif est de pr\u00e9senter au public belge un panorama de propositions cin\u00e9matographiques qui puissent r\u00e9ussir \u00e0 parler de ce que nous vivons aujourd&rsquo;hui et cela peu importe que le film soit argentin, alg\u00e9rien, fran\u00e7ais ou syrien.<\/p>\n<p>Lorsque je me retrouve face \u00e0 un film en tant que programmateur, j\u2019esp\u00e8re avant tout qu&rsquo;il renverra quelque chose au spectateur. Si le film nous parle de ce qui se passe \u00e0 l\u2019autre bout du monde sans nous permettre de se sentir concern\u00e9s, j\u2019estime, personnellement, que le film ne m\u00e9rite pas d&rsquo;\u00eatre programm\u00e9. Les d\u00e9marches de programmation et de s\u00e9lection d\u00e9pendent de notre objectif et c\u2019est pour cette raison que je faisais la diff\u00e9rence entre s\u00e9lections nationale et internationale. Pour plus de 300 films longs internationaux, nous devions en retenir seulement 11\u00a0! Il est imp\u00e9ratif de savoir peser ses choix quand une si faible proportion est retenue. La question n\u2019est pas tant de savoir si le film est de qualit\u00e9 \u2013 \u00e9norm\u00e9ment de films de qualit\u00e9 n&rsquo;ont pas \u00e9t\u00e9 s\u00e9lectionn\u00e9s &#8211;\u00a0 mais plut\u00f4t de savoir ( comment articuler les films en un ensemble coh\u00e9rent) pourquoi les films sont articul\u00e9s en un ensemble coh\u00e9rent.<\/p>\n<p>On ne peut pas se permettre de dire qu&rsquo;on ne programme pas tel film car on n&rsquo;a rien trouv\u00e9 de mieux. Les films sont tellement diff\u00e9rents que cela n\u00e9cessite une r\u00e9elle discussion. Ne pas prendre un film repr\u00e9sente une d\u00e9cision. Cela doit \u00eatre un vrai renoncement appuy\u00e9 par un argumentaire\u00a0afin de permettre au reste du comit\u00e9 de comprendre notre choix. Il y a des films os\u00e9s qu\u2019on a fini par s\u00e9lectionner m\u00eame si nous savions qu&rsquo;ils susciteraient un d\u00e9bat voire m\u00eame un rejet. Nous les assumerons. Ce sont des d\u00e9cisions franches.<\/p>\n<p><em><strong>Quelle est ta d\u00e9finition du documentaire ?<\/strong><\/em><\/p>\n<p>\u00c0 partir de quand consid\u00e8re-t-on que nous sommes dans du documentaire ou dans dans de la fiction ?<\/p>\n<p>L\u2019int\u00e9r\u00eat est de parvenir \u00e0 interpeller et \u00e0 filmer le r\u00e9el. Un documentaire comporte de toute fa\u00e7on des formes de mise en sc\u00e8ne. Selon moi, dans le documentaire, les personnes film\u00e9es et mises en sc\u00e8ne continuent \u00e0 vivre ce qu&rsquo;elles vivent en dehors du film. Elles parlent d\u2019elles-m\u00eames et incarnent leur propre personnage. Il existe des films qui se situent \u00e0 la limite entre la fiction et le documentaire, comme par exemple ceux de Lionel Rogosin. Pour son film <em>On the Bowery<\/em>, qui d\u00e9peint un quartier pauvre de New York dans les ann\u00e9es 1960, le r\u00e9alisateur a demand\u00e9 aux personnes film\u00e9es d\u2019\u00eatre les acteurs de ce qu\u2019ils vivent mais en incarnant d&rsquo;autres personnages qu\u2019eux-m\u00eames. Ils devaient se recr\u00e9er une autre histoire au sein d\u2019un contexte qui \u00e9tait le leur. Pour moi, dans ce cas de figure-l\u00e0, on se rapproche plut\u00f4t de la fiction. Rogosin a fait la m\u00eame chose en Afrique du Sud dans l\u2019un des premiers films tourn\u00e9s durant l\u2019apartheid. Il est all\u00e9 filmer les faubourgs africains o\u00f9 les personnages revivaient ce qu&rsquo;ils avaient v\u00e9cu mais \u00e0 travers une histoire, une existence qui n\u2019\u00e9tait pas la leur.\u00a0 \u00c0 l\u2019inverse, pour S21, la machine de mort Khmere Rouge, nous sommes davantage dans du documentaire car il s&rsquo;agit d&rsquo;une \u00ab\u00a0remise\u00a0\u00bb en sc\u00e8ne de ce que les personnes ont r\u00e9ellement pu faire.<\/p>\n<p>De toute fa\u00e7on, \u00e0 mes yeux, on ne peut pas d\u00e9finir le documentaire sans d\u00e9finir \u00e9galement la fiction. On appelle documentaire \u201cquelque chose\u201d qui se d\u00e9finit par rapport \u00e0 ce qu\u2019on a appel\u00e9 fiction. De base, on est face \u00e0 du cin\u00e9ma.<\/p>\n<p><em><strong>Changeais-tu d\u2019avis souvent par rapport aux films ?<\/strong><\/em><\/p>\n<p>Oui, c\u2019est arriv\u00e9. Je ne suis pas sorti d\u2019\u00e9tudes de cin\u00e9ma et il y a tout un pan de la cin\u00e9matographie consid\u00e9r\u00e9 comme classique que je n\u2019ai pas vu et que je d\u00e9couvre encore aujourd\u2019hui. (D\u2019ailleurs, que consid\u00e8re-t-on comme classique ? Pourquoi une culture cin\u00e9matograhique aurait plus de poids qu\u2019une autre ? Ce sont aussi des questions qui doivent \u00eatre pos\u00e9es.)<\/p>\n<p>En m\u00eame temps, la question de savoir ce que l\u2019on consid\u00e8re comme classique et des raisons pour lesquelles une culture cin\u00e9matographique aurait plus de poids qu\u2019une autre sont des questions qui m\u00e9ritent d\u2019\u00eatre pos\u00e9es. Un cin\u00e9aste que j\u2019appr\u00e9cie comme Lionel Rogosin n\u2019est pas forc\u00e9ment tr\u00e8s pr\u00e9sent dans les cours de cin\u00e9ma alors, qu\u2019\u00e0 mes yeux, c\u2019est quelqu\u2019un d\u2019important. L\u2019\u00e9cole de cin\u00e9ma va te cr\u00e9er une histoire du cin\u00e9ma et, dans le m\u00eame temps, va mettre de c\u00f4t\u00e9 tout un pan de l\u2019histoire du cin\u00e9ma\u00a0 &#8211; ou plut\u00f4t des histoires de cin\u00e9ma -. Dans les \u00e9coles de cin\u00e9ma, on fait des choix, on ne peut pas tout voir.<\/p>\n<p>Ce que je trouve justement int\u00e9ressant dans un comit\u00e9 de s\u00e9lection comme celui constitu\u00e9 pour Filmer \u00e0 tout prix, c\u2019est la diversit\u00e9 des points de vue et des histoires. Ma vision du cin\u00e9ma n\u2019est pas acad\u00e9mique et je suis donc parfois confront\u00e9 \u00e0 des personnes dont la conception du cin\u00e9ma diff\u00e8re de la mienne. Il arrivait que certains films ne m&rsquo;int\u00e9ressaient pas \u00e9norm\u00e9ment mais qu&rsquo;une discussion me donne envie de les d\u00e9couvrir. Dans le comit\u00e9, il y a des sensibilit\u00e9s diff\u00e9rentes car chacun a sa propre histoire du cin\u00e9ma. J\u2019ai chang\u00e9 d\u2019avis par rapport \u00e0 des films et tant mieux ! Par contre, il y en a d\u2019autres pour lesquels on ne pouvait pas me faire changer d\u2019avis (j\u2019\u00e9tais intransigeant).<\/p>\n<p><em><strong>Que repr\u00e9sente pour toi un festival comme Filmer \u00e0 tout prix ?<\/strong><\/em><\/p>\n<p>Selon moi, le festival Filmer \u00e0 tout prix reste un festival de r\u00e9f\u00e9rence en termes de documentaire . Il y a d\u2019autres festivals importants un peu partout en Europe et dans le monde qui se positionnent comme des festivals de cin\u00e9ma documentaire et j\u2019estime que Filmer \u00e0 tout prix en fait partie. C\u2019est un moment particulier qui donne la possibilit\u00e9 de pr\u00e9senter un certain pan de la cin\u00e9matographie documentaire et de proposer quelque chose d\u2019ambitieux et d&rsquo;interpellant. (Ce n\u2019est pas uniquement du documentaire social et engag\u00e9. Il y en a mais ce n\u2019est pas que \u00e7a. Un moment donn\u00e9 on a les possibilit\u00e9s de cr\u00e9er des \u00e9quilibres, des coh\u00e9rences \u00e0 partir de documentaires qui sont r\u00e9cup\u00e9r\u00e9s un peu partout dans le monde et en Belgique.)<\/p>\n<p><em><strong>Quelle est la place du documentaire aujourd\u2019hui ?<\/strong><\/em><\/p>\n<p>Je pense qu&rsquo;on se lamente souvent sur le fait qu\u2019il n\u2019y ait pas de place pour le documentaire &#8211; \u00e0\u00a0 la t\u00e9l\u00e9vision, il n&rsquo;y en a pas vraiment, au cin\u00e9ma, un peu plus -mais le plus important c\u2019est peut-\u00eatre de se demander quelle est la place accord\u00e9e, de mani\u00e8re plus g\u00e9n\u00e9rale \u00e0 un v\u00e9ritable cin\u00e9ma critique.<\/p>\n<p><strong>Propos recueillis par Aur\u00e9lie Ghalim<\/strong><\/p>\n","protected":false},"excerpt":{"rendered":"<p>Quelques jours avant le lancement de la 16\u00e8me \u00e9dition du festival Filmer \u00e0 tout prix, nous sommes all\u00e9s \u00e0 la rencontre de Nicolas Bras. Cin\u00e9phile passionn\u00e9 impliqu\u00e9 dans l&rsquo;activit\u00e9 du Nova et int\u00e9gr\u00e9 \u00e0 son comit\u00e9 de programmation depuis bient\u00f4t trois ans, il revient sur son exp\u00e9rience de membre du comit\u00e9 de s\u00e9lection pour le festival Filmer \u00e0 tout prix.<\/p>\n","protected":false},"author":10,"featured_media":1456,"comment_status":"closed","ping_status":"open","sticky":false,"template":"","format":"standard","meta":{"footnotes":""},"categories":[2,147],"tags":[],"class_list":["post-1323","post","type-post","status-publish","format-standard","has-post-thumbnail","hentry","category-dossier","category-filmer-a-tout-prix"],"_links":{"self":[{"href":"https:\/\/www.causestoujours.be\/wp-json\/wp\/v2\/posts\/1323","targetHints":{"allow":["GET"]}}],"collection":[{"href":"https:\/\/www.causestoujours.be\/wp-json\/wp\/v2\/posts"}],"about":[{"href":"https:\/\/www.causestoujours.be\/wp-json\/wp\/v2\/types\/post"}],"author":[{"embeddable":true,"href":"https:\/\/www.causestoujours.be\/wp-json\/wp\/v2\/users\/10"}],"replies":[{"embeddable":true,"href":"https:\/\/www.causestoujours.be\/wp-json\/wp\/v2\/comments?post=1323"}],"version-history":[{"count":8,"href":"https:\/\/www.causestoujours.be\/wp-json\/wp\/v2\/posts\/1323\/revisions"}],"predecessor-version":[{"id":1496,"href":"https:\/\/www.causestoujours.be\/wp-json\/wp\/v2\/posts\/1323\/revisions\/1496"}],"wp:featuredmedia":[{"embeddable":true,"href":"https:\/\/www.causestoujours.be\/wp-json\/wp\/v2\/media\/1456"}],"wp:attachment":[{"href":"https:\/\/www.causestoujours.be\/wp-json\/wp\/v2\/media?parent=1323"}],"wp:term":[{"taxonomy":"category","embeddable":true,"href":"https:\/\/www.causestoujours.be\/wp-json\/wp\/v2\/categories?post=1323"},{"taxonomy":"post_tag","embeddable":true,"href":"https:\/\/www.causestoujours.be\/wp-json\/wp\/v2\/tags?post=1323"}],"curies":[{"name":"wp","href":"https:\/\/api.w.org\/{rel}","templated":true}]}}