{"id":1510,"date":"2015-10-28T10:50:35","date_gmt":"2015-10-28T10:50:35","guid":{"rendered":"https:\/\/gsara.tv\/causes\/?p=1510"},"modified":"2015-10-29T21:56:47","modified_gmt":"2015-10-29T21:56:47","slug":"kosmos-de-ruben-desiere","status":"publish","type":"post","link":"https:\/\/www.causestoujours.be\/kosmos-de-ruben-desiere\/","title":{"rendered":"Kosmos de Ruben Desiere"},"content":{"rendered":"<p><strong>Gesu, reviens parmi les tiens<\/strong><\/p>\n<p><strong>Laur\u00e9at de la Wild-card 2014 octroy\u00e9e par le VAF (Vlaams Audiovisueel Fonds) , Ruben Desiere signe un premier long m\u00e9trage troublant, o\u00f9 fiction et r\u00e9alit\u00e9 se confondent habilement, apportant ainsi un autre regard sur le c\u00e9l\u00e8bre squat \u00ab\u00a0le Ges\u00f9\u00a0\u00bb.<\/strong><\/p>\n<p>Le Ges\u00f9 \u00e9tait l&rsquo;un des plus grands squats d&rsquo;Europe, install\u00e9 dans un ancien couvent bruxellois. Il abritait jusqu&rsquo;\u00e0 sa fermeture en novembre 2013 pr\u00e8s de 250 personnes de toutes origines; artistes, activistes, sans-papiers&#8230; Ruben Desiere d\u00e9cide d&rsquo;y tourner un film avec certains occupants, bas\u00e9 sur le roman Cosmos de Witold Gombrowicz. Mais la menace d&rsquo;une expulsion prochaine enfle, et la r\u00e9alit\u00e9 rattrape la fiction.<\/p>\n<p><em>Kosmos<\/em> se focalise sur des Roms slovaques, Kevin Mro\u010d et sa famille, qui y vivent depuis trois ans ainsi que sur deux nouveaux arrivants Mi\u017eu Bal\u00e1sz et Rastjo Va\u0148o. Comme dans le livre de l&rsquo;\u00e9crivain polonais, les jeunes hommes d\u00e9couvrent dans le b\u00e2timent un pigeon pendu \u00e0 une patte. Qui a fait cela et pourquoi? Kevin et ses deux comp\u00e8res d\u00e9cident de mener l&rsquo;enqu\u00eate. Le r\u00e9alisateur suit de tr\u00e8s pr\u00e8s ses personnages dans un style qui n&rsquo;est pas sans rappeler l&rsquo;<em>Elephant<\/em> de Vant Sant. L&rsquo;enqu\u00eate, qui n&rsquo;aboutira jamais, est l&rsquo;occasion pour Ruben Desiere de capter des fragments de leur vie quotidienne: la solidarit\u00e9 entre habitants, les chaleureuses soir\u00e9es familiales autour d&rsquo;un verre ou le d\u00e9sarroi du p\u00e8re face \u00e0 l&rsquo;absence de travail et de perspective. Mais l&rsquo;in\u00e9luctable arrive vite, trop vite. L&rsquo;expulsion est imm\u00e9diate, on se presse pour trouver un refuge \u00e0 quelques meubles, on sauve les v\u00eatements chauds pour affronter l&rsquo;hiver. Desiere, lui, est toujours aussi proche de ses personnages mais le dispositif a chang\u00e9, bouscul\u00e9 par l&rsquo;urgence du r\u00e9el. Les forces de l&rsquo;ordre p\u00e9n\u00e8trent dans le lieu signifiant la fin du Ges\u00f9 et \u00e0 la col\u00e8re d\u00e9sesp\u00e9r\u00e9e du p\u00e8re r\u00e9pond le calme du fils.<\/p>\n<p>D\u00e9crivant Cosmos, Gombrowicz disait que c&rsquo;\u00e9tait \u00ab\u00a0un roman sur la formation de la r\u00e9alit\u00e9\u00a0\u00bb. Si la fiction finit par dispara\u00eetre devant le r\u00e9el, Kosmos m\u00eale adroitement ces deux \u00e9l\u00e9ments comme dans cette sc\u00e8ne o\u00f9, apr\u00e8s avoir d\u00e9couvert le cadavre du plus urbain des volatiles, Kevin s&rsquo;interroge: \u00ab\u00a0Pourquoi ont-ils fait \u00e7a? Pourquoi ne nous laissent-ils pas tranquilles ?\u00a0\u00bb<\/p>\n<p><strong>\u00a0L\u00e9o Dupont<\/strong><\/p>\n<p><a href=\"https:\/\/www.cinergie.be\/webzine\/kosmos_de_ruben_desiere\">Publi\u00e9 sur le site Cinergie.be le 10\/02\/2015<\/a><\/p>\n","protected":false},"excerpt":{"rendered":"<p>Laur\u00e9at de la Wild-card 2014 octroy\u00e9e par le VAF (Vlaams Audiovisueel Fonds) , Ruben Desiere signe un premier long m\u00e9trage troublant, o\u00f9 fiction et r\u00e9alit\u00e9 se confondent habilement, apportant ainsi un autre regard sur le c\u00e9l\u00e8bre squat \u00ab\u00a0le Ges\u00f9\u00a0\u00bb<\/p>\n","protected":false},"author":10,"featured_media":1511,"comment_status":"closed","ping_status":"open","sticky":false,"template":"","format":"standard","meta":{"footnotes":""},"categories":[2,147],"tags":[],"class_list":["post-1510","post","type-post","status-publish","format-standard","has-post-thumbnail","hentry","category-dossier","category-filmer-a-tout-prix"],"_links":{"self":[{"href":"https:\/\/www.causestoujours.be\/wp-json\/wp\/v2\/posts\/1510","targetHints":{"allow":["GET"]}}],"collection":[{"href":"https:\/\/www.causestoujours.be\/wp-json\/wp\/v2\/posts"}],"about":[{"href":"https:\/\/www.causestoujours.be\/wp-json\/wp\/v2\/types\/post"}],"author":[{"embeddable":true,"href":"https:\/\/www.causestoujours.be\/wp-json\/wp\/v2\/users\/10"}],"replies":[{"embeddable":true,"href":"https:\/\/www.causestoujours.be\/wp-json\/wp\/v2\/comments?post=1510"}],"version-history":[{"count":6,"href":"https:\/\/www.causestoujours.be\/wp-json\/wp\/v2\/posts\/1510\/revisions"}],"predecessor-version":[{"id":1527,"href":"https:\/\/www.causestoujours.be\/wp-json\/wp\/v2\/posts\/1510\/revisions\/1527"}],"wp:featuredmedia":[{"embeddable":true,"href":"https:\/\/www.causestoujours.be\/wp-json\/wp\/v2\/media\/1511"}],"wp:attachment":[{"href":"https:\/\/www.causestoujours.be\/wp-json\/wp\/v2\/media?parent=1510"}],"wp:term":[{"taxonomy":"category","embeddable":true,"href":"https:\/\/www.causestoujours.be\/wp-json\/wp\/v2\/categories?post=1510"},{"taxonomy":"post_tag","embeddable":true,"href":"https:\/\/www.causestoujours.be\/wp-json\/wp\/v2\/tags?post=1510"}],"curies":[{"name":"wp","href":"https:\/\/api.w.org\/{rel}","templated":true}]}}