{"id":155,"date":"2014-06-12T12:44:39","date_gmt":"2014-06-12T12:44:39","guid":{"rendered":"https:\/\/gsara.tv\/causes\/?p=155"},"modified":"2014-06-13T10:42:32","modified_gmt":"2014-06-13T10:42:32","slug":"e-joussour-information-citoyenne-du-sahara-au-mont-atlas","status":"publish","type":"post","link":"https:\/\/www.causestoujours.be\/e-joussour-information-citoyenne-du-sahara-au-mont-atlas\/","title":{"rendered":"E-joussour : pour une information citoyenne du Sahara au Mont Atlas"},"content":{"rendered":"<p style=\"text-align: left;\"><strong>Compos\u00e9e de six antennes r\u00e9gionales, la webradio <a href=\"www.radio.e-joussour.net\">E-joussour<\/a> est la premi\u00e8re radio associative-communautaire au Maroc. En attendant un acc\u00e8s aux ondes hertziennes qui leur est actuellement interdit, les associations membres de cette radio \u0153uvrent \u00e0 promouvoir sur la toile l\u2019\u00e9ducation aux droits humains, la culture environnementale et altermondialiste. Peu \u00e0 peu E- Joussour devient le symbole d\u2019une soci\u00e9t\u00e9 marocaine en transition, ce qui a intrigu\u00e9 quelques reporters en herbe bruxellois&#8230;<br \/>\n<\/strong><\/p>\n<p style=\"text-align: left;\">\u00ab <em>C\u2019est incroyable. On est enfin diffus\u00e9s sur les ondes<\/em> \u00bb, sourit Younes Abba, responsable d\u2019Action Jeunesse Marrakech, association membre d\u2019 E-joussour. \u00ab <em>Bon, on est sur les ondes<\/em> <em>belges, mais sur les ondes quand m\u00eame<\/em> \u00bb, poursuit-il. Accoud\u00e9 au bar du Riad Sirroco \u00e0 Marrakech o\u00f9 quelques jeunes belges et marocains se sont r\u00e9unis pendant une semaine pour r\u00e9aliser une \u00e9mission, il \u00e9coute le r\u00e9sultat sur Radio Panik diffus\u00e9 pour l\u2019occasion dans tout l\u2019\u00e9tablissement.<\/p>\n<p style=\"text-align: left;\">Quelques semaines plus t\u00f4t, dans le cadre d\u2019un atelier radio du <a href=\"www.gsara.tv\/bruxelles%20\">GSARA Bruxelles<\/a>, Asmae, Zaineb,Gwen, Brahim et Isabelle, jeunes bruxellois passionn\u00e9s par les m\u00e9dias, interviewaient Imane Bounjara, charg\u00e9e du plaidoyer pour la reconnaissance juridique des radio associatives au Maroc. \u00ab <em>Initialement, E-Joussour est le portail de la soci\u00e9t\u00e9 civile dans la r\u00e9gion du Maghreb-Machreb<\/em> \u00bb, leur raconte-t-elle par t\u00e9l\u00e9phone dans les studios de Radio Panik. \u00ab<em>N\u00e9 en 2004, il s\u2019est rapidement d\u00e9velopp\u00e9 pendant le printemps arabe en soutenant les vagues de protestations dans diff\u00e9rentes r\u00e9gions. C\u2019\u00e9tait un excellent moyen de communication pour les associations. Par la suite il a donn\u00e9 naissance \u00e0 une webradio. Il faut savoir que les radios communautaires ne sont pas reconnues au Maroc et n\u2019ont pas acc\u00e8s aux ondes hertziennes. Nous militons pour que cela change. Parce que vu le taux d\u2019analphab\u00e9tisme et la fracture num\u00e9rique au Maroc nous ne toucherons qu\u2019une minorit\u00e9 de gens tant que nous resterons sur le web. D\u2019un autre c\u00f4t\u00e9, nous ne sommes pas limit\u00e9s g\u00e9ographiquement en \u00e9tant diffus\u00e9 en ligne<\/em>\u00bb.<\/p>\n<p style=\"text-align: left;\"><a href=\"https:\/\/gsara.tv\/causes\/wp-content\/uploads\/2014\/06\/10372788_636506533106435_1832535581086442667_n.jpg\"><img loading=\"lazy\" decoding=\"async\" class=\"alignnone size-medium wp-image-174\" src=\"https:\/\/gsara.tv\/causes\/wp-content\/uploads\/2014\/06\/10372788_636506533106435_1832535581086442667_n-300x225.jpg\" alt=\"10372788_636506533106435_1832535581086442667_n\" width=\"300\" height=\"225\" srcset=\"https:\/\/www.causestoujours.be\/wp-content\/uploads\/2014\/06\/10372788_636506533106435_1832535581086442667_n-300x225.jpg 300w, https:\/\/www.causestoujours.be\/wp-content\/uploads\/2014\/06\/10372788_636506533106435_1832535581086442667_n-210x157.jpg 210w, https:\/\/www.causestoujours.be\/wp-content\/uploads\/2014\/06\/10372788_636506533106435_1832535581086442667_n.jpg 960w\" sizes=\"auto, (max-width: 300px) 100vw, 300px\" \/><\/a> <a href=\"https:\/\/gsara.tv\/causes\/wp-content\/uploads\/2014\/06\/10386759_636506496439772_4720129655267108568_n.jpg\"><img loading=\"lazy\" decoding=\"async\" class=\"alignnone wp-image-175 size-medium\" src=\"https:\/\/gsara.tv\/causes\/wp-content\/uploads\/2014\/06\/10386759_636506496439772_4720129655267108568_n-300x225.jpg\" alt=\"10386759_636506496439772_4720129655267108568_n\" width=\"300\" height=\"225\" srcset=\"https:\/\/www.causestoujours.be\/wp-content\/uploads\/2014\/06\/10386759_636506496439772_4720129655267108568_n-300x225.jpg 300w, https:\/\/www.causestoujours.be\/wp-content\/uploads\/2014\/06\/10386759_636506496439772_4720129655267108568_n-210x157.jpg 210w, https:\/\/www.causestoujours.be\/wp-content\/uploads\/2014\/06\/10386759_636506496439772_4720129655267108568_n.jpg 960w\" sizes=\"auto, (max-width: 300px) 100vw, 300px\" \/><\/a><\/p>\n<p style=\"text-align: left;\">Le fonctionnement de la webradio est simple. \u00ab <em>Chaque antenne r\u00e9gionale est anim\u00e9e par<\/em><br \/>\n<em>une ou plusieurs associations issues de la soci\u00e9t\u00e9 civile marocaine<\/em> \u00bb, explique Imane Bounjara. \u00ab <em>Elles alimentent la grille des programmes avec des \u00e9missions sur des<\/em> <em>th\u00e8mes qui concernent leur champ d\u2019action. Cela peut aller de la sensibilisation aux<\/em> <em>droits des personnes handicap\u00e9es \u00e0 l\u2019\u00e9ducation \u00e0 l\u2019environnement en passant par la<\/em> <em>promotion de l\u2019\u00e9galit\u00e9 homme-femme<\/em> \u00bb. Et lorsqu\u2019on lui demande la nature des rapports qu\u2019elle entretient avec les m\u00e9dias traditionnels au Maroc, elle affirme qu\u2019ils sont tr\u00e8s positifs. \u00ab <em>Aujourd\u2019hui tout le monde s\u2019accorde \u00e0 dire qu\u2019il faut une ouverture du<\/em> <em>paysage audiovisuel marocain. Notre plaidoyer a m\u00eame \u00e9t\u00e9 appuy\u00e9 par l\u2019association<\/em> <em>des radios commerciales. Il faut que la loi change afin de garantir la libert\u00e9<\/em> <em>d\u2019expression des citoyens<\/em> \u00bb.<\/p>\n<p style=\"text-align: left;\">Malgr\u00e9 un financement de l\u2019Union europ\u00e9enne dans le cadre du programme \u00ab M\u00e9dias communautaires : pour une information citoyenne \u00bb, les \u00e9missions d\u2019 E-joussour se font encore avec des bouts de ficelle. Une petite table de mixage, quelques micros et un ordinateur suffisent \u00e0 enregistrer des t\u00e9moignages ou \u00e0 raconter l\u2019actualit\u00e9 de la soci\u00e9t\u00e9 civile. Les jeunes bruxellois ont quant \u00e0 eux apport\u00e9 quelques enregistreurs dans leurs bagages. Le temps de mettre le mat\u00e9riel en commun, le travail de terrain peut commencer. Au terme d\u2019une semaine de rencontres, d\u2019\u00e9changes et de dur labeur, l\u2019\u00e9mission est mise en bo\u00eete et envoy\u00e9e \u00e0 Radio Panik. Elle sera diffus\u00e9e simultan\u00e9ment sur la radio bruxelloise et sur E-joussour, rapprochant un peu plus gr\u00e2ce aux ondes les deux pays et provoquant une fiert\u00e9 difficile \u00e0 cacher sur les visages des participants.<\/p>\n<p style=\"text-align: left;\">L\u2019occasion est trop belle et le projet est tellement fort qu\u2019\u00e0 peine le temps de dire \u00ab Yallah \u00bb, nos cinq bruxellois s\u2019envolent pour Marrakech, pr\u00eats \u00e0 bosser dur pendant une semaine pour r\u00e9aliser une \u00e9mission en partenariat avec une dizaine de jeunes membres de la webradio, le tout encadr\u00e9 par l\u2019\u00e9quipe du GSARA Bruxelles. R\u00e9unis dans un Riad un peu \u00e0 l\u2019\u00e9cart de Marrakech, les quinze jeunes participants d\u00e9cident de se pencher sur la discrimination au Maroc. Celle subie par les jeunes trop souvent oubli\u00e9s par le monde politique. Celle subie par les femmes, victimes de viols ou totalement ignor\u00e9es dans les questions d\u2019h\u00e9ritages familiaux. Et enfin celle subie par les diff\u00e9rentes ethnies qui doivent faire face au racisme ambiant.<\/p>\n<p style=\"text-align: left;\">\u00ab <em>En rencontrant les jeunes d&rsquo; E-joussour je suis tomb\u00e9e du haut de mon confort<\/em> <em>occidental \u00bb, t\u00e9moigne Asmae, bruxelloise de 22 ans. \u00ab Constater les ambitions qu&rsquo;ils ont<\/em> <em>avec aussi peu de moyens techniques m&rsquo;a permis de me remettre en question quant<\/em> <em>\u00e0 des projets men\u00e9s ici en Belgique dans une d\u00e9mocratie dont r\u00eavent les jeunes que<\/em> <em>l&rsquo;on a rencontr\u00e9s. Ils ont des comp\u00e9tences qui ne demandent pas mieux que d&rsquo;\u00eatre<\/em> <em>exploit\u00e9es et ils participent aux changements de la soci\u00e9t\u00e9 du mieux qu&rsquo;ils peuvent \u00bb.<\/em> <em>Pour Zaineb, 20 ans, travailler avec la webradio a chang\u00e9 sa vision du Maroc. \u00ab Alors que j\u2019ai des origines marocaines je n&rsquo;avais aucune id\u00e9e de cette r\u00e9alit\u00e9. Quand on rentre<\/em> <em>au pays durant quelques jours on regarde la cha\u00eene 2M et on ne se pr\u00e9occupe pas<\/em> <em>vraiment des probl\u00e8mes de soci\u00e9t\u00e9 qui y r\u00e8gnent. Travailler avec E-Joussour et le<\/em> <em>GSARA \u00e9tait une tr\u00e8s bonne exp\u00e9rience. J\u2019ai pu me rendre compte de la situation des<\/em> <em>m\u00e9dias l\u00e0-bas. J\u2019ignorais qu\u2019ils y \u00e9taient encore tr\u00e8s cadenass\u00e9s et contr\u00f4l\u00e9s !<\/em> \u00bb.<\/p>\n<p style=\"text-align: left;\">Pour aller plus loin :<br \/>\n<a href=\"www.radio.e-joussour.net\">www.radio.e-joussour.net<\/a><br \/>\nRetrouvez l\u2019\u00e9mission r\u00e9alis\u00e9e \u00e0 Marrakech ainsi que l\u2019interview compl\u00e8te d\u2019Imane Bounjara sur :<br \/>\n<a href=\"www.gsara.tv\/bruxelles%20\">www.gsara.tv\/bruxelles <\/a>(<a href=\"https:\/\/gsara.tv\/~bruxelles\/?audio=soiree\">atelier Reporters Tout Terrain<\/a>).<\/p>\n<p style=\"text-align: left;\"><strong>Thibault Coeckelberghs et les Reporters Tout Terrain<\/strong><\/p>\n<p style=\"text-align: left;\">\n","protected":false},"excerpt":{"rendered":"<p>Compos\u00e9e de six antennes r\u00e9gionales, la webradio E-joussour est la premi\u00e8re radio associative-communautaire au Maroc. En attendant un acc\u00e8s aux ondes hertziennes qui leur est actuellement interdit, les associations membres de cette radio \u0153uvrent \u00e0 promouvoir sur la toile l\u2019\u00e9ducation<\/p>\n","protected":false},"author":10,"featured_media":172,"comment_status":"open","ping_status":"open","sticky":false,"template":"","format":"standard","meta":{"footnotes":""},"categories":[4],"tags":[],"class_list":["post-155","post","type-post","status-publish","format-standard","has-post-thumbnail","hentry","category-creation-sonore"],"_links":{"self":[{"href":"https:\/\/www.causestoujours.be\/wp-json\/wp\/v2\/posts\/155","targetHints":{"allow":["GET"]}}],"collection":[{"href":"https:\/\/www.causestoujours.be\/wp-json\/wp\/v2\/posts"}],"about":[{"href":"https:\/\/www.causestoujours.be\/wp-json\/wp\/v2\/types\/post"}],"author":[{"embeddable":true,"href":"https:\/\/www.causestoujours.be\/wp-json\/wp\/v2\/users\/10"}],"replies":[{"embeddable":true,"href":"https:\/\/www.causestoujours.be\/wp-json\/wp\/v2\/comments?post=155"}],"version-history":[{"count":12,"href":"https:\/\/www.causestoujours.be\/wp-json\/wp\/v2\/posts\/155\/revisions"}],"predecessor-version":[{"id":220,"href":"https:\/\/www.causestoujours.be\/wp-json\/wp\/v2\/posts\/155\/revisions\/220"}],"wp:featuredmedia":[{"embeddable":true,"href":"https:\/\/www.causestoujours.be\/wp-json\/wp\/v2\/media\/172"}],"wp:attachment":[{"href":"https:\/\/www.causestoujours.be\/wp-json\/wp\/v2\/media?parent=155"}],"wp:term":[{"taxonomy":"category","embeddable":true,"href":"https:\/\/www.causestoujours.be\/wp-json\/wp\/v2\/categories?post=155"},{"taxonomy":"post_tag","embeddable":true,"href":"https:\/\/www.causestoujours.be\/wp-json\/wp\/v2\/tags?post=155"}],"curies":[{"name":"wp","href":"https:\/\/api.w.org\/{rel}","templated":true}]}}