{"id":1668,"date":"2015-12-17T18:33:58","date_gmt":"2015-12-17T18:33:58","guid":{"rendered":"https:\/\/gsara.tv\/causes\/?p=1668"},"modified":"2016-01-25T13:53:13","modified_gmt":"2016-01-25T13:53:13","slug":"viva-for-life-a-t-raison-detre","status":"publish","type":"post","link":"https:\/\/www.causestoujours.be\/viva-for-life-a-t-raison-detre\/","title":{"rendered":"\u00ab Viva for Life \u00bb a-t-elle une raison d\u2019\u00eatre ?"},"content":{"rendered":"<h2><em><strong>Carte blanche d&rsquo;une stagiaire au sein de l&rsquo;\u00e9mission<\/strong><\/em><strong> Viva For Life.<br \/>\n<\/strong><\/h2>\n<p>En tant qu\u2019\u00e9tudiante en communication, j\u2019ai eu l\u2019occasion d\u2019effectuer trois stages dans les m\u00e9dias, les deux premiers en tant que journaliste. Ensuite est venu le choix difficile du troisi\u00e8me et dernier stage. Celui \u00ab\u00a0qui met bien la pression\u00a0\u00bb car il est consid\u00e9r\u00e9 comme un potentiel tremplin pour acc\u00e9der \u00e0 notre futur m\u00e9tier. J\u2019avais donc envie de d\u00e9nicher un stage qui me convenait et qui me plaisait. Je cherchais quelque chose s\u2019apparentant \u00e0 du documentaire ou \u00e0 du journalisme d\u2019investigation en audiovisuel. Je voulais quelque chose de fin, d\u2019humain, qui prend le temps de d\u00e9couvrir, de rassembler et puis de transmettre au public, en essayant d\u2019\u00eatre le plus fid\u00e8le \u00e0 la r\u00e9alit\u00e9 du sujet trait\u00e9. C\u2019est alors qu\u2019on m\u2019a parl\u00e9 du projet <em>Viva for Life<\/em>. Malgr\u00e9 le fait que je trouvais le concept profond\u00e9ment d\u00e9rangeant, j\u2019admets m\u2019\u00eatre laiss\u00e9 s\u00e9duire par la proposition que l\u2019on me faisait, de pouvoir prendre part \u00e0 la premi\u00e8re \u00e9dition d\u2019une op\u00e9ration de cette ampleur et en plus au sein de la RTBF, m\u00e9dia de taille en Belgique.<\/p>\n<p>Le stage a commenc\u00e9 et j\u2019ai donc d\u00e9couvert lentement comment s\u2019organisait une telle op\u00e9ration m\u00e9diatique. C\u2019\u00e9tait fascinant de voir autant de gens r\u00e9unis, chacun ayant une mission bien pr\u00e9cise et chacune de ces missions menant vers la r\u00e9alisation, petit \u00e0 petit, du produit fini. Il y avait constamment des r\u00e9unions \u00ab toutes cellules confondues \u00bb durant lesquelles les personnes r\u00e9unies autour de la table proposaient leurs id\u00e9es, quels artistes ils pensaient inviter, quels types de d\u00e9fis pouvaient \u00eatre r\u00e9alis\u00e9s et quels objets pouvaient \u00eatre mis aux ench\u00e8res. Ebahie, je d\u00e9couvrais petit \u00e0 petit que la place accord\u00e9e \u00e0 la pr\u00e9carit\u00e9 \u00e9tait moindre, mais que les vraies stars sous les projecteurs \u00e9taient les trois animateurs qui seraient enferm\u00e9s dans le studio de verre. Il fallait tout savoir d\u2019eux, faire des interviews d\u2019eux expliquant pourquoi ils acceptaient de participer \u00e0 l\u2019op\u00e9ration, filmer leurs adieux d\u00e9chirants \u00e0 leur famille \u00e0 l\u2019entr\u00e9e du studio de verre, imaginer le sc\u00e9nario d\u2019une fouille de leurs valises au cours de laquelle un huissier y d\u00e9couvrirait de la nourriture solide \u00ab dissimul\u00e9e \u00bb\u2026 Bref, l\u2019\u00e9nergie des r\u00e9unions me semblait \u00eatre enti\u00e8rement d\u00e9vou\u00e9e \u00e0 la mise sur pied d\u2019\u00e9l\u00e9ments divertissants.<\/p>\n<p>Une fois mon stage termin\u00e9, restant \u00e9tonn\u00e9e de m\u2019\u00eatre sentie seule concern\u00e9e par le manque d\u2019analyse et de dimension \u00e9ducative octroy\u00e9es au sujet principal de l\u2019op\u00e9ration : la pr\u00e9carit\u00e9 infantile en Belgique francophone, je me suis demand\u00e9 si c\u2019\u00e9tait moi qui faisait fausse route ou s\u2019il s\u2019agissait d\u2019un manquement de la RTBF, cha\u00eene publique francophone nationale. J\u2019ai donc cherch\u00e9 \u00e0 en savoir plus sur la mission de cha\u00eene publique.<\/p>\n<p>Pour ce faire, j\u2019ai commenc\u00e9 par analyser des documents desquels proviennent une d\u00e9finition de ce qui constitue la mission de cha\u00eene publique : le \u00ab Contrat de gestion de la RTBF (2013-2017) \u00bb ainsi que la \u00ab Charte de l\u2019identit\u00e9 et des valeurs de la RTBF \u00bb et enfin, le \u00ab R\u00e8glement d\u2019ordre int\u00e9rieur relatif au traitement de l\u2019information et \u00e0 la d\u00e9ontologie du personnel \u00bb de la RTBF, tous accessibles sur internet. Ensuite, j\u2019ai analys\u00e9 le contenu communicationnel qu\u2019a produit <em>Viva for Life<\/em> via chacun des m\u00e9dias utilis\u00e9s par l\u2019op\u00e9ration : la radio, la t\u00e9l\u00e9vision, internet (site internet, r\u00e9seaux sociaux, newsletter, \u00e9mission quotidienne) et divis\u00e9 ce contenu en plusieurs cat\u00e9gories \u00e9labor\u00e9es par moi-m\u00eame et ma propre sensibilit\u00e9 (communication portant sur les artistes, communication portant sur les trois animateurs du studio de verre, communication portant sur la pr\u00e9carit\u00e9 en Belgique francophone, etc.).<\/p>\n<p>Une fois arriv\u00e9e au bout de cette longue analyse, il m\u2019a sembl\u00e9 clair que la mission de cha\u00eene publique, telle que le d\u00e9finit la RTBF elle-m\u00eame au sein des documents cit\u00e9s plus haut, n\u2019est pas suffisamment pr\u00e9sente au sein de <em>Viva for Life<\/em>.<\/p>\n<p>Par exemple, la RTBF consid\u00e8re que l\u2019\u00e9ducation est un \u00e9l\u00e9ment important de son r\u00f4le de cha\u00eene publique : \u00ab La RTBF consid\u00e8re que l\u2019\u00e9ducation, dans un monde o\u00f9 les rep\u00e8res fluctuent sans cesse, est un des moyens de le d\u00e9coder et que l\u2019acc\u00e8s \u00e0 la connaissance, \u00e0 la compr\u00e9hension des enjeux et \u00e0 leur \u00e9valuation avec un regard critique participe \u00e0 son r\u00f4le de service public<sup><a id=\"ref1\" href=\"#fn1\">1<\/a><\/sup> \u00bb.<\/p>\n<p>Or, l\u2019op\u00e9ration <em>Viva for Life<\/em>, qui est une op\u00e9ration de r\u00e9colte de fonds destin\u00e9e \u00e0 financer des associations venant en aide \u00e0 la pauvret\u00e9 infantile en Belgique francophone, n\u2019aborde que tr\u00e8s peu la probl\u00e9matique au centre de sa raison d\u2019\u00eatre. Selon mon analyse d\u00e9taill\u00e9e du contenu, lors de sa premi\u00e8re \u00e9dition, l\u2019op\u00e9ration n\u2019a octroy\u00e9 que 5,3% de son contenu \u00e0 aborder la pr\u00e9carit\u00e9 infantile en Belgique francophone. Plus de 80% du contenu communiquait \u00e0 propos des artistes pr\u00e9sents, \u00e0 propos du v\u00e9cu des 3 animateurs du studio de verre, \u00e0 propos des ench\u00e8res, d\u00e9fis et actions mis sur pied ou encore \u00e0 propos de th\u00e8mes divers s\u2019apparentant \u00e0 du divertissement et \u00e0 de l\u2019\u00e9motion.<\/p>\n<p>Il me semble pourtant difficile de concevoir que l\u2019on puisse aborder la probl\u00e9matique qui est cens\u00e9e \u00eatre au c\u0153ur de l\u2019op\u00e9ration sans s\u2019attarder \u00e0 essayer de la comprendre, de l\u2019expliquer. D\u2019autant plus quand la RTBF se d\u00e9finit \u00e9galement comme telle : \u00ab La RTBF se veut encore ind\u00e9pendante sur le plan \u00e9ditorial et op\u00e9rationnel, investiguant, sondant, fouillant les sujets et th\u00e9matiques au c\u0153ur du public, r\u00e9agissant et analysant avec curiosit\u00e9, intelligence et rigueur, agissant libre de toute influence politique, commerciale ou autre, posant ses choix uniquement dans l\u2019int\u00e9r\u00eat du public, libre de contester la supr\u00e9matie du plus fort, de remettre en cause les id\u00e9ologies dominantes et de contribuer \u00e0 former des citoyens avertis, en faisant preuve d\u2019autonomie \u00e0 tous les niveaux de sa mission, notamment la programmation, la prise de d\u00e9cisions \u00e9ditoriales et les questions de personnel<sup><a id=\"ref2\" href=\"#fn2\">2<\/a><\/sup> \u00bb.<\/p>\n<p>Ou encore comme ceci : \u00ab La RTBF estime aussi que le divertissement, qui est au c\u0153ur de nos cultures, de notre vie quotidienne, et qui est source d\u2019\u00e9panouissement et de partage d\u2019\u00e9motions dans les moments forts, doit \u00eatre stimulateur et r\u00e9v\u00e9lateur de talents, et animer sa fiert\u00e9 de cr\u00e9er<sup><a id=\"ref3\" href=\"#fn3\">3<\/a><\/sup> \u00bb.<\/p>\n<p>L\u2019op\u00e9ration <em>Viva for Life<\/em> permet-elle de mettre en lumi\u00e8re un probl\u00e8me soci\u00e9tal ? Est-elle r\u00e9ellement construite sur un axe \u00e9ducatif ? Permet-elle \u00e0 son public de comprendre les enjeux et ce, avec un regard critique ? En tant que programme de divertissement, se r\u00e9v\u00e8le-t-elle stimulante et r\u00e9v\u00e9latrice de talents ? Fournit-elle \u00e0 son public les cl\u00e9s lui permettant de remettre en cause les id\u00e9ologies dominantes ? Quelle est au fond la raison d&rsquo;\u00eatre de Viva for Life ?<\/p>\n<p><strong>Une stagiaire au sein de <em>Viva for Life<\/em><\/strong><\/p>\n<p><sup id=\"fn1\">1. [Source: Contrat de gestion de la Rtbf 2014-2017, p.3, https:\/\/csa.be]<\/sup><\/p>\n<p><sup id=\"fn2\">2. [Source: Contrat de gestion de la Rtbf 2014-2017, p.3-4, https:\/\/csa.be]<\/sup><\/p>\n<p><sup id=\"fn3\">3. [Source: Contrat de gestion de la Rtbf 2014-2017, p.3-4, https:\/\/csa.be]<\/sup><\/p>\n","protected":false},"excerpt":{"rendered":"<p>Carte blanche d&rsquo;une stagiaire au sein de l&rsquo;\u00e9mission <i>Viva For Life<\/i> <\/p>\n","protected":false},"author":10,"featured_media":1702,"comment_status":"closed","ping_status":"open","sticky":false,"template":"","format":"standard","meta":{"footnotes":""},"categories":[2,149],"tags":[153,152,151,21,150],"class_list":["post-1668","post","type-post","status-publish","format-standard","has-post-thumbnail","hentry","category-dossier","category-le-don-remis-en-causes","tag-charite","tag-dons","tag-pauvrete-infantile","tag-rtbf","tag-viva-for-life"],"_links":{"self":[{"href":"https:\/\/www.causestoujours.be\/wp-json\/wp\/v2\/posts\/1668","targetHints":{"allow":["GET"]}}],"collection":[{"href":"https:\/\/www.causestoujours.be\/wp-json\/wp\/v2\/posts"}],"about":[{"href":"https:\/\/www.causestoujours.be\/wp-json\/wp\/v2\/types\/post"}],"author":[{"embeddable":true,"href":"https:\/\/www.causestoujours.be\/wp-json\/wp\/v2\/users\/10"}],"replies":[{"embeddable":true,"href":"https:\/\/www.causestoujours.be\/wp-json\/wp\/v2\/comments?post=1668"}],"version-history":[{"count":15,"href":"https:\/\/www.causestoujours.be\/wp-json\/wp\/v2\/posts\/1668\/revisions"}],"predecessor-version":[{"id":1779,"href":"https:\/\/www.causestoujours.be\/wp-json\/wp\/v2\/posts\/1668\/revisions\/1779"}],"wp:featuredmedia":[{"embeddable":true,"href":"https:\/\/www.causestoujours.be\/wp-json\/wp\/v2\/media\/1702"}],"wp:attachment":[{"href":"https:\/\/www.causestoujours.be\/wp-json\/wp\/v2\/media?parent=1668"}],"wp:term":[{"taxonomy":"category","embeddable":true,"href":"https:\/\/www.causestoujours.be\/wp-json\/wp\/v2\/categories?post=1668"},{"taxonomy":"post_tag","embeddable":true,"href":"https:\/\/www.causestoujours.be\/wp-json\/wp\/v2\/tags?post=1668"}],"curies":[{"name":"wp","href":"https:\/\/api.w.org\/{rel}","templated":true}]}}