{"id":1687,"date":"2015-12-17T18:35:58","date_gmt":"2015-12-17T18:35:58","guid":{"rendered":"https:\/\/gsara.tv\/causes\/?p=1687"},"modified":"2016-01-12T14:01:20","modified_gmt":"2016-01-12T14:01:20","slug":"si-letat-nest-plus-considere-comme-lunique-depositaire-de-linteret-general-%e2%80%a8est-ce-que-cest-grave-2","status":"publish","type":"post","link":"https:\/\/www.causestoujours.be\/si-letat-nest-plus-considere-comme-lunique-depositaire-de-linteret-general-%e2%80%a8est-ce-que-cest-grave-2\/","title":{"rendered":"\u00ab Si l\u2019\u00c9tat n\u2019est plus consid\u00e9r\u00e9 comme l\u2019unique d\u00e9positaire de l\u2019int\u00e9r\u00eat g\u00e9n\u00e9ral, \u2028est-ce que c&rsquo;est grave\u00a0?\u00a0\u00bb"},"content":{"rendered":"<p><strong>\u00c9clairage sur le don et les formes de r\u00e9appropriation collective de la notion d&rsquo;int\u00e9r\u00eat g\u00e9n\u00e9ral par Virginie Xhauflair, charg\u00e9e de cours \u00e0 HEC \u00c9cole de Gestion de l\u2019Universit\u00e9 de Li\u00e8ge et titulaire de la Chaire Baillet Latour en Philanthropie et Investissement social.<\/strong><\/p>\n<p><em><strong>Les Belges sont-ils g\u00e9n\u00e9reux ? La philanthropie conna\u00eet-elle la crise\u00a0? \u00a0<\/strong><\/em><\/p>\n<p>En Belgique \u00e0 ce stade, nous avons peu de recherches exhaustives sur le don. La Chaire Baillet Latour en \u00ab Philanthropie\u00a0et Investissement social \u00bb dont j&rsquo;ai la charge, a \u00e9t\u00e9 fond\u00e9e en octobre 2012, elle est donc relativement jeune. Nous pouvons toutefois dresser un portait plus global sur la g\u00e9n\u00e9rosit\u00e9 des Belges \u00e0 partir des quelques donn\u00e9es disponibles. La crise de 2008 a d&rsquo;abord eu un impact n\u00e9gatif sur les dons en 2009 mais elle n&rsquo;a pas entam\u00e9 la g\u00e9n\u00e9rosit\u00e9 de la population belge. En 2011, la Fondation Roi Baudouin et le groupe de r\u00e9flexion Itinera ont lanc\u00e9 le barom\u00e8tre de la philanthropie (bas\u00e9 sur des donn\u00e9es subjectives) et l\u2019indice de la philanthropie (bas\u00e9 sur des donn\u00e9es objectives). <a href=\"https:\/\/www.kbs-frb.be\/fr\/Newsroom\/Press-releases\/2014\/311044\">L\u2019enqu\u00eate<\/a> r\u00e9alis\u00e9e aupr\u00e8s de 1.000 Belges nous apprend que nous sommes pr\u00eats \u00e0 donner plus qu\u2019il y a deux ans. Autres conclusions de l&rsquo;enqu\u00eate\u00a0: 50\u00a0% des Belges donnent occasionnellement, 26\u00a0%\u00a0 seulement donnent de mani\u00e8re r\u00e9guli\u00e8re\u00a0; 50\u00a0% des personnes interrog\u00e9es consid\u00e8rent la philanthropie comme importante pour le bien-\u00eatre de la soci\u00e9t\u00e9 et 25\u00a0% comme essentielle. En haut de la liste du Belge figurent sant\u00e9 et recherche m\u00e9dicale (39%). Suivent l\u2019aide aux moins favoris\u00e9s (21%), les actions humanitaires (18%) et l\u2019acc\u00e8s \u00e0 un enseignement de qualit\u00e9 pour tous (11%). La protection de l\u2019environnement et le d\u00e9veloppement durable figurent en cinqui\u00e8me place (6%).<\/p>\n<p>Comme l&rsquo;a d\u00e9montr\u00e9 l\u2019<a href=\"https:\/\/www.iddweb.eu\/\">Institut pour un d\u00e9veloppement durable<\/a> qui s&rsquo;est aussi pench\u00e9 sur l\u2019\u00e9volution des lib\u00e9ralit\u00e9s (le fait que chaque don d\u2019au moins 40 euros \u00e0 une association peut \u00eatre fiscalement d\u00e9ductible \u00e0 hauteur de 45\u00a0%), les m\u00e9nages belges donnent de plus en plus mais le montant moyen diminue.<\/p>\n<p>Si on regarde du c\u00f4t\u00e9 du financement des associations, <a href=\"https:\/\/donorinfo.be\/fr\">Donorinfo<\/a> est une initiative tr\u00e8s int\u00e9ressante. Il s&rsquo;agit d&rsquo;une plateforme d&rsquo;information gratuite qui encourage le don en cherchant \u00e0 renforcer la confiance des donateurs\u00a0: elle audite et publie les comptes de plus de 200 organisations philanthropiques belges. Ce n&rsquo;est pas rien. En moyenne, plus de 50\u00a0% des ressources des organisations philanthropiques sont d&rsquo;origine priv\u00e9e. C&rsquo;est \u00e9norme\u00a0!<\/p>\n<p><em><strong>Au vu de l&rsquo;\u00e9volution de la philanthropie que vous venez de dresser, l\u2019\u00c9tat n\u2019est donc pas consid\u00e9r\u00e9 comme l\u2019unique d\u00e9positaire de l\u2019int\u00e9r\u00eat g\u00e9n\u00e9ral. Doit-on redouter un glissement progressif vers un mod\u00e8le de charit\u00e9 \u00ab \u00e0 l\u2019am\u00e9ricaine \u00bb\u00a0 ?<\/strong><\/em><\/p>\n<p>Je ne crois pas. L&rsquo;Europe, et la Belgique en particulier, ne partage pas les m\u00eames valeurs, le m\u00eame rapport \u00e0 l\u2019\u00c9tat, \u00e0 la religion que les \u00c9tats-Unis. Personne n&rsquo;a jamais \u00e9crit ici un <a href=\"https:\/\/www.carnegie.ch\/fr\/documents\/Story_f.PDF\">Evangile de la richesse<\/a>. Or cela a fortement marqu\u00e9 les grands entrepreneurs et grands industriels am\u00e9ricains dont Warren Buffett, Bill Gates, Mark Zuckerberg, &#8230; sont les h\u00e9ritiers. Par contre, j\u2019observe qu&rsquo;il y a en Europe des emprunts manifestes aux pratiques am\u00e9ricaines. Ces emprunts m\u00e8nent \u00e0 la construction de formes hybrides, qui s\u2019appuient \u00e0 la fois sur notre culture et nos besoins sp\u00e9cifiques, et \u00e0 la fois sur des valeurs anglo-saxonnes. Ces formes sont \u00e0 ce jour plut\u00f4t partenariales, associant acteurs priv\u00e9s, acteurs publics et acteurs associatifs. Y compris dans la gouvernance.<\/p>\n<p>Ces formes nouvelles sont souvent qualifi\u00e9es de <em>venture philanthropy<\/em>, c\u2019est-\u00e0-dire une philanthropie pens\u00e9e non comme un don mais comme un investissement, parce qu&rsquo;elle va chercher \u00e0 produire un impact, un retour social sur investissement.<\/p>\n<p>Le <em>return<\/em> n&rsquo;est pas n\u00e9cessairement financier mais social ou soci\u00e9tal. C&rsquo;est une philanthropie qui veut s&rsquo;assurer de son efficience. L\u2019entrepreneur social doit d\u00e9montrer qu&rsquo;il va produire un changement.<\/p>\n<p><strong><em>Un exemple\u00a0?<\/em><\/strong><\/p>\n<p>Par exemple, le Social Impact Bond est un bel outil de <em>venture philanthropy<\/em>. Le premier de ces Social Impact Bond a \u00e9t\u00e9 le Peterborough Social Impact Bond: lanc\u00e9 en 2010, pour une dur\u00e9e de 7 ans et un co\u00fbt de 5 millions de livres, il visait \u00e0 faciliter la r\u00e9insertion et diminuer la r\u00e9cidive de 3.000 prisonniers condamn\u00e9s \u00e0 de courtes peines. Avec un objectif pr\u00e9cis: faire baisser \u00e0 moins de 7,5% le taux de r\u00e9cidive dans l&rsquo;ann\u00e9e suivant la remise en libert\u00e9, gr\u00e2ce \u00e0 une m\u00e9thodologie innovante d&rsquo;accompagnement propos\u00e9e par une association. C&rsquo;est le fruit d&rsquo;un partenariat entre 3 parties\u00a0: des investisseurs sociaux priv\u00e9s, les autorit\u00e9s publiques locales et l&rsquo;association. Le deal \u00e9tait le suivant : les investisseurs priv\u00e9s prenaient les risques et finan\u00e7aient \u00e0 grande \u00e9chelle l&rsquo;action de l&rsquo;association et si l&rsquo;action faisait ses preuves en mati\u00e8re de r\u00e9duction de taux de r\u00e9cidive et de co\u00fbts pour la collectivit\u00e9, l\u2019\u00c9tat les remboursait. M\u00eame, si les r\u00e9sultats d\u00e9passaient certains niveaux, l\u2019\u00c9tat versait un dividende. Cela est suppos\u00e9 co\u00fbter moins cher \u00e0 l\u2019\u00c9tat. Un deal avec a priori z\u00e9ro risque pour l&rsquo;Etat qui ne paye que si \u00e7a marche\u2026 C&rsquo;est innovant, int\u00e9ressant mais interpellant !<\/p>\n<p>Le premier Social Impact Bond existe en Belgique dans le domaine de l&rsquo;insertion socioprofessionnelle des Primo-arrivants. En partenariat avec Actiris, l&rsquo;association <a href=\"https:\/\/www.duoforajob.be\/\">Duo For a Job<\/a> propose un mentoring des Primo-arrivants par des b\u00e9n\u00e9voles retrait\u00e9s qui ont une exp\u00e9rience dans le monde des affaires. Ici, les investisseurs sociaux se positionnent en philanthropes cherchant en priorit\u00e9 \u00e0 cr\u00e9er un impact social et \u00e0 voir leur investissement rembours\u00e9 de mani\u00e8re \u00e0 pouvoir soutenir d\u2019autres projets d\u2019int\u00e9r\u00eat g\u00e9n\u00e9ral. L&rsquo;efficacit\u00e9 est \u00e9valu\u00e9e par un \u00e9valuateur ind\u00e9pendant, le partenaire public remboursant l&rsquo;investisseur seulement si le programme atteint les seuils de r\u00e9ussite pr\u00e9d\u00e9finis par le partenaire public.<\/p>\n<p>Nous sommes donc en Europe sur des formes accultur\u00e9es par rapport \u00e0 nos valeurs, \u00e0 nos besoins et par rapport \u00e0 ce qu&rsquo;il est possible de mettre en \u0153uvre chez nous d\u2019un point de vue institutionnel.<\/p>\n<p><strong><em>Et le r\u00f4le de l\u2019\u00c9tat alors\u00a0?<\/em><\/strong><\/p>\n<p>Si l\u2019\u00c9tat n\u2019est plus consid\u00e9r\u00e9 comme l\u2019unique d\u00e9positaire de l\u2019int\u00e9r\u00eat g\u00e9n\u00e9ral, est-ce que c&rsquo;est grave\u00a0? Doit-on le redouter ? Chacun prend aujourd&rsquo;hui conscience de sa part de responsabilit\u00e9 et de son impact individuel par rapport \u00e0 l&rsquo;int\u00e9r\u00eat g\u00e9n\u00e9ral. Au-del\u00e0 de l&rsquo;imp\u00f4t, il y a une forme de r\u00e9appropriation collective de la notion d&rsquo;int\u00e9r\u00eat g\u00e9n\u00e9ral. Et puis l\u2019\u00c9tat est-il encore le p\u00e9rim\u00e8tre pertinent aujourd&rsquo;hui pour assurer la pr\u00e9servation de l&rsquo;int\u00e9r\u00eat g\u00e9n\u00e9ral\u00a0? Nous assistons \u00e0 des dynamiques de recomposition, qui vont tant\u00f4t vers le local, tant\u00f4t davantage vers le global. Je suis personnellement convaincue que l\u2019\u00c9tat doit garder des pr\u00e9rogatives en mati\u00e8re de redistribution des richesses, mais il est important de se demander pourquoi l\u2019\u00c9tat est-il aujourd&rsquo;hui d\u00e9l\u00e9gitim\u00e9 ? Nos autorit\u00e9s doivent aussi se remettre en question. Nous devons aujourd&rsquo;hui requestionner la notion de solidarit\u00e9, d&rsquo;int\u00e9r\u00eat g\u00e9n\u00e9ral mais aussi de collectif. Ces notions ne se d\u00e9finissent et ne se construisent plus du tout de la m\u00eame mani\u00e8re qu&rsquo;auparavant. Les groupes sociaux, les collectifs, les appartenances sont des notions beaucoup plus complexes qu&rsquo;hier. Je ne crois pas que la question doit \u00eatre pos\u00e9e en termes de solidarit\u00e9 versus charit\u00e9, de mod\u00e8le \u00e0 l&rsquo;europ\u00e9enne versus mod\u00e8le \u00e0 l&rsquo;am\u00e9ricaine. Que signifie encore l&rsquo;\u00c9tat pour la plus jeune g\u00e9n\u00e9ration qui est n\u00e9e dans l&rsquo;Union europ\u00e9enne, dans un monde global. L\u2019int\u00e9r\u00eat g\u00e9n\u00e9ral, c&rsquo;est quoi\u00a0? De quel groupe, de quel collectif\u00a0parle-t-on ? Nous ne pouvons plus penser avec les m\u00eames cadres et les m\u00eames cat\u00e9gories sur base desquels notre syst\u00e8me actuel s&rsquo;est construit, ils ne correspondent plus \u00e0 la r\u00e9alit\u00e9 d&rsquo;une part croissante de la population, y compris chez nous.<\/p>\n<p><em><strong>Si nous sommes dans des formes hybrides, pr\u00e9sentes et \u00e0 venir, que pourrait prendre la philanthropie sans empi\u00e9ter sur ce qui devrait rester dans le champs de la collectivit\u00e9 incarn\u00e9e par l\u2019\u00c9tat ?\u00a0<\/strong><\/em><\/p>\n<p>La philanthropie reste un levier important, elle permet de financer des projets qui ne seraient pas financ\u00e9s par ailleurs. La recherche m\u00e9dicale notamment (par exemple, en Belgique, la recherche contre le cancer est financ\u00e9e \u00e0 hauteur de 20\u00a0% par la philantrophie). M\u00eame si les dispositifs mis en place pour r\u00e9colter des fonds soul\u00e8vent certaines questions, que vous avez raison de poser. Il faut garder en t\u00eate que l&rsquo;op\u00e9ration T\u00e9l\u00e9vie a par exemple permis en 2012 de <a href=\"https:\/\/www.cancer.be\/sites\/default\/files\/soutien-financier-a-la-recherche-en-cancerologie_FCC_1.pdf\">r\u00e9colter environ 8 millions sur 95 millions d&rsquo;euros<\/a> affect\u00e9s \u00e0 la recherche contre le cancer. Ce n&rsquo;est pas anodin. Ces ressources financi\u00e8res sont aussi plus flexibles, peuvent \u00eatre octroy\u00e9es plus rapidement, et permettent de soutenir des initiatives plus risqu\u00e9es.<\/p>\n<p><em><strong>Cela pose toutefois la question de la s\u00e9lection des causes \u00e0 d\u00e9fendre.<\/strong><\/em><\/p>\n<p>Tout \u00e0 fait. Il y a des d\u00e9rives possibles. Il ne faudrait pas uniquement financer des projets capables de d\u00e9montrer une certaine performance, de susciter une \u00e9motion, ou un sentiment de bien-\u00eatre chez les donateurs. Il y a un travail d&rsquo;\u00e9ducation des donateurs \u00e0 faire, auquel vous contribuez.<\/p>\n<p><strong>Propos recueillis par Julie Van der Kar.<\/strong><\/p>\n","protected":false},"excerpt":{"rendered":"<p>\u00c9clairage sur le don et les formes de r\u00e9appropriation collective de la notion d&rsquo;int\u00e9r\u00eat g\u00e9n\u00e9ral par Virginie Xhauflair<\/p>\n","protected":false},"author":10,"featured_media":1760,"comment_status":"closed","ping_status":"open","sticky":false,"template":"","format":"standard","meta":{"footnotes":""},"categories":[2,149],"tags":[],"class_list":["post-1687","post","type-post","status-publish","format-standard","has-post-thumbnail","hentry","category-dossier","category-le-don-remis-en-causes"],"_links":{"self":[{"href":"https:\/\/www.causestoujours.be\/wp-json\/wp\/v2\/posts\/1687","targetHints":{"allow":["GET"]}}],"collection":[{"href":"https:\/\/www.causestoujours.be\/wp-json\/wp\/v2\/posts"}],"about":[{"href":"https:\/\/www.causestoujours.be\/wp-json\/wp\/v2\/types\/post"}],"author":[{"embeddable":true,"href":"https:\/\/www.causestoujours.be\/wp-json\/wp\/v2\/users\/10"}],"replies":[{"embeddable":true,"href":"https:\/\/www.causestoujours.be\/wp-json\/wp\/v2\/comments?post=1687"}],"version-history":[{"count":20,"href":"https:\/\/www.causestoujours.be\/wp-json\/wp\/v2\/posts\/1687\/revisions"}],"predecessor-version":[{"id":1768,"href":"https:\/\/www.causestoujours.be\/wp-json\/wp\/v2\/posts\/1687\/revisions\/1768"}],"wp:featuredmedia":[{"embeddable":true,"href":"https:\/\/www.causestoujours.be\/wp-json\/wp\/v2\/media\/1760"}],"wp:attachment":[{"href":"https:\/\/www.causestoujours.be\/wp-json\/wp\/v2\/media?parent=1687"}],"wp:term":[{"taxonomy":"category","embeddable":true,"href":"https:\/\/www.causestoujours.be\/wp-json\/wp\/v2\/categories?post=1687"},{"taxonomy":"post_tag","embeddable":true,"href":"https:\/\/www.causestoujours.be\/wp-json\/wp\/v2\/tags?post=1687"}],"curies":[{"name":"wp","href":"https:\/\/api.w.org\/{rel}","templated":true}]}}