{"id":1703,"date":"2015-12-17T17:17:42","date_gmt":"2015-12-17T17:17:42","guid":{"rendered":"https:\/\/gsara.tv\/causes\/?p=1703"},"modified":"2015-12-19T13:36:50","modified_gmt":"2015-12-19T13:36:50","slug":"comites-culturels-lieux-de-participation-citoyenne","status":"publish","type":"post","link":"https:\/\/www.causestoujours.be\/comites-culturels-lieux-de-participation-citoyenne\/","title":{"rendered":"Les Comit\u00e9s Culturels, lieux de participation citoyenne"},"content":{"rendered":"<p><strong>Lors du festival <em>Filmer \u00e0 tout prix<\/em>, le GSARA a initi\u00e9, en collaboration avec les Comit\u00e9s Culturels, le projet de cr\u00e9er, former et encadrer un Jury citoyen. Ce dernier a d\u00e9cern\u00e9 le Prix du \u201cRegard bruxellois\u201d au premier long m\u00e9trage belge de son choix : <em>Zone Z\u00e9ro<\/em> de Farzad Mouloudi. <\/strong><\/p>\n<p>Encourager la participation culturelle de tous passe par la mise \u00e0 disposition de lieux permettant \u00e0 chacun de cr\u00e9er, de partager et de confronter sa vision de la culture. Diff\u00e9rents lieux existent \u00e0 Bruxelles dont les Comit\u00e9s Culturels des CPAS. Penchons-nous sur celui de la commune d\u2019Uccle avec son groupe de citoyens se r\u00e9unissant tous les deux mois. Entretien avec Iris Marano, m\u00e9diatrice culturelle et Etienne Jacquemin, coordinateur au CPAS d\u2019Uccle.<\/p>\n<p><strong><em>Qu\u2019est-ce qu\u2019un Comit\u00e9 Culturel?<\/em><\/strong><\/p>\n<p><strong>Iris<\/strong> : Lors de leur cr\u00e9ation, les Comit\u00e9s apparaissaient sous le nom de Comit\u00e9 de spectateurs. Les membres se r\u00e9unissaient une fois par mois pour proposer et voter des activit\u00e9s culturelles \u00e0 r\u00e9aliser en groupe. Par la suite, une remise en question s\u2019est faite autour de l\u2019essence m\u00eame des Comit\u00e9s : existent-ils en tant que spectateurs ou agissent-ils comme des activateurs culturels? Se limitent-ils \u00e0 proposer des sorties ou peuvent-ils inviter au d\u00e9bat?<\/p>\n<p>Il est important de signaler que les Comit\u00e9s Culturels d\u00e9pendent des CPAS et qu\u2019ils s\u2019adressent aux personnes b\u00e9n\u00e9ficiaires du revenu d\u2019int\u00e9gration sociale. Chaque commune bruxelloise dispose d\u2019un CPAS avec notamment une Cellule culture, qui est charg\u00e9e de la promotion culturelle. Toutefois, seuls trois CPAS -Saint-Gilles, Ixelles et Uccle- ont form\u00e9 au sein de leur cellule, un Comit\u00e9 Culturel. Ce projet a \u00e9t\u00e9 mis sur pied avec le soutien de l\u2019asbl Article 27, qui \u201cse donne pour mission de sensibiliser, de faciliter la participation culturelle pour toute personne vivant une situation sociale et\/ou \u00e9conomique difficile\u201d.<\/p>\n<p><strong>Etienne<\/strong> : Le questionnement portait sur la nature m\u00eame des Comit\u00e9s : encouragent-ils uniquement la d\u00e9mocratisation de la culture, \u00e0 savoir son acc\u00e8s pour tous, ou \u00e9galement la d\u00e9mocratie culturelle, c\u2019est-\u00e0-dire favoriser sa participation active? Les Comit\u00e9s Culturels se sont, d\u00e8s lors, form\u00e9s \u00e0 partir du constat que les Comit\u00e9s de spectateurs ne se limitaient pas \u00e0 la proposition d\u2019un agenda culturel, ils portent \u00e9galement une r\u00e9flexion critique sur la vie culturelle. Le Comit\u00e9 repr\u00e9sente une porte d\u2019entr\u00e9e pour contribuer \u00e0 la culture bruxelloise, ainsi qu\u2019\u00e0 la participation culturelle et citoyenne.<\/p>\n<div id=\"attachment_1724\" style=\"width: 710px\" class=\"wp-caption alignnone\"><a href=\"https:\/\/gsara.tv\/causes\/wp-content\/uploads\/2015\/12\/12065940_1036987742987938_5800996786713874937_n2.jpg\"><img loading=\"lazy\" decoding=\"async\" aria-describedby=\"caption-attachment-1724\" class=\"size-full wp-image-1724\" src=\"https:\/\/gsara.tv\/causes\/wp-content\/uploads\/2015\/12\/12065940_1036987742987938_5800996786713874937_n2.jpg\" alt=\"Yvan Leiva\" width=\"700\" height=\"467\" srcset=\"https:\/\/www.causestoujours.be\/wp-content\/uploads\/2015\/12\/12065940_1036987742987938_5800996786713874937_n2.jpg 700w, https:\/\/www.causestoujours.be\/wp-content\/uploads\/2015\/12\/12065940_1036987742987938_5800996786713874937_n2-300x200.jpg 300w, https:\/\/www.causestoujours.be\/wp-content\/uploads\/2015\/12\/12065940_1036987742987938_5800996786713874937_n2-600x400.jpg 600w, https:\/\/www.causestoujours.be\/wp-content\/uploads\/2015\/12\/12065940_1036987742987938_5800996786713874937_n2-210x140.jpg 210w\" sizes=\"auto, (max-width: 700px) 100vw, 700px\" \/><\/a><p id=\"caption-attachment-1724\" class=\"wp-caption-text\">Yvan Leiva<\/p><\/div>\n<p><em><strong>Comment fonctionne un Comit\u00e9? <\/strong><\/em><\/p>\n<p><strong>Iris<\/strong> : Je vais uniquement parler du Comit\u00e9 Culturel d\u2019Uccle, car chaque Comit\u00e9 fonctionne \u00e0 sa mani\u00e8re. Comme \u00e0 l\u2019\u00e9poque des Comit\u00e9s de spectateurs, nous nous rejoignons pour proposer et discuter des activit\u00e9s culturelles auxquelles chacun souhaite participer. Nous essayons d\u00e9sormais de nous r\u00e9unir dans un lieu culturel afin de finir la rencontre par une visite amenant au d\u00e9bat. Une fois l\u2019agenda vot\u00e9, il est envoy\u00e9 \u00e0 toute personne inscrite au CPAS de la commune concern\u00e9e. Il informe des prochaines sorties ainsi que du lieu et de la date de la prochaine r\u00e9union du comit\u00e9.<\/p>\n<p>Un de nos souhaits principaux est d\u2019offrir une mixit\u00e9 maximale au sein des Comit\u00e9s. Nous avons l\u2019opportunit\u00e9 au CPAS d\u2019avoir une grande diversit\u00e9 dans notre public, vu que les services propos\u00e9s sont nombreux et vari\u00e9s. De plus, m\u00eame si nous nous adressons principalement \u00e0 nos membres, nous ne refusons personne sous pr\u00e9texte qu\u2019il n\u2019est plus inscrit chez nous. Parce qu\u2019il faut le rappeler, les CPAS sont un lieu de passage o\u00f9 les personnes n\u2019y restent que pendant une p\u00e9riode limit\u00e9e, comme c\u2019est par exemple le cas des \u00e9tudiants.<\/p>\n<p>La participation \u00e0 un Comit\u00e9 est donc libre et volontaire, et chacun d\u00e9cide de la mani\u00e8re dont il souhaite exercer ses droits culturels. Un Comit\u00e9 ne pourrait d\u2019ailleurs exister sans l\u2019implication de ses membres. Un autre avantage des Comit\u00e9s tient \u00e9galement au fait que les participants d\u00e9cident eux-m\u00eames de l\u2019utilisation des subsides, ce qui est assez rare dans notre syst\u00e8me.<\/p>\n<p><img loading=\"lazy\" decoding=\"async\" class=\"alignnone wp-image-1719 size-full\" src=\"https:\/\/gsara.tv\/causes\/wp-content\/uploads\/2015\/12\/DSC012511.jpg\" alt=\"\" width=\"700\" height=\"467\" srcset=\"https:\/\/www.causestoujours.be\/wp-content\/uploads\/2015\/12\/DSC012511.jpg 700w, https:\/\/www.causestoujours.be\/wp-content\/uploads\/2015\/12\/DSC012511-300x200.jpg 300w, https:\/\/www.causestoujours.be\/wp-content\/uploads\/2015\/12\/DSC012511-600x400.jpg 600w, https:\/\/www.causestoujours.be\/wp-content\/uploads\/2015\/12\/DSC012511-210x140.jpg 210w\" sizes=\"auto, (max-width: 700px) 100vw, 700px\" \/><\/p>\n<p><em><strong>Le fonctionnement des Comit\u00e9s Culturels apporte donc une sorte de reconnaissance aux participants? <\/strong><\/em><\/p>\n<p><strong>Etienne<\/strong> : Non, mais ils jouent ce r\u00f4le. Un des gros probl\u00e8mes aujourd\u2019hui est que la citoyennet\u00e9 ne se manifeste plus que par son existence professionnelle, c\u2019est-\u00e0-dire \u00e0 travers les \u00e9tudes ou le travail.<\/p>\n<p><strong>Iris<\/strong> : Or, les personnes au CPAS sont souvent des personnes qui pour diff\u00e9rentes raisons ne peuvent travailler. Elles sont exclues du march\u00e9 de l\u2019emploi et parall\u00e8lement du meilleur endroit de socialisation. Des accidents de parcours peuvent pourtant arriver \u00e0 chacun de nous avec des cons\u00e9quences plus ou moins graves sur notre situation socioprofessionnelle. L\u2019essentiel reste de rebondir. C\u2019est l\u00e0 que se situent les Comit\u00e9s, en agissant comme un booster, nous allons aider des personnes qui n\u2019arrivent pas \u00e0 rebondir, \u00e0 puiser en elles-m\u00eames les ressources n\u00e9cessaires. Simplement en leur permettant de se confronter aux autres, d\u2019exprimer leurs opinions ou leurs revendications, les Comit\u00e9s Culturels permettent une reprise de confiance en soi. Ils constituent finalement un des seuls endroits o\u00f9 nos b\u00e9n\u00e9ficiaires peuvent se sentir valoris\u00e9s et s\u2019\u00e9panouir. Ils ne devraient pas \u00eatre un lieu de reconnaissance, mais le fonctionnement de notre soci\u00e9t\u00e9 entra\u00eene cet effet.<\/p>\n<p><em><strong>Quel serait l\u2019objectif des Comit\u00e9s? <\/strong><\/em><\/p>\n<p><strong>Etienne<\/strong> : L\u2019objectif est d\u2019encourager le d\u00e9veloppement d\u2019un esprit critique, de permettre \u00e0 chacun d\u2019\u00eatre acteur et porteur de culture. Ils sont une mani\u00e8re de se r\u00e9unir pour produire de la culture. Le propre d\u2019un Comit\u00e9 Culturel, c\u2019est qu\u2019il constitue un lieu de production culturelle o\u00f9 chacun d\u00e9cide de la mani\u00e8re dont il veut exercer ses droits culturels.<\/p>\n<p><strong>Propos recueillis par Roxanne De Smet<\/strong><\/p>\n","protected":false},"excerpt":{"rendered":"<p>Encourager la participation culturelle de tous passe par la mise \u00e0 disposition de lieux permettant \u00e0 chacun de cr\u00e9er, de partager et de confronter sa vision de la culture. <\/p>\n","protected":false},"author":10,"featured_media":1714,"comment_status":"closed","ping_status":"open","sticky":false,"template":"","format":"standard","meta":{"footnotes":""},"categories":[18],"tags":[],"class_list":["post-1703","post","type-post","status-publish","format-standard","has-post-thumbnail","hentry","category-dialogue"],"_links":{"self":[{"href":"https:\/\/www.causestoujours.be\/wp-json\/wp\/v2\/posts\/1703","targetHints":{"allow":["GET"]}}],"collection":[{"href":"https:\/\/www.causestoujours.be\/wp-json\/wp\/v2\/posts"}],"about":[{"href":"https:\/\/www.causestoujours.be\/wp-json\/wp\/v2\/types\/post"}],"author":[{"embeddable":true,"href":"https:\/\/www.causestoujours.be\/wp-json\/wp\/v2\/users\/10"}],"replies":[{"embeddable":true,"href":"https:\/\/www.causestoujours.be\/wp-json\/wp\/v2\/comments?post=1703"}],"version-history":[{"count":11,"href":"https:\/\/www.causestoujours.be\/wp-json\/wp\/v2\/posts\/1703\/revisions"}],"predecessor-version":[{"id":1763,"href":"https:\/\/www.causestoujours.be\/wp-json\/wp\/v2\/posts\/1703\/revisions\/1763"}],"wp:featuredmedia":[{"embeddable":true,"href":"https:\/\/www.causestoujours.be\/wp-json\/wp\/v2\/media\/1714"}],"wp:attachment":[{"href":"https:\/\/www.causestoujours.be\/wp-json\/wp\/v2\/media?parent=1703"}],"wp:term":[{"taxonomy":"category","embeddable":true,"href":"https:\/\/www.causestoujours.be\/wp-json\/wp\/v2\/categories?post=1703"},{"taxonomy":"post_tag","embeddable":true,"href":"https:\/\/www.causestoujours.be\/wp-json\/wp\/v2\/tags?post=1703"}],"curies":[{"name":"wp","href":"https:\/\/api.w.org\/{rel}","templated":true}]}}