{"id":1918,"date":"2016-04-15T17:13:50","date_gmt":"2016-04-15T17:13:50","guid":{"rendered":"https:\/\/gsara.tv\/causes\/?p=1918"},"modified":"2016-04-20T14:55:47","modified_gmt":"2016-04-20T14:55:47","slug":"edito","status":"publish","type":"post","link":"https:\/\/www.causestoujours.be\/edito\/","title":{"rendered":"\u00c9dito"},"content":{"rendered":"<p>La classe ouvri\u00e8re n&rsquo;est pas morte contrairement \u00e0 ce que les discours dominants tentent d&rsquo;instaurer. Elle repr\u00e9sente, notamment en France, 22,7\u00a0% de la population active. Bien vivante, il serait possible qu&rsquo;elle soit en train d\u2019ouvrir la voie \u00e0 des nouvelles luttes contemporaines. Les travailleuses et travailleurs de PSA, Goodyear, Continental, Air France mettent en d\u00e9faut un ordre devenu insoutenable et gr\u00e2ce \u00e0 leurs combats tentent d\u2019insuffler une critique globale de notre syst\u00e8me.<\/p>\n<p>En tant que structure audiovisuelle qui promeut un cin\u00e9ma documentaire de cr\u00e9ation engag\u00e9, le GSARA a eu l&rsquo;opportunit\u00e9 de participer activement au dernier film de Fran\u00e7oise Davisse, <i>Comme des lions<\/i>. Ce documentaire raconte l&rsquo;histoire de deux ans d&rsquo;engagements des salari\u00e9s du site PSA Aulnay contre la fermeture de leur usine. Sa sortie en salle ne pouvait pas esp\u00e9rer un plus beau moment, celui de la contestation en France de la r\u00e9forme du code du travail et du monde qu&rsquo;elle incarne.<\/p>\n<p>Dans le cadre de ce num\u00e9ro du <i>Causes <\/i>Toujours, nous avons voulu pr\u00e9senter le point du vue de celles et ceux qui m\u00e8nent une r\u00e9flexion sur les repr\u00e9sentations cin\u00e9matographiques et m\u00e9diatiques des luttes ouvri\u00e8res et de l&rsquo;engagement politique. Ce dossier sp\u00e9cial s&rsquo;ouvre avec un entretien de la r\u00e9alisatrice de <i>Comme des lions<\/i>, Fran\u00e7oise Davisse. Geoffroy Cernaix, monteur au GSARA, nous d\u00e9voile l&rsquo;histoire du montage du film et son implication dans \u00ab\u00a0Comme des lions\u00a0: L&rsquo;enjeu du montage\u00a0\u00bb. Dans l&rsquo;article \u00ab\u00a0Travailleurs en mouvement. Cul de sac m\u00e9diatique\u00a0\u00bb, Yannick Bovy, r\u00e9alisateur \u00e0 la FGTB, \u00e9voque la difficult\u00e9 de se mobiliser en Belgique surtout en raison des m\u00e9dias dominants, contamin\u00e9s par une \u00ab\u00a0pens\u00e9e unique\u00a0\u00bb, qui \u00e9touffe la diversit\u00e9 de l\u2019information, les points de vue dissonants, critiques et analytiques. L&rsquo;article \u00ab\u00a0S\u00e9quence de films, s\u00e9quences de lutte d&rsquo;usine\u00a0\u00bb pr\u00e9sente deux films fran\u00e7ais, <i>R\u00eave d&rsquo;usine<\/i> de Luc Decaster et <i>Les Sucriers de Colleville<\/i> d&rsquo;Ariane Doublet, datant du d\u00e9but des ann\u00e9es 2000 et qui se distinguent par la fa\u00e7on dont ils parviennent \u00e0 rendre compte avec justesse des singularit\u00e9s d\u2019une situation de fermeture et de la lutte qui s\u2019en suit. Le dernier article de ce dossier, \u00ab\u00a0The Walk et Les Suffragettes\u00a0: d\u00e9passement de soi et radicalisation au-del\u00e0 des mers\u00a0\u00bb explore la tendance dans le cin\u00e9ma de fiction contemporain \u00e0 individualiser l&rsquo;action politique au d\u00e9triment d&rsquo;une repr\u00e9sentation collective.<\/p>\n<p><strong>Aur\u00e9lie Ghalim<\/strong><\/p>\n","protected":false},"excerpt":{"rendered":"<p>La classe ouvri\u00e8re n&rsquo;est pas morte contrairement \u00e0 ce que les discours dominants tentent d&rsquo;instaurer. Bien vivante, il serait possible qu&rsquo;elle soit en train d\u2019ouvrir la voie \u00e0 des nouvelles luttes contemporaines.<\/p>\n","protected":false},"author":10,"featured_media":1838,"comment_status":"closed","ping_status":"open","sticky":false,"template":"","format":"standard","meta":{"footnotes":""},"categories":[2,161],"tags":[],"class_list":["post-1918","post","type-post","status-publish","format-standard","has-post-thumbnail","hentry","category-dossier","category-representations-des-luttes-ouvrieres"],"_links":{"self":[{"href":"https:\/\/www.causestoujours.be\/wp-json\/wp\/v2\/posts\/1918","targetHints":{"allow":["GET"]}}],"collection":[{"href":"https:\/\/www.causestoujours.be\/wp-json\/wp\/v2\/posts"}],"about":[{"href":"https:\/\/www.causestoujours.be\/wp-json\/wp\/v2\/types\/post"}],"author":[{"embeddable":true,"href":"https:\/\/www.causestoujours.be\/wp-json\/wp\/v2\/users\/10"}],"replies":[{"embeddable":true,"href":"https:\/\/www.causestoujours.be\/wp-json\/wp\/v2\/comments?post=1918"}],"version-history":[{"count":12,"href":"https:\/\/www.causestoujours.be\/wp-json\/wp\/v2\/posts\/1918\/revisions"}],"predecessor-version":[{"id":2032,"href":"https:\/\/www.causestoujours.be\/wp-json\/wp\/v2\/posts\/1918\/revisions\/2032"}],"wp:featuredmedia":[{"embeddable":true,"href":"https:\/\/www.causestoujours.be\/wp-json\/wp\/v2\/media\/1838"}],"wp:attachment":[{"href":"https:\/\/www.causestoujours.be\/wp-json\/wp\/v2\/media?parent=1918"}],"wp:term":[{"taxonomy":"category","embeddable":true,"href":"https:\/\/www.causestoujours.be\/wp-json\/wp\/v2\/categories?post=1918"},{"taxonomy":"post_tag","embeddable":true,"href":"https:\/\/www.causestoujours.be\/wp-json\/wp\/v2\/tags?post=1918"}],"curies":[{"name":"wp","href":"https:\/\/api.w.org\/{rel}","templated":true}]}}