{"id":2070,"date":"2016-07-14T16:21:41","date_gmt":"2016-07-14T16:21:41","guid":{"rendered":"https:\/\/gsara.tv\/causes\/?p=2070"},"modified":"2016-09-19T15:05:30","modified_gmt":"2016-09-19T15:05:30","slug":"blockchain-web-a-chaine-enjeux-civiques","status":"publish","type":"post","link":"https:\/\/www.causestoujours.be\/blockchain-web-a-chaine-enjeux-civiques\/","title":{"rendered":"La blockchain !   Du Web \u00e0 la cha\u00eene, enjeux civiques"},"content":{"rendered":"<h2><del datetime=\"2016-07-15T16:39:24+00:00\"><\/del>LA PROMESSE, DU WEB \u00c0 LA CHA\u00ceNE DE BLOCS<\/h2>\n<p><strong>Du web \u00e0 la blockchain en concret\u00a0:<\/strong><br \/>\nNous avons commenc\u00e9 cette introduction \u00e0 la blockchain en comparant la technologie \u00ab\u00a0<em>blockchain<\/em>\u00a0\u00bb \u00e0 la technologie \u00ab\u00a0<em>web<\/em>\u00a0\u00bb d&rsquo;il y a vingt ans : une technologie qui n&rsquo;en est qu&rsquo;\u00e0 ses balbutiements, la promesse d&rsquo;un nouveau monde \u00e0 construire&#8230;<\/p>\n<p>Christian Faur\u00e9 dans sa conf\u00e9rence \u00ab\u00a0<a href=\"https:\/\/www.youtube.com\/watch?v=g6bLa4Ua7_E\">La blockchain au del\u00e0 du Bitcoin<\/a>\u00a0\u00bb compare pour l\u2019exercice, le <em>block<\/em> qui nous occupe au container utilis\u00e9 aujourd\u2019hui pour le transport et le commerce des marchandises. Cette bo\u00eete m\u00e9tallique a eu un impact non-n\u00e9gligeable sur pas mal de secteurs, pas mal de m\u00e9tiers\u00a0:<\/p>\n<p>&nbsp;<\/p>\n<p><a href=\"https:\/\/gsara.tv\/causes\/wp-content\/uploads\/2016\/07\/image1_500.jpg\"><img loading=\"lazy\" decoding=\"async\" class=\" size-medium wp-image-2245 alignleft\" src=\"https:\/\/gsara.tv\/causes\/wp-content\/uploads\/2016\/07\/image1_500-300x169.jpg\" alt=\"image1_500\" width=\"300\" height=\"169\" srcset=\"https:\/\/www.causestoujours.be\/wp-content\/uploads\/2016\/07\/image1_500-300x169.jpg 300w, https:\/\/www.causestoujours.be\/wp-content\/uploads\/2016\/07\/image1_500-210x118.jpg 210w, https:\/\/www.causestoujours.be\/wp-content\/uploads\/2016\/07\/image1_500.jpg 500w\" sizes=\"auto, (max-width: 300px) 100vw, 300px\" \/><\/a>Son arriv\u00e9e divise le co\u00fbt de la \u00ab\u00a0pr\u00e9paration\u00a0\u00bb des marchandises, leur emballage\u00a0par dix ! Et elle transforme les bateaux, les m\u00e9tiers de docker, de marin, de transporteur routier, la taille et la fonction des entrep\u00f4ts, etc, etc \u2026 Cette bo\u00eete de m\u00e9tal uniformise tous ces aspects \u00e0 l\u2019\u00e9chelle de la plan\u00e8te, le commerce ne connaissant pas de fronti\u00e8res. Le container standard fluidifie tous les transferts,\u00a0 distribue \u00ab\u00a0la production\u00a0\u00bb au niveau du globe et \u00e9limine les stocks\u2026<\/p>\n<p>Pour le web et les datas (on parle toujours de transports mais ici d\u2019informations, plus de bananes), le syst\u00e8me est actuellement comparable au commerce d\u2019avant l\u2019apparition du container\u00a0: des entreprises\u00a0 (Google, Amazon, Proximus, etc ) stockent un maximum de datas, elles tendent \u00e0 centraliser toutes les transactions qui passent par le web. Cette concentration produit des d\u00e9rives (on en parle r\u00e9guli\u00e8rement dans nos ateliers et dans ces colonnes).<\/p>\n<p>&nbsp;<\/p>\n<p><a href=\"https:\/\/gsara.tv\/causes\/wp-content\/uploads\/2016\/07\/docker.png\"><img loading=\"lazy\" decoding=\"async\" class=\" size-medium wp-image-2247 alignleft\" src=\"https:\/\/gsara.tv\/causes\/wp-content\/uploads\/2016\/07\/docker-300x73.png\" alt=\"docker\" width=\"300\" height=\"73\" srcset=\"https:\/\/www.causestoujours.be\/wp-content\/uploads\/2016\/07\/docker-300x73.png 300w, https:\/\/www.causestoujours.be\/wp-content\/uploads\/2016\/07\/docker-210x51.png 210w, https:\/\/www.causestoujours.be\/wp-content\/uploads\/2016\/07\/docker.png 380w\" sizes=\"auto, (max-width: 300px) 100vw, 300px\" \/><\/a><\/p>\n<p>&nbsp;<\/p>\n<p>L\u2019analogie du container est bien choisie, voici un des nouveaux \u00ab\u00a0chalutiers\u00a0\u00bb du commerce des datas\u00a0: <a href=\"https:\/\/www.docker.com\/\" target=\"_blank\">docker.com<\/a>. Ce service permet de transporter des gros jeux de donn\u00e9es entre les grands \u00ab\u00a0ports\u00a0\u00bb que sont Google, Amazon, Proximus, votre service cloud, etc \u2026.<\/p>\n<p>&nbsp;<\/p>\n<p><a href=\"https:\/\/gsara.tv\/causes\/wp-content\/uploads\/2016\/07\/docker.com_community_no_-06.jpg\"><img loading=\"lazy\" decoding=\"async\" class=\" size-medium wp-image-2249 alignnone\" src=\"https:\/\/gsara.tv\/causes\/wp-content\/uploads\/2016\/07\/docker.com_community_no_-06-300x165.jpg\" alt=\"docker-com_community_no_-06\" width=\"300\" height=\"165\" srcset=\"https:\/\/www.causestoujours.be\/wp-content\/uploads\/2016\/07\/docker.com_community_no_-06-300x165.jpg 300w, https:\/\/www.causestoujours.be\/wp-content\/uploads\/2016\/07\/docker.com_community_no_-06-600x330.jpg 600w, https:\/\/www.causestoujours.be\/wp-content\/uploads\/2016\/07\/docker.com_community_no_-06-210x115.jpg 210w, https:\/\/www.causestoujours.be\/wp-content\/uploads\/2016\/07\/docker.com_community_no_-06.jpg 695w\" sizes=\"auto, (max-width: 300px) 100vw, 300px\" \/><\/a><\/p>\n<p>&nbsp;<\/p>\n<p>Docker est d\u00e9j\u00e0 largement utilis\u00e9 pour d\u00e9ployer de nouvelles blockchains depuis <a href=\"https:\/\/www.ethereum.org\/\">Ethereum<\/a> (voir\u00a0 plus loin) : [code]<\/p>\n<pre><code>docker exec -it bootstrap geth --datadir=~\/.ethereum\/devchain attach<\/code><\/pre>\n<p>[code\/]<\/p>\n<p><strong>Du bitcoin au politique : concr\u00e8tement<\/strong><\/p>\n<p>On le rappelle, la blockchain est ce qui permet \u00e0 la crypto-monnaie <em>Bitcoin<\/em> de tourner, de fonctionner sans intervention d&rsquo;une banque, d&rsquo;un gouvernement ou de quelqu&rsquo;autre garantie, que l&rsquo;usage qu&rsquo;en font les participants. Ils sont en confiance.<\/p>\n<p>Le stockage des \u00ab\u00a0contrats\u00a0\u00bb conclus est r\u00e9parti chez tous les utilisateurs du circuit, c\u2019est un syst\u00e8me distribu\u00e9. Les utilisateurs forment \u00ab\u00a0LA blockchain\u00a0\u00bb. C\u2019est le livre de compte ouvert et commun \u00e0 tous qui reprend toutes les transactions effectu\u00e9es depuis le premier \u00ab\u00a0bloc\u00a0\u00bb.<\/p>\n<p>\u00c7a permet de surmonter le probl\u00e8me de la \u00ab\u00a0certification\u00a0\u00bb des transactions (dans le cas du bitcoin, une transaction mon\u00e9taire).<\/p>\n<p><a href=\"https:\/\/gsara.tv\/causes\/wp-content\/uploads\/2016\/07\/image2_500.jpg\"><img loading=\"lazy\" decoding=\"async\" class=\" size-medium wp-image-2251 alignleft\" src=\"https:\/\/gsara.tv\/causes\/wp-content\/uploads\/2016\/07\/image2_500-300x179.jpg\" alt=\"image2_500\" width=\"300\" height=\"179\" srcset=\"https:\/\/www.causestoujours.be\/wp-content\/uploads\/2016\/07\/image2_500-300x179.jpg 300w, https:\/\/www.causestoujours.be\/wp-content\/uploads\/2016\/07\/image2_500-210x126.jpg 210w, https:\/\/www.causestoujours.be\/wp-content\/uploads\/2016\/07\/image2_500.jpg 500w\" sizes=\"auto, (max-width: 300px) 100vw, 300px\" \/><\/a><\/p>\n<p>&nbsp;<\/p>\n<p>La transaction commerciale est \u00e9videmment le premier type de \u00ab\u00a0contrat\u00a0\u00bb que l&rsquo;on a mod\u00e9lis\u00e9 pour l&rsquo;automatiser via la blockchain. Mais au-del\u00e0 de cette vision classique, on pourrait \u00e9tendre ce d\u00e9placement de la confiance de l&rsquo;humain vers la machine \u00e0 n\u2019importe quelle transaction\u00a0: le vote \u00e9lectronique, un contrat \u00e0 l\u2019amiable, d\u00e9livrer des dipl\u00f4mes, c\u00e9l\u00e9brer un mariage, publier certains \u00e9l\u00e9ments du droit en se basant sur des faits encod\u00e9s, &#8230;<\/p>\n<p>Le design technique m\u00eame de la blockchain, les conditions qui sont requises pour valider un contrat rev\u00eatent donc, in fine une dimension \u00e9minemment politique.<\/p>\n<p>Garantir l\u2019application d\u2019une politique (politique p\u00e9nale, politique de d\u00e9veloppement territorial, politique \u00e9conomique bien-s\u00fbr, \u2026-liste \u00e0 compl\u00e9ter-)\u00a0 pourrait se faire en s\u2019appuyant sur cette technologie.\u00a0 Un candidat aux \u00e9lections serait finalement moins signifiant politiquement que la structure (le programme \u2013sic-) sur lequel il s\u2019appuie. La star, ce sera le codeur, l\u2019\u00e9crivain-informaticien politique\u00a0! L\u2019expression, \u00e9crire un programme politique va rev\u00eatir une nouvelle signification. Le citoyen, le territoire, le \u00ab\u00a0peuple\u00a0\u00bb devraient pouvoir se passer de quelques fonctionnaires.<\/p>\n<p><a href=\"https:\/\/gsara.tv\/causes\/wp-content\/uploads\/2016\/07\/image3.jpg\"><img loading=\"lazy\" decoding=\"async\" class=\"alignnone size-full wp-image-2253\" src=\"https:\/\/gsara.tv\/causes\/wp-content\/uploads\/2016\/07\/image3.jpg\" alt=\"image3\" width=\"250\" height=\"374\" srcset=\"https:\/\/www.causestoujours.be\/wp-content\/uploads\/2016\/07\/image3.jpg 250w, https:\/\/www.causestoujours.be\/wp-content\/uploads\/2016\/07\/image3-201x300.jpg 201w, https:\/\/www.causestoujours.be\/wp-content\/uploads\/2016\/07\/image3-210x314.jpg 210w\" sizes=\"auto, (max-width: 250px) 100vw, 250px\" \/><\/a><\/p>\n<h2>LA BLOCKCHAIN COMME NOUVEL ESPACE PUBLIC\u00a0?<\/h2>\n<p>Du politique au code, du code au territoire. La blockchain va-t-elle donc mettre sens dessus dessous nos vieux acteurs qui font des \u00ab\u00a0transactions\u00a0\u00bb, comme le web l&rsquo;a fait en r\u00e9volutionnant le traitement de l&rsquo; \u00ab\u00a0information\u00a0\u00bb?<\/p>\n<p>Oui, mais ce n\u2019est pas la m\u00eame chose que le web! Sur la toile, pas de certification sans certificats. On n&rsquo;y pr\u00eate pas souvent attention, mais notre web est parsem\u00e9 de certificats, d&rsquo;autorisations qui sont sign\u00e9es par des r\u00e9f\u00e9rents techniques, les fameux \u00ab\u00a0<a href=\"https:\/\/fr.wikipedia.org\/wiki\/Tiers_de_confiance\">tiers de confiance\u00a0<\/a>\u00bb (voir aussi : <a href=\"https:\/\/www.commentcamarche.net\/contents\/198-les-certificats\">https:\/\/www.commentcamarche.net\/contents\/198-les-certificats<\/a> ).<\/p>\n<p>La blockchain promet de balayer cet obstacle par sa nature intrins\u00e8quement ouverte et d\u00e9centralis\u00e9e. Si tous peuvent voir le livre et qu&rsquo;il est inviolable, la confiance s&rsquo;installe naturellement.<\/p>\n<p><a href=\"https:\/\/gsara.tv\/causes\/wp-content\/uploads\/2016\/07\/buissons_500.jpg\"><img loading=\"lazy\" decoding=\"async\" class=\" size-full wp-image-2254 alignleft\" src=\"https:\/\/gsara.tv\/causes\/wp-content\/uploads\/2016\/07\/buissons_500.jpg\" alt=\"buissons_500\" width=\"500\" height=\"195\" srcset=\"https:\/\/www.causestoujours.be\/wp-content\/uploads\/2016\/07\/buissons_500.jpg 500w, https:\/\/www.causestoujours.be\/wp-content\/uploads\/2016\/07\/buissons_500-300x117.jpg 300w, https:\/\/www.causestoujours.be\/wp-content\/uploads\/2016\/07\/buissons_500-210x82.jpg 210w\" sizes=\"auto, (max-width: 500px) 100vw, 500px\" \/><\/a><\/p>\n<p>&nbsp;<\/p>\n<p>La nature de <strong>la technologie cr\u00e9e le consensus<\/strong>. Quand un nouveau type de \u00ab\u00a0livre de comptes\u00a0\u00bb se cr\u00e9e il est adopt\u00e9 et utilis\u00e9 ou pas. Les essais infructueux ou obsol\u00e8tes sont finalement archiv\u00e9s et toujours pr\u00e9sents. Absorb\u00e9s en quelque sorte par la blockchain qui sera la plus largement adopt\u00e9e par l&rsquo;ensemble des utilisateurs. Une sorte d&rsquo;arborescence en buisson.<\/p>\n<p>Il y a aujourd\u2019hui une explosion de blockchains. Certaines publiques (ouvertes et gratuites), d\u2019autres payantes. (Voir aussi : <a href=\"https:\/\/www.paristechreview.com\/2016\/03\/23\/explosion-cambrienne-blockchain\/\">https:\/\/www.paristechreview.com\/2016\/03\/23\/explosion-cambrienne-blockchain\/ )<\/a><\/p>\n<p>&nbsp;<\/p>\n<p>Certains \u00e9tats ont d\u00e9j\u00e0 saisi l\u2019enjeu et mettent en place des premi\u00e8res mesures. La blockchain leur permet de lutter contre la corruption qui parasite certaines transactions. Ainsi, au Honduras on d\u00e9veloppe un nouveau cadastre foncier, l\u2019Estonie offre des services notari\u00e9s \u00e0 ses citoyens, des start-ups proposent des cadastres-fonciers \u00e0 toute l&rsquo;Afrique, &#8230;.<\/p>\n<p>Concr\u00e8tement il y a d\u00e9j\u00e0 des applications-blockchain dans pas mal de domaines\u00a0:<\/p>\n<p>Registre comptable,<\/p>\n<p>Transfert de biens et services,<\/p>\n<p>Vote \u00e9lectronique,<\/p>\n<p>Stockage de donn\u00e9es,<\/p>\n<p>Messagerie crypt\u00e9e,<\/p>\n<p>Contrats intelligents,<\/p>\n<p>Enregistrement de nom de domaine,<\/p>\n<p>Registre de documents l\u00e9gaux et brevets,<\/p>\n<p>Produits d\u00e9riv\u00e9s financiers<\/p>\n<p>Car oui, on peut d\u00e9j\u00e0 s&#8217;emparer de cette technologie pour se programmer un business. A propos des <em>smart contracts <\/em>que l&rsquo;on peut d\u00e9j\u00e0 soi-m\u00eame mettre en place\u00a0: voir <a href=\"https:\/\/blockchainfrance.net\/2016\/03\/04\/comprendre-ethereum\/\">Ethereum,<\/a> le projet qui veut devenir l&rsquo;ordinateur global de tout-le-monde.<\/p>\n<p><a href=\"https:\/\/gsara.tv\/causes\/wp-content\/uploads\/2016\/07\/blockchain-ethereum-mix_500.jpg.png\"><img loading=\"lazy\" decoding=\"async\" class=\"alignnone size-full wp-image-2257\" src=\"https:\/\/gsara.tv\/causes\/wp-content\/uploads\/2016\/07\/blockchain-ethereum-mix_500.jpg.png\" alt=\"blockchain-ethereum-mix_500-jpg\" width=\"500\" height=\"377\" srcset=\"https:\/\/www.causestoujours.be\/wp-content\/uploads\/2016\/07\/blockchain-ethereum-mix_500.jpg.png 500w, https:\/\/www.causestoujours.be\/wp-content\/uploads\/2016\/07\/blockchain-ethereum-mix_500.jpg-300x226.png 300w, https:\/\/www.causestoujours.be\/wp-content\/uploads\/2016\/07\/blockchain-ethereum-mix_500.jpg-210x158.png 210w\" sizes=\"auto, (max-width: 500px) 100vw, 500px\" \/><\/a><\/p>\n<p>De Freenet \u00e0 Skynet<br \/>\n<em>\u00ab\u00a0On ne croit personne, seulement le syst\u00e8me\u00a0\u00bb ( M.Bauwens)<\/em><\/p>\n<p><a href=\"https:\/\/gsara.tv\/causes\/wp-content\/uploads\/2016\/07\/592031-skynet2-copyr-hellraiser_of_despair-.jpg\"><img loading=\"lazy\" decoding=\"async\" class=\"  wp-image-2260 alignleft\" src=\"https:\/\/gsara.tv\/causes\/wp-content\/uploads\/2016\/07\/592031-skynet2-copyr-hellraiser_of_despair-.jpg\" alt=\"592031-skynet2-copyr-hellraiser_of_despair\" width=\"327\" height=\"276\" srcset=\"https:\/\/www.causestoujours.be\/wp-content\/uploads\/2016\/07\/592031-skynet2-copyr-hellraiser_of_despair-.jpg 511w, https:\/\/www.causestoujours.be\/wp-content\/uploads\/2016\/07\/592031-skynet2-copyr-hellraiser_of_despair--300x253.jpg 300w, https:\/\/www.causestoujours.be\/wp-content\/uploads\/2016\/07\/592031-skynet2-copyr-hellraiser_of_despair--210x177.jpg 210w\" sizes=\"auto, (max-width: 327px) 100vw, 327px\" \/><\/a><\/p>\n<p>&nbsp;<\/p>\n<p>On le sait, ce que l&rsquo;on appelle l&rsquo; \u00ab\u00a0internet des objets\u00a0\u00bb est en pleine expansion. Voitures, frigos, services bancaires, \u2026 tout se relie et fonctionne gr\u00e2ce au cyberespace, aux protocoles en \u0153uvre sur le Web.<\/p>\n<p>De l\u00e0 \u00e0 imaginer un monde cauchemardesque \u00e0 la <em>Skynet<\/em>, il n&rsquo;y a qu&rsquo;un pas. On imagine d\u00e9j\u00e0 la pauvre femme de m\u00e9nage \u00e0 la merci d&rsquo;une chambre d\u2019h\u00f4tel cupide et autog\u00e9r\u00e9e via une blockchain qui ne serait qu&rsquo;une personnalit\u00e9 commerciale et juridique \u00ab\u00a0d\u00e9centralis\u00e9e\u00a0\u00bb (c&rsquo;est-\u00e0-dire partag\u00e9e entre nous) et qui ne rapporterait de l&rsquo;argent qu&rsquo;\u00e0 un gros malin qui aura su b\u00e2tir un petit empire sur les vides juridiques laiss\u00e9s dans l&rsquo;intervalle d&rsquo;un tsunami technologique mal g\u00e9r\u00e9 (je ne vise personne, Marck Zuckerberg ).<\/p>\n<p>&nbsp;<\/p>\n<div id='gallery-1' class='gallery galleryid-2070 gallery-columns-2 gallery-size-medium'><dl class='gallery-item'>\n\t\t\t<dt class='gallery-icon portrait'>\n\t\t\t\t<a href='https:\/\/www.causestoujours.be\/blockchain-web-a-chaine-enjeux-civiques\/george-dave-zuckerberg\/'><img loading=\"lazy\" decoding=\"async\" width=\"267\" height=\"300\" src=\"https:\/\/www.causestoujours.be\/wp-content\/uploads\/2016\/07\/george-dave-zuckerberg-267x300.jpg\" class=\"attachment-medium size-medium\" alt=\"\" srcset=\"https:\/\/www.causestoujours.be\/wp-content\/uploads\/2016\/07\/george-dave-zuckerberg-267x300.jpg 267w, https:\/\/www.causestoujours.be\/wp-content\/uploads\/2016\/07\/george-dave-zuckerberg-210x236.jpg 210w, https:\/\/www.causestoujours.be\/wp-content\/uploads\/2016\/07\/george-dave-zuckerberg.jpg 589w\" sizes=\"auto, (max-width: 267px) 100vw, 267px\" \/><\/a>\n\t\t\t<\/dt><\/dl><dl class='gallery-item'>\n\t\t\t<dt class='gallery-icon portrait'>\n\t\t\t\t<a href='https:\/\/www.causestoujours.be\/blockchain-web-a-chaine-enjeux-civiques\/george-dave-steve-jobs\/'><img loading=\"lazy\" decoding=\"async\" width=\"267\" height=\"300\" src=\"https:\/\/www.causestoujours.be\/wp-content\/uploads\/2016\/07\/george-dave-steve-jobs-267x300.jpg\" class=\"attachment-medium size-medium\" alt=\"\" srcset=\"https:\/\/www.causestoujours.be\/wp-content\/uploads\/2016\/07\/george-dave-steve-jobs-267x300.jpg 267w, https:\/\/www.causestoujours.be\/wp-content\/uploads\/2016\/07\/george-dave-steve-jobs-210x236.jpg 210w, https:\/\/www.causestoujours.be\/wp-content\/uploads\/2016\/07\/george-dave-steve-jobs.jpg 589w\" sizes=\"auto, (max-width: 267px) 100vw, 267px\" \/><\/a>\n\t\t\t<\/dt><\/dl><br style=\"clear: both\" \/>\n\t\t<\/div>\n\n<dl>\n<dt><\/dt>\n<\/dl>\n<p>&nbsp;<\/p>\n<p>Cet aspect prospectif du design social n\u00e9cessaire de la technologie est en pleine \u00e9bullition. Afin de nourrir vos efforts d&rsquo;anticipation, je vous renvoie aux travaux de la <a href=\"https:\/\/blogfr.p2pfoundation.net\/?s=blockchain\">p2p foundation<\/a> fond\u00e9e par le belge Michel Bauwens, notamment \u00e0 <a href=\"https:\/\/blogfr.p2pfoundation.net\/index.php\/2016\/05\/02\/blockchain-reve-technocratique-a-loutil-emancipateur\/\">cet article<\/a> o\u00f9 il \u00e9voque le danger de laisser le design de la technologie aux seuls app\u00e9tits des financiers.<\/p>\n<p><em>A cause de sa proximit\u00e9 avec le design anarcho-capitaliste et austro-\u00e9conomiste de Bitcoin, la blockhain participe d\u2019une id\u00e9ologie qui ne reconna\u00eet pas le collectif, se m\u00e9fie de la gouvernance d\u00e9mocratique, et veut cr\u00e9er des syst\u00e8mes enti\u00e8rement tourn\u00e9s vers des individus qui \u00e9tablissent entre eux des contrats automatis\u00e9s par des algorithmes. <\/em><\/p>\n<p>(..)<\/p>\n<p><em>L\u2019id\u00e9e sous-jacente est que les individus sont s\u00e9par\u00e9s, et qu\u2019ils font soci\u00e9t\u00e9 en cr\u00e9ant des contrats bas\u00e9s sur la confiance en un algorithme plut\u00f4t que dans l\u2019humain.<\/em><\/p>\n<p>(..)<\/p>\n<p><em>Plut\u00f4t que de penser la blockchain comme un instrument \u00e9conomique global coup\u00e9 de toute \u00e9thique et autonome par rapport \u00e0 la soci\u00e9t\u00e9, on peut l\u2019int\u00e9grer comme outil permettant de faciliter certains aspects de production et d\u2019organisation dans des groupements d\u2019humains dot\u00e9s d\u2019une gouvernance, de r\u00e8gles, etc,\u2026 comme les coop\u00e9ratives par exemple.<\/em><\/p>\n<h2>ENJEUX POLITIQUES D\u00c9J\u00c0 PRESSENTIS<\/h2>\n<p><strong>On d\u00e9place la confiance en l&rsquo;humain sur la techno. Les organisations qui certifient et centralisent des op\u00e9rations vont s&rsquo;effacer, pas la peine de r\u00eaver \u00e0 un soudain miracle humaniste : ce qui peut \u00eatre rationalis\u00e9<\/strong><strong> sera rationalis\u00e9.<\/strong><\/p>\n<p>Dans les prochaines ann\u00e9es, nous allons pouvoir nous passer de ceux qui sont d\u00e9positaires de la confiance n\u00e9cessaire aujourd&rsquo;hui au monde du commerce, au monde de la gestion des patrimoines et plus loin, \u00e0 la gestion des territoires. (par exemple, concernant les droits d&rsquo;auteur sur la musique : la blockchain va pouvoir apporter des solutions tr\u00e8s concr\u00e8tes et beaucoup plus fiables que les interm\u00e9diaires actuellement institutionnalis\u00e9s )<\/p>\n<p><a href=\"https:\/\/gsara.tv\/causes\/wp-content\/uploads\/2016\/07\/musician-bc-daohub.com_.png\"><img loading=\"lazy\" decoding=\"async\" class=\"alignnone wp-image-2282 size-full\" src=\"https:\/\/gsara.tv\/causes\/wp-content\/uploads\/2016\/07\/musician-bc-daohub.com_.png\" alt=\"musician-bc-daohub-com_\" width=\"700\" height=\"394\" srcset=\"https:\/\/www.causestoujours.be\/wp-content\/uploads\/2016\/07\/musician-bc-daohub.com_.png 700w, https:\/\/www.causestoujours.be\/wp-content\/uploads\/2016\/07\/musician-bc-daohub.com_-300x169.png 300w, https:\/\/www.causestoujours.be\/wp-content\/uploads\/2016\/07\/musician-bc-daohub.com_-600x338.png 600w, https:\/\/www.causestoujours.be\/wp-content\/uploads\/2016\/07\/musician-bc-daohub.com_-210x118.png 210w\" sizes=\"auto, (max-width: 700px) 100vw, 700px\" \/><\/a><\/p>\n<p>\u00c0 long terme, \u00e7a nous conduit \u00e0 une diversification des possibles \u00ab\u00a0num\u00e9riques\u00a0\u00bb aujourd&rsquo;hui d\u00e9j\u00e0 en place et \u00e0 une explosion de nouvelles formes de \u00ab\u00a0cr\u00e9ation\u00a0\u00bb qu&rsquo;il est encore difficile d&rsquo;imaginer.<\/p>\n<p>On a l&rsquo;impression de d\u00e9couvrir <a href=\"https:\/\/www.ethereum.org\/\" target=\"_blank\">Ethereum <\/a>(l&rsquo;ordinateur de tous qui permet d&rsquo;\u00e9crire de <em>smart-contratcs<\/em>) comme l&rsquo;on d\u00e9couvrait le moteur de recherche Altavista\u00a0en 1996.\u00a0 Vingt ans plus tard, regardons ce qu&rsquo;est Google : une hydre dans nos vies. Et finalement \u00e7a passe presque tout seul, qu&rsquo;est-ce qu&rsquo;on ferait sans Google\u00a0?<\/p>\n<p><a href=\"https:\/\/gsara.tv\/causes\/wp-content\/uploads\/2016\/07\/Ethereum.jpg\"><img loading=\"lazy\" decoding=\"async\" class=\" wp-image-2284 size-large alignnone\" src=\"https:\/\/gsara.tv\/causes\/wp-content\/uploads\/2016\/07\/Ethereum-1024x576.jpg\" alt=\"ethereum\" width=\"720\" height=\"405\" srcset=\"https:\/\/www.causestoujours.be\/wp-content\/uploads\/2016\/07\/Ethereum-1024x576.jpg 1024w, https:\/\/www.causestoujours.be\/wp-content\/uploads\/2016\/07\/Ethereum-300x169.jpg 300w, https:\/\/www.causestoujours.be\/wp-content\/uploads\/2016\/07\/Ethereum-600x338.jpg 600w, https:\/\/www.causestoujours.be\/wp-content\/uploads\/2016\/07\/Ethereum-210x118.jpg 210w\" sizes=\"auto, (max-width: 720px) 100vw, 720px\" \/><\/a><\/p>\n<h2><\/h2>\n<h2>ENJEUX POUR LES ORGANISATIONS ET ASSOCIATIONS<\/h2>\n<p>L\u00e0 o\u00f9\u00a0le commerce\u00a0n&rsquo;a qu&rsquo;un but principal\u00a0: faire de l&rsquo;argent, en concluant une transaction avec l&rsquo;objectif final de faire grossir le compte en banque (terme tr\u00e8s bient\u00f4t obsol\u00e8te sans aucun doute)\u00a0; il va \u00eatre autrement plus compliqu\u00e9 d&rsquo;\u00e9noncer les objectifs d&rsquo;une transaction \u00ab\u00a0socialement correcte\u00a0\u00bb.<\/p>\n<p><a href=\"https:\/\/gsara.tv\/causes\/wp-content\/uploads\/2016\/07\/Screen-Shot.png\"><img loading=\"lazy\" decoding=\"async\" class=\" wp-image-2287 size-full alignnone\" src=\"https:\/\/gsara.tv\/causes\/wp-content\/uploads\/2016\/07\/Screen-Shot.png\" alt=\"screen-shot\" width=\"700\" height=\"355\" srcset=\"https:\/\/www.causestoujours.be\/wp-content\/uploads\/2016\/07\/Screen-Shot.png 700w, https:\/\/www.causestoujours.be\/wp-content\/uploads\/2016\/07\/Screen-Shot-300x152.png 300w, https:\/\/www.causestoujours.be\/wp-content\/uploads\/2016\/07\/Screen-Shot-600x304.png 600w, https:\/\/www.causestoujours.be\/wp-content\/uploads\/2016\/07\/Screen-Shot-210x107.png 210w\" sizes=\"auto, (max-width: 700px) 100vw, 700px\" \/><\/a><\/p>\n<p>Ce sera l\u00e0 un des premiers challenges d&rsquo;une gouvernance d\u00e9centralis\u00e9e. Cette effort de d\u00e9finition, cette dimension d&rsquo;expertise du vivre ensemble et d&rsquo;\u00e9nonciation des buts \u00e0 atteindre en tant que pays (r\u00e9gion, commune, etc), c&rsquo;est le champ de la<em> Politique<\/em>, tout simplement. Un champ qui se d\u00e9ploie invariablement dans un <strong>triangle d&rsquo;acteurs<\/strong>\u00a0: l&rsquo;Etat(la collectivit\u00e9 g\u00e9r\u00e9e), le priv\u00e9 (les entreprises) et le citoyens (individus).<\/p>\n<p><a href=\"https:\/\/gsara.tv\/causes\/wp-content\/uploads\/2016\/07\/triangle-soci\u00e9t\u00e9.gif\"><img loading=\"lazy\" decoding=\"async\" class=\" wp-image-2288 size-full alignnone\" src=\"https:\/\/gsara.tv\/causes\/wp-content\/uploads\/2016\/07\/triangle-soci\u00e9t\u00e9.gif\" alt=\"triangle-societe\" width=\"700\" height=\"355\" \/><\/a><\/p>\n<p>En 2016, le<em> jeu politique<\/em>, les c\u00f4t\u00e9s du triangle, sont trac\u00e9s par d&rsquo;incessantes interactions entre ces trois p\u00f4les.<\/p>\n<p>On imagine maintenant, gr\u00e2ce \u00e0 la technologie blockchain que cet incessant flux de transactions pourra \u00eatre automatis\u00e9 en partie.<\/p>\n<p><strong>L&rsquo;enjeu politique de la mise en code de ces transactions est donc majeur.<\/strong><\/p>\n<p><a href=\"https:\/\/gsara.tv\/causes\/wp-content\/uploads\/2016\/07\/Followmyvote500.jpg\"><img loading=\"lazy\" decoding=\"async\" class=\"alignnone size-full wp-image-2290\" src=\"https:\/\/gsara.tv\/causes\/wp-content\/uploads\/2016\/07\/Followmyvote500.jpg\" alt=\"followmyvote500\" width=\"500\" height=\"226\" srcset=\"https:\/\/www.causestoujours.be\/wp-content\/uploads\/2016\/07\/Followmyvote500.jpg 500w, https:\/\/www.causestoujours.be\/wp-content\/uploads\/2016\/07\/Followmyvote500-300x136.jpg 300w, https:\/\/www.causestoujours.be\/wp-content\/uploads\/2016\/07\/Followmyvote500-210x95.jpg 210w\" sizes=\"auto, (max-width: 500px) 100vw, 500px\" \/><\/a><\/p>\n<p>En Belgique, le tissu associatif assez dense, bien que tr\u00e8s d\u00e9pendant du p\u00f4le \u00ab \u00c9tat \u00bb, repr\u00e9sente une sp\u00e9cificit\u00e9 dans le champ politique.\u00a0 Il est dans pas mal de cas, celui qui fluidifie, celui qui effectue les transactions. Surtout entre le p\u00f4le \u00ab \u00c9tat \u00bb et le p\u00f4le\u00a0\u00ab\u00a0Citoyens\u00a0\u00bb.<\/p>\n<p>Chacun dans leur domaine, je pense aux\u00a0CPAS, au Forem et aux associations comme PAC, Vie-F\u00e9minine, GSARA, etc \u2026 \/\/ Les abris de nuit, les associations d&rsquo;aide aux sans-abris, prostitu\u00e9es, malades, femmes battues,<em> i tutti quanti<\/em>-asbl \/\/ Les op\u00e9rateurs en alpha, les formateurs, les professeurs, \u2026 \/\/\u00a0 les administrations publiques, communales, etc \u2026 \/\/ les partis politiques en tant qu\u00a0&lsquo;\u00e9quipes de nos repr\u00e9sentants \/\/ les derniers journalistes en tant que garants d&rsquo;une certaine fiabilit\u00e9 de l&rsquo;information \/\/\u00a0\u2026.<\/p>\n<p>L&rsquo;associatif est malheureusement plus rarement pr\u00e9sent entre le p\u00f4le \u00ab\u00a0Citoyens\u00a0\u00bb et celui du \u00ab Priv\u00e9\u00a0\u00bb .<\/p>\n<ul>\n<li>mis \u00e0 part les syndicats qui sont l\u00e0 pour \u00e7a,<\/li>\n<li>les OIFT dans une moindre mesure,<\/li>\n<li>et toujours les politiques \u00e0 qui l&rsquo;on confie les cordons de la bourse coll\u00e9giale<\/li>\n<\/ul>\n<p>L&rsquo;enjeu de la \u00ab\u00a0mise en code\u00a0\u00bb de nos transactions est donc finalement d&rsquo;automatiser un maximum du travail aujourd&rsquo;hui effectu\u00e9 par ces acteurs\u2026<\/p>\n<p><a href=\"https:\/\/gsara.tv\/causes\/wp-content\/uploads\/2016\/07\/wig-judge.jpg\"><img loading=\"lazy\" decoding=\"async\" class=\"alignnone size-full wp-image-2291\" src=\"https:\/\/gsara.tv\/causes\/wp-content\/uploads\/2016\/07\/wig-judge.jpg\" alt=\"wig-judge\" width=\"700\" height=\"467\" srcset=\"https:\/\/www.causestoujours.be\/wp-content\/uploads\/2016\/07\/wig-judge.jpg 700w, https:\/\/www.causestoujours.be\/wp-content\/uploads\/2016\/07\/wig-judge-300x200.jpg 300w, https:\/\/www.causestoujours.be\/wp-content\/uploads\/2016\/07\/wig-judge-600x400.jpg 600w, https:\/\/www.causestoujours.be\/wp-content\/uploads\/2016\/07\/wig-judge-210x140.jpg 210w\" sizes=\"auto, (max-width: 700px) 100vw, 700px\" \/><\/a><\/p>\n<p>(\u00c0 ce stade de la r\u00e9flexion, on ne peut\u00a0 que d\u00e9plorer, une nouvelle fois dans ces colonnes, l&rsquo;absence d&rsquo;<u>une v\u00e9ritable approche du CODE<\/u> dans l&rsquo;enseignement, la justice, la politique et (dans une moindre mesure) la culture. Nous vous renvoyons aux anciens num\u00e9ros, aux anciens articles de notre \u00ab\u00a0Cause-Toujours\u00a0\u00bb)<\/p>\n<h2>GOUVERNANCE<\/h2>\n<p><strong>Cette perspective de voir les \u00ab\u00a0responsabilit\u00e9s civiles\u00a0\u00bb, les \u00ab\u00a0personnalit\u00e9s juridiques\u00a0\u00bb \u00eatre assum\u00e9es par des programmes (comment se passera le \u00ab\u00a0proc\u00e8s\u00a0\u00bb d&rsquo;un programme ill\u00e9gal ?) est assez vertigineuse.<\/strong><\/p>\n<p>Quelle sera donc notre approche du code en terme de\u00a0gouvernance\u00a0\u00a0?<\/p>\n<p><a href=\"https:\/\/bitnation.co\/\" target=\"_blank\"><span style=\"color: #000080;\"><img loading=\"lazy\" decoding=\"async\" src=\"https:\/\/gsara.tv\/ep\/wp-content\/uploads\/2016\/07\/mp45123432_1448763655205_2.jpeg\" alt=\"bitnation : \u00e7a existe d\u00e9ja en 2016 !!\" width=\"600\" height=\"338\" name=\"graphics19\" align=\"BOTTOM\" border=\"2\" \/><\/span><\/a><\/p>\n<p>En ce qui concerne les infrastructures -les tuyaux et les terminaux-, de nouveaux acteurs sont arriv\u00e9s avec le web (les providers, les h\u00e9bergeurs, Google, les internautes, &#8230;). Le droit traditionnel \u00e0 d\u00fb s&rsquo;y adapter et converser avec les quelques organismes qui avaient pris en charge les standards et le fonctionnement technique du web (<a href=\"https:\/\/fr.wikipedia.org\/wiki\/Gouvernance_d%27Internet\">https:\/\/fr.wikipedia.org\/wiki\/Gouvernance_d<\/a><a href=\"https:\/\/fr.wikipedia.org\/wiki\/Gouvernance_d%27Internet\">%27Internet<\/a> ).<\/p>\n<p>Pour le social, pour la confiance entre humains, au point de vue individuel : on souhaiterait une couche protocolaire sp\u00e9cifique, r\u00e9fl\u00e9chie. Les outils que le web nous a pouss\u00e9 \u00e0 imaginer jusqu&rsquo;\u00e0 pr\u00e9sent sont bas\u00e9s sur des crit\u00e8res de r\u00e9putation, de m\u00e9ritocratie. Ce n&rsquo;est pas grand-chose par rapport \u00e0 ce qui existe en termes de droits des individus dans l&rsquo;espace physique IRL.<\/p>\n<p><a href=\"https:\/\/gsara.tv\/ep\/wp-content\/uploads\/2016\/07\/Napoleon-zuck.jpg\"><span style=\"color: #000080;\"><img loading=\"lazy\" decoding=\"async\" src=\"https:\/\/gsara.tv\/ep\/wp-content\/uploads\/2016\/07\/Napoleon-zuck-1024x465.jpg\" alt=\"Napoleon-zuck\" width=\"640\" height=\"291\" name=\"graphics20\" align=\"BOTTOM\" border=\"2\" \/><\/span><\/a><\/p>\n<p>Tout comme le web est aujourd&rsquo;hui un territoire qui n&rsquo;a pas encore \u00e9t\u00e9 compl\u00e8tement \u00ab\u00a0<a href=\"https:\/\/www.lefigaro.fr\/politique\/2011\/05\/20\/01002-20110520ARTFIG00584-sarkozy-prefere-l-internet-civilise-aux-cyberdissidents.php\">civilis\u00e9\u00a0<\/a>\u00bb par le pouvoir politique \u2013 l\u00e9gislatif (loin s&rsquo;en faut), on ne peut entrevoir correctement l&rsquo;ampleur de la disruption \u00e0 venir en appliquant simplement la grille de lecture de notre seul monde physique, IRL.<\/p>\n<p>OUT OF CONTROL<\/p>\n<p>En 1996 d\u00e9j\u00e0, John Perry Barlow (Electronic Frontier Fondation) \u00e9non\u00e7ait dans sa \u00ab<a href=\"https:\/\/fr.wikipedia.org\/wiki\/D\u00e9claration_d%27ind\u00e9pendance_du_cyberespace\">D\u00e9claration_d&rsquo;ind\u00e9pendance_du_cyberespace<\/a>\u00bb que \u00ab\u00a0<em>les gouvernements n&rsquo;avaien<\/em><em>t pas la l\u00e9gitimit\u00e9 ni la capacit\u00e9 pour appliquer leur loi sur Internet et qu&rsquo;Internet est \u00e0 l&rsquo;ext\u00e9rieur des fronti\u00e8res de n&rsquo;importe quel pays.\u00a0\u00bb<\/em> Grande promesse\u00a0de lib\u00e9ration citoyenne par l&rsquo;automatisation des truchements de nos informations.<\/p>\n<p><a href=\"https:\/\/gsara.tv\/ep\/wp-content\/uploads\/2016\/07\/product1.jpg\"><span style=\"color: #000080;\"><img loading=\"lazy\" decoding=\"async\" src=\"https:\/\/gsara.tv\/ep\/wp-content\/uploads\/2016\/07\/product1-300x145.jpg\" alt=\"\" width=\"197\" height=\"95\" name=\"graphics21\" align=\"BOTTOM\" border=\"2\" \/><\/span><\/a><\/p>\n<p>Vingt ans plus tard, nous sommes plut\u00f4t concern\u00e9s par les probl\u00e9matiques de surveillance g\u00e9n\u00e9ralis\u00e9e par les gouvernements et les entreprises.<\/p>\n<p>S&rsquo;agissant de l&rsquo;Internet, on se rappelle en 2011 le barnum qui s&rsquo;\u00e9tait d\u00e9roul\u00e9 au E-G8 organis\u00e9 par N.Sarkozy.\u00a0\u00a0 Deux visions de l&rsquo;Internet s&rsquo;y \u00e9tait accroch\u00e9es. L&rsquo;une commerciale et opportuniste, l&rsquo;autre culturellement technophile et attach\u00e9e aux valeurs du logiciel libre (qui rappelons-le, fait tourner une grande partie de l&rsquo;Internet).\u00a0 Le pouvoir politique de Mr Sarkozy ayant plus ou moins choisi son camp \u00e0 cette occasion. Par affinit\u00e9s des hommes plus que par v\u00e9ritables convictions. (<a href=\"https:\/\/owni.fr\/2011\/05\/24\/direct-eg8-sarkozy-internet\/\">rappelez vous <\/a>)<\/p>\n<p><a href=\"https:\/\/gsara.tv\/ep\/wp-content\/uploads\/2016\/07\/sarko.jpg\"><span style=\"color: #000080;\"><img loading=\"lazy\" decoding=\"async\" src=\"https:\/\/gsara.tv\/ep\/wp-content\/uploads\/2016\/07\/sarko.jpg\" alt=\"\" width=\"720\" height=\"422\" name=\"graphics22\" align=\"BOTTOM\" border=\"2\" \/><\/span><\/a><\/p>\n<p>Pour faire contre-point \u00e0 la posture du pr\u00e9sident fran\u00e7ais, rappelons peut-\u00eatre au lecteur qu&rsquo;en 2016, un des candidats \u00e0 l\u2019investiture pour la pr\u00e9sidence am\u00e9ricaine \u00e9tait <a href=\"https:\/\/fr.wikipedia.org\/wiki\/Lawrence_Lessig\">Lawrence Lessig,<\/a> v\u00e9ritable \u00ab\u00a0gardien du temple\u00a0\u00bb du camp technophile et d&rsquo;une <a href=\"https:\/\/walk.nhrebellion.org\/\">approche citoyenne<\/a> de la politique.<\/p>\n<p><strong>Plus que jamais, l&rsquo;approche citoyenne et les notions d&rsquo;open-source et de logiciels libres sont politiquement li\u00e9es ( voir nos pr\u00e9c\u00e9dents articles)\u00a0!!<\/strong><\/p>\n<p><a href=\"https:\/\/gsara.tv\/ep\/wp-content\/uploads\/2016\/07\/un_lead.jpg\"><span style=\"color: #000080;\"><img loading=\"lazy\" decoding=\"async\" src=\"https:\/\/gsara.tv\/ep\/wp-content\/uploads\/2016\/07\/un_lead.jpg\" alt=\"un_lead\" width=\"520\" height=\"292\" name=\"graphics23\" align=\"BOTTOM\" border=\"2\" \/><\/span><\/a><\/p>\n<p>CONCLUSION\u00a0: CODE IS LAW<\/p>\n<p><strong>L&rsquo;adaptation des r\u00e8gles du droit traditionnel aux dynamiques du monde num\u00e9rique ne se fait pas sans peine. Neutralit\u00e9 du net, droit \u00e0 l&rsquo;oubli, uberisation, hyper-trading, droits d&rsquo;auteurs, etc. Autant de champs qui sont aujourd&rsquo;hui encore en friche.<\/strong><\/p>\n<p>A la veille d&rsquo;une nouvelle r\u00e9volution annonc\u00e9e, on s&rsquo;affole, on se documente, on r\u00e9fl\u00e9chit un peu puis on s&rsquo;organise. Histoire ne pas r\u00e9p\u00e9ter les erreurs du pass\u00e9.<\/p>\n<ol>\n<li>Difficile dialogue entre la vision juridique et la vision technique<\/li>\n<li>Trop grande libert\u00e9 du p\u00f4le \u00ab\u00a0Priv\u00e9\u00a0\u00bb qui profite du vide ainsi laiss\u00e9 pour fonder des empires difficiles \u00e0 contr\u00f4ler.<\/li>\n<li>Appropriation citoyenne des techniques trop faible et inf\u00e9od\u00e9e \u00e0 ces entreprises du logiciels.<\/li>\n<li>Enseignement du num\u00e9rique \u00e0 la ramasse.<\/li>\n<li>R\u00e9ticence du pouvoir politique \u00e0 avancer dans ces questions. En Belgique, c&rsquo;est calamiteux.<\/li>\n<\/ol>\n<p><a href=\"https:\/\/gsara.tv\/ep\/wp-content\/uploads\/2016\/07\/Ck6UtAHWUAA-Ox4.jpg\"><span style=\"color: #000080;\"><img loading=\"lazy\" decoding=\"async\" src=\"https:\/\/gsara.tv\/ep\/wp-content\/uploads\/2016\/07\/Ck6UtAHWUAA-Ox4-300x169.jpg\" alt=\"Ck6UtAHWUAA-Ox4\" width=\"300\" height=\"169\" name=\"graphics24\" align=\"BOTTOM\" border=\"2\" \/><\/span><\/a><\/p>\n<p><a href=\"https:\/\/gsara.tv\/ep\/wp-content\/uploads\/2016\/07\/disruptive-disruption-uber-uberisation-economie-collaborative-reseau-plateforme-travail-taille-marche-efficience-valeur-p2p.png\"><span style=\"color: #000080;\"><img loading=\"lazy\" decoding=\"async\" src=\"https:\/\/gsara.tv\/ep\/wp-content\/uploads\/2016\/07\/disruptive-disruption-uber-uberisation-economie-collaborative-reseau-plateforme-travail-taille-marche-efficience-valeur-p2p.png\" alt=\"\" width=\"291\" height=\"204\" name=\"graphics25\" align=\"BOTTOM\" border=\"2\" \/><\/span><\/a><\/p>\n<p>Comment s&#8217;emparer de ce nouvel environnement en respectant au mieux les principes qui nous sont chers\u00a0: droits de l&rsquo;homme et d\u00e9mocratie ?<\/p>\n<p>La blockchain porte en elle des promesses de transparence, d&rsquo;efficience, de collaboration, de libert\u00e9 d&rsquo;entreprendre (au sens tr\u00e8s large), de d\u00e9mocratie d\u00e9centralis\u00e9e, \u2026<\/p>\n<p>Mais le combat aura lieu entre les tendances habituellement pr\u00e9sentes dans la soci\u00e9t\u00e9. Regardez d\u00e9j\u00e0 ce qu&rsquo;il se passe chez les d\u00e9veloppeurs d&rsquo;applications dans le monde du bitcoin\u00a0: <a href=\"https:\/\/www.numerama.com\/business\/150218-les-guerres-intestines-peuvent-avoir-la-peau-du-bitcoin.html\">core ou classic\u00a0<\/a>? Chacun est somm\u00e9 de prendre position\u00a0!<\/p>\n<p><a href=\"https:\/\/gsara.tv\/ep\/wp-content\/uploads\/2016\/07\/credits-imgur.com_.jpg\"><span style=\"color: #000080;\"><img loading=\"lazy\" decoding=\"async\" src=\"https:\/\/gsara.tv\/ep\/wp-content\/uploads\/2016\/07\/credits-imgur.com_-300x169.jpg\" alt=\"credits-imgur.com\" width=\"300\" height=\"169\" name=\"graphics26\" align=\"BOTTOM\" border=\"2\" \/><\/span><\/a><\/p>\n<p><em>M\u00eame si elle fait beaucoup parler d\u2019elle, nous sommes probablement dans le d\u00e9but de l\u2019upcycle \u00e9conomique de la blockchain qui ne fonctionnera v\u00e9ritablement que dans 10 ou 15 ans. Je m\u2019attends n\u00e9anmoins \u00e0 voir les premiers prototypes fonctionnels en 2017 ( <a href=\"https:\/\/blogfr.p2pfoundation.net\/?s=blockchain\">M. Bauwens<\/a><\/em><em>)<\/em><br \/>\nAppel :<br \/>\n<a href=\"https:\/\/gsara.tv\/ep\/wp-content\/uploads\/2016\/07\/tumblr_lcy7x078jH1qdezf9o1_400.gif\"><span style=\"color: #000080;\"><img loading=\"lazy\" decoding=\"async\" src=\"https:\/\/gsara.tv\/ep\/wp-content\/uploads\/2016\/07\/tumblr_lcy7x078jH1qdezf9o1_400-300x171.gif\" alt=\"\" width=\"314\" height=\"179\" name=\"graphics27\" align=\"BOTTOM\" border=\"2\" \/><\/span><\/a><\/p>\n<p>Codeurs de gauche, il serait peut-\u00eatre temps de penser \u00e0 nos responsabilit\u00e9s.<\/p>\n<p>Juristes de gauche, il serait peut-\u00eatre temps de penser \u00e0 nos codeurs.<\/p>\n<p>Repr\u00e9sentants de la soci\u00e9t\u00e9 civile,\u00a0 il serait peut-\u00eatre temps de penser \u00e0 la blockchain.<\/p>\n<p>&nbsp;<\/p>\n<p>&nbsp;<\/p>\n<p>&nbsp;<\/p>\n<p>&nbsp;<\/p>\n<p>&#8212;&#8212;&#8212;&#8211;liens&#8212;&#8212;<\/p>\n<p>&nbsp;<\/p>\n<h4 class=\"western\">Comprendre la blockchain\u00a0:<\/h4>\n<ul>\n<li><a href=\"https:\/\/rue89.nouvelobs.com\/2016\/02\/16\/blockchain-expliquee-a-belle-mere-moins-trois-minutes-263129\">https:\/\/rue89.nouvelobs.com\/2016\/02\/16\/blockchain-expliquee-a-belle-mere-moins-trois-minutes-263129<\/a><\/li>\n<li><a href=\"https:\/\/www.paristechreview.com\/2016\/03\/23\/explosion-cambrienne-blockchain\/\">https:\/\/www.paristechreview.com\/2016\/03\/23\/explosion-cambrienne-blockchain\/<\/a><\/li>\n<li><a href=\"https:\/\/www.edtechstrategies.com\/blog\/future-blockchain-education\/\">10 Things To Know about the Future of Blockchain in Education <\/a><\/li>\n<li>conf\u00e9rence <a href=\"https:\/\/blockchainfrance.net\/le-big-bang-blockchain-14-janvier-a-escp-europe\/\">Big Bang Blockchain<\/a><\/li>\n<li><a href=\"https:\/\/www.youtube.com\/watch?v=g6bLa4Ua7_E\">Ch. Faur\u00e9 \u00ab\u00a0La blockchain au del\u00e0 du Bitcoin\u00a0\u00bb <\/a><\/li>\n<li><a href=\"https:\/\/framablog.org\/2016\/01\/30\/la-blockchain-au-dela-du-bitcoin\/\">https:\/\/framablog.org\/2016\/01\/30\/la-blockchain-au-dela-du-bitcoin\/<\/a><\/li>\n<li><a href=\"https:\/\/blog.octo.com\/big-bang-blockchain-compte-rendu-de-la-conference-du-14-janvier\/\">https:\/\/blog.octo.com\/big-bang-blockchain-compte-rendu-de-la-conference-du-14-janvier\/<\/a><\/li>\n<\/ul>\n<p>&nbsp;<\/p>\n<h4 class=\"western\">Exp\u00e9riences blockchain en cours<\/h4>\n<ul>\n<li><a href=\"https:\/\/blockchainfrance.net\/2015\/09\/16\/le-honduras-adopte-la-blockchain\/\">https:\/\/blockchainfrance.net\/2015\/09\/16\/le-honduras-adopte-la-blockchain\/<\/a><\/li>\n<li><a href=\"https:\/\/www.atelier.net\/trends\/articles\/netexplo-2016-bitland-redessine-carte-de-afrique-grace-blockchain_440076\">https:\/\/www.atelier.net\/trends\/articles\/netexplo-2016-bitland-redessine-carte-de-afrique-grace-blockchain_440076<\/a><\/li>\n<li><a href=\"https:\/\/www.makery.info\/2016\/04\/19\/plantoid-la-conscience-ecologique-par-lart-blockchain\/\">https:\/\/www.makery.info\/2016\/04\/19\/plantoid-la-conscience-ecologique-par-lart-blockchain\/<\/a><\/li>\n<li><a href=\"https:\/\/blockchainfrance.net\/2016\/03\/29\/blockchain-bercy-bons\/\">Bercy offre un cadre d\u2019exp\u00e9rimentation aux blockchains pour le financement des PME<\/a><\/li>\n<\/ul>\n<p>&nbsp;<\/p>\n<h4 class=\"western\">Bataille bitcoin, Core vs classic<\/h4>\n<ul>\n<li><a href=\"https:\/\/www.numerama.com\/business\/150218-les-guerres-intestines-peuvent-avoir-la-peau-du-bitcoin.html\">https:\/\/www.numerama.com\/business\/150218-les-guerres-intestines-peuvent-avoir-la-peau-du-bitcoin.html<\/a><\/li>\n<li><a href=\"https:\/\/www.theverge.com\/2016\/2\/9\/10946072\/bitcoin-core-classic-software-block-size-debate\">https:\/\/www.theverge.com\/2016\/2\/9\/10946072\/bitcoin-core-classic-software-block-size-debate<\/a><\/li>\n<\/ul>\n<h4 class=\"western\">Politique vs num\u00e9rique, \u00e7a grince, \u00e7a forke<\/h4>\n<ul>\n<li><a href=\"https:\/\/www.mag-securs.com\/news\/articletype\/articleview\/articleid\/34792\/bitcoin-les-utilisateurs-russes-risquent-gros-desormais.aspx\">https:\/\/www.mag-securs.com\/news\/articletype\/articleview\/articleid\/34792\/bitcoin-les-utilisateurs-russes-risquent-gros-desormais.aspx<\/a><\/li>\n<li><a href=\"https:\/\/ammilgaoul.blogspot.be\/2015_12_01_archive.html\">le \u00ab\u00a0monde num\u00e9rique\u00a0\u00bb, c&rsquo;est kwa\u00e7a\u00a0?<\/a><\/li>\n<li><a href=\"https:\/\/www.journaldunet.com\/solutions\/expert\/64227\/la-blockchain--une-machine-a-creer-de-la-confiance-numerique.shtml\">Regulateurs et tiers de confiance\u00a0:<\/a> La blockchain, une machine \u00e0 cr\u00e9er de la confiance num\u00e9rique<\/li>\n<li>Alternative Economies and Reputation-Based Systems &#8211; COALA&rsquo;s Blockchain Workshops\u00a0: <a href=\"https:\/\/youtu.be\/aM57WEl0cDI\">https:\/\/youtu.be\/aM57WEl0cDI<\/a><\/li>\n<\/ul>\n<p>&nbsp;<\/p>\n<h4 class=\"western\">Citoyennet\u00e9 et outils num\u00e9riques<\/h4>\n<ul>\n<li><a href=\"https:\/\/scinfolex.com\/2016\/03\/16\/vers-une-convergence-entre-blockchain-et-les-licences-creative-commons\/\">blockchain et Creative commons\u00a0?<\/a><\/li>\n<li><a href=\"https:\/\/blogfr.p2pfoundation.net\/index.php\/2016\/05\/02\/blockchain-reve-technocratique-a-loutil-emancipateur\/\">https:\/\/blogfr.p2pfoundation.net\/index.php\/2016\/05\/02\/blockchain-reve-technocratique-a-loutil-emancipateur\/<\/a><\/li>\n<li><a href=\"https:\/\/opentranscripts.org\/transcript\/biomolecular-computing-internet-democracy\/\">https:\/\/opentranscripts.org\/transcript\/biomolecular-computing-internet-democracy\/<\/a><\/li>\n<li><a href=\"https:\/\/www.v-initiative.org\/\">https:\/\/www.v-initiative.org\/<\/a><\/li>\n<li><a href=\"https:\/\/followmyvote.com\/\">https:\/\/followmyvote.com\/<\/a><\/li>\n<\/ul>\n<p>&nbsp;<\/p>\n<h4 class=\"western\">NDLR: En Belgique.<\/h4>\n<p>Vous \u00e9crire cette petite tranche de vulgate sur ce bazaar m\u2019a demand\u00e9 un petit effort de documentation. J\u2019ai ainsi eu assez peu de temps pour explorer le web sur les traces de la blockchain belge. La plupart des sites en fran\u00e7ais proviennent de France et j\u2019ai privil\u00e9gi\u00e9 cette langue pour mon initiation au sujet. Cette plate justification faite, voici tout-de-m\u00eame un r\u00e9sum\u00e9 de\u00a0 la recherche Google\u00a0: \u00ab\u00a0blockchain belgium\u00a0\u00bb\u00a0:<\/p>\n<p><strong>Les financiers sont dessus, m\u00eame les plus encravat\u00e9s, et ils flippent\u00a0:<\/strong><\/p>\n<ul>\n<li><a href=\"https:\/\/www.belfinclub.be\/fr\/news\/202_rencontre-du-belgian-finance-club-du-25-avril-2016-le-blockchain-vers-luberisation-des-banques\">https:\/\/www.belfinclub.be\/fr\/news\/202_rencontre-du-belgian-finance-club-du-25-avril-2016-le-blockchain-vers-luberisation-des-banques<\/a><\/li>\n<li><a href=\"https:\/\/www2.deloitte.com\/uk\/en\/pages\/innovation\/articles\/blockchain.html\">https:\/\/www2.deloitte.com\/uk\/en\/pages\/innovation\/articles\/blockchain.html<\/a><\/li>\n<li><a href=\"https:\/\/www.ebtm.be\/\">https:\/\/www.ebtm.be\/<\/a><\/li>\n<li><a href=\"https:\/\/www.gsebelux.com\/node\/246\">https:\/\/www.gsebelux.com\/node\/246<\/a><\/li>\n<\/ul>\n<p>&nbsp;<\/p>\n<ul>\n<li>Les fran\u00e7ais ont l\u2019air mieux partis\u00a0: <a href=\"https:\/\/securities.bnpparibas.com\/quintessence\/fr\/hot-topics\/beyond\/a-practical-guide-to-blockchain.html\">https:\/\/securities.bnpparibas.com\/quintessence\/fr\/hot-topics\/beyond\/a-practical-guide-to-blockchain.html<\/a><\/li>\n<li>Emmanuel Macron a invit\u00e9 ses coll\u00e8gues au colloque <em>\u00ab\u00a0Blockchain\u00a0: Disruption et Opportunit\u00e9s\u00a0\u00bb <\/em>organis\u00e9 par la <em>Commission Sup\u00e9rieure du Service Public des Postes et des Communications Electroniques<\/em> , en mars 2016\u00a0: <a href=\"https:\/\/bitcoin.fr\/la-blockchain-a-lassemblee-nationale-2\/\">https:\/\/bitcoin.fr\/la-blockchain-a-lassemblee-nationale-2\/<\/a><\/li>\n<\/ul>\n<p>&nbsp;<\/p>\n<p><strong>Il existe quelques groupes Facebook, tous plus ou moins \u00e0 l&rsquo;arr\u00eat.<\/strong><\/p>\n<p><strong>Quelques articles dans la presse. Les plus lib\u00e9raux en premier :<\/strong><\/p>\n<ul>\n<li><a href=\"https:\/\/www.lalibre.be\/economie\/actualite\/comment-le-blockchainva-revolutionner-la-societe-56b1c3133570fdebf5b03631\">https:\/\/www.lalibre.be\/economie\/actualite\/comment-le-blockchainva-revolutionner-la-societe-56b1c3133570fdebf5b03631<\/a><\/li>\n<\/ul>\n<ul>\n<li><a href=\"https:\/\/trends.levif.be\/economie\/banque-et-finance\/blockchain-la-technologie-qui-pourrait-revolutionner-l-univers-de-la-banque\/article-normal-441585.html\">https:\/\/trends.levif.be\/economie\/banque-et-finance\/blockchain-la-technologie-qui-pourrait-<\/a><a href=\"https:\/\/trends.levif.be\/economie\/banque-et-finance\/blockchain-la-technologie-qui-pourrait-revolutionner-l-univers-de-la-banque\/article-normal-441585.html\">revolutionner-l-univers-de-la-banque\/article-normal-441585.html<\/a><\/li>\n<\/ul>\n<p>&nbsp;<\/p>\n<p><strong>Conf\u00e9rence, colloques<\/strong><\/p>\n<ul>\n<li><a href=\"https:\/\/www.simontbraun.eu\/en\/news\/2034-in\">https:\/\/www.simontbraun.eu\/en\/news\/2034-in (avocats)<\/a><\/li>\n<li>Par contre, en Flandres \u00e0 eu lieu r\u00e9cemment un colloque int\u00e9ressant : <a href=\"https:\/\/leveninleuven.be\/2016\/03\/01\/blockchain-vlaanderen-meetup\/\">https:\/\/leveninleuven.be\/2016\/03\/01\/blockchain-vlaanderen-meetup\/<\/a><\/li>\n<li>Mr Moreau, professeur \u00e0 le KUL fait le tour du monde pour expliquer la blockchain : <a href=\"https:\/\/blockchainfrance.net\/2016\/02\/02\/la-place-de-letat-et-du-droit-dans-la-blockchain\/\">https:\/\/blockchainfrance.net\/2016\/02\/02\/la-place-de-letat-et-du-droit-dans-la-blockchain\/<\/a><\/li>\n<li><a href=\"https:\/\/www.tedxbrussels.eu\/yves-moreau\/\">https:\/\/www.tedxbrussels.eu\/yves-moreau\/<\/a><\/li>\n<li><a name=\"page-title\"><\/a>Et l&rsquo;Europe \u00e0 pris les devants aussi et pose la question : <em>Blockchains for Social Good : <\/em><em><a href=\"https:\/\/ec.europa.eu\/digital-single-market\/en\/news\/blockchains-social-good\">https:\/\/ec.europa.eu\/digital-single-market\/en\/news\/blockchains-social-good<\/a><\/em><\/li>\n<\/ul>\n<p><strong>\u00a0Bernard Fostier<\/strong><\/p>\n<p>&nbsp;<\/p>\n<p>&nbsp;<\/p>\n<p>&nbsp;<\/p>\n<p>&nbsp;<\/p>\n<p>&nbsp;<\/p>\n<p>&nbsp;<\/p>\n<p>&nbsp;<\/p>\n<p>&nbsp;<\/p>\n<p><strong>\u00a0<\/strong><\/p>\n<p>&nbsp;<\/p>\n<p>&nbsp;<\/p>\n","protected":false},"excerpt":{"rendered":"<p>Comment s&#8217;emparer de ce nouvel environnement en respectant au mieux les principes qui nous sont chers : droits de l&rsquo;homme et d\u00e9mocratie ?<\/p>\n<p>La blockchain porte en elle des promesses de transparence, d&rsquo;efficience, de collaboration, de libert\u00e9 d&rsquo;entreprendre (au sens tr\u00e8s large), de d\u00e9mocratie d\u00e9centralis\u00e9e, \u2026<\/p>\n","protected":false},"author":10,"featured_media":2175,"comment_status":"closed","ping_status":"open","sticky":false,"template":"","format":"standard","meta":{"footnotes":""},"categories":[1],"tags":[],"class_list":["post-2070","post","type-post","status-publish","format-standard","has-post-thumbnail","hentry","category-uncategorized"],"_links":{"self":[{"href":"https:\/\/www.causestoujours.be\/wp-json\/wp\/v2\/posts\/2070","targetHints":{"allow":["GET"]}}],"collection":[{"href":"https:\/\/www.causestoujours.be\/wp-json\/wp\/v2\/posts"}],"about":[{"href":"https:\/\/www.causestoujours.be\/wp-json\/wp\/v2\/types\/post"}],"author":[{"embeddable":true,"href":"https:\/\/www.causestoujours.be\/wp-json\/wp\/v2\/users\/10"}],"replies":[{"embeddable":true,"href":"https:\/\/www.causestoujours.be\/wp-json\/wp\/v2\/comments?post=2070"}],"version-history":[{"count":41,"href":"https:\/\/www.causestoujours.be\/wp-json\/wp\/v2\/posts\/2070\/revisions"}],"predecessor-version":[{"id":2295,"href":"https:\/\/www.causestoujours.be\/wp-json\/wp\/v2\/posts\/2070\/revisions\/2295"}],"wp:featuredmedia":[{"embeddable":true,"href":"https:\/\/www.causestoujours.be\/wp-json\/wp\/v2\/media\/2175"}],"wp:attachment":[{"href":"https:\/\/www.causestoujours.be\/wp-json\/wp\/v2\/media?parent=2070"}],"wp:term":[{"taxonomy":"category","embeddable":true,"href":"https:\/\/www.causestoujours.be\/wp-json\/wp\/v2\/categories?post=2070"},{"taxonomy":"post_tag","embeddable":true,"href":"https:\/\/www.causestoujours.be\/wp-json\/wp\/v2\/tags?post=2070"}],"curies":[{"name":"wp","href":"https:\/\/api.w.org\/{rel}","templated":true}]}}