{"id":247,"date":"2014-06-09T16:30:07","date_gmt":"2014-06-09T16:30:07","guid":{"rendered":"https:\/\/gsara.tv\/causes\/?p=247"},"modified":"2014-07-08T16:30:32","modified_gmt":"2014-07-08T16:30:32","slug":"zintv-nouvelle-vision-medias","status":"publish","type":"post","link":"https:\/\/www.causestoujours.be\/zintv-nouvelle-vision-medias\/","title":{"rendered":"ZIN TV : une nouvelle vision des m\u00e9dias"},"content":{"rendered":"<h2><strong>R\u00e9inventer les m\u00e9dias<\/strong><\/h2>\n<p><strong>\u00ab <a href=\"https:\/\/www.zintv.org\/?lang=fr\">ZIN TV<\/a> est un outil qui donne \u00e0 entendre la parole des invisibles et \u00e0 voir la r\u00e9alit\u00e9 des quartiers d\u2019ici et d\u2019ailleurs. Notre mission est de valoriser intellectuellement, culturellement, socialement et politiquement le potentiel cr\u00e9atif d\u2019une population souvent exclue des m\u00e9dias classiques. Mettre en relation l\u2019intelligence, la cr\u00e9ativit\u00e9 populaire et les mouvements sociaux enrichit les analyses et structure les engagements respectifs \u00bb.<\/strong><\/p>\n<p><a href=\"https:\/\/gsara.tv\/causes\/wp-content\/uploads\/2014\/06\/zintv.png\"><img loading=\"lazy\" decoding=\"async\" class=\"alignnone wp-image-281 size-full\" src=\"https:\/\/gsara.tv\/causes\/wp-content\/uploads\/2014\/06\/zintv.png\" alt=\"zintv\" width=\"931\" height=\"542\" srcset=\"https:\/\/www.causestoujours.be\/wp-content\/uploads\/2014\/06\/zintv.png 931w, https:\/\/www.causestoujours.be\/wp-content\/uploads\/2014\/06\/zintv-300x174.png 300w, https:\/\/www.causestoujours.be\/wp-content\/uploads\/2014\/06\/zintv-210x122.png 210w\" sizes=\"auto, (max-width: 931px) 100vw, 931px\" \/><\/a><\/p>\n<p>Nous sommes all\u00e9s \u00e0 la rencontre d\u2019un des fondateurs de ZIN TV, Ronnie Ramirez, pour un zoom sur ce projet \u00e0 l\u2019avenir prometteur, laboratoire d\u2019id\u00e9es et de pratiques de personnes engag\u00e9es autour de la conviction d\u2019une n\u00e9cessit\u00e9 de r\u00e9inventer les m\u00e9dias.<\/p>\n<p><strong>Une t\u00e9l\u00e9 bas\u00e9e sur la participation citoyenne<\/strong><\/p>\n<p>T\u00e9l\u00e9vision d\u2019action collective, ZIN TV est une initiative lanc\u00e9e il y a 4 ans et propose un m\u00e9dia qui donne la parole aux citoyens tout en leur en offrant les moyens\u00a0par des formations et un espace de diffusion. \u00ab\u00a0Les militants sociaux, les citoyens engag\u00e9s et les personnes appartenant \u00e0 une structure associative sont des participants fr\u00e9quents \u00e0 qui l\u2019on propose un apprentissage en trois niveaux : une initiation sous forme d\u2019ateliers, une application gr\u00e2ce \u00e0 des stages et un perfectionnement \u00e0 travers l\u2019\u00e9laboration de projets \u00bb, nous explique Ramirez.<\/p>\n<p>Au-del\u00e0 de la critique des m\u00e9dias centraux, sur laquelle beaucoup de personnes s\u2019entendent, l\u2019\u00e9quipe de ZIN TV a pour ambition de passer \u00e0 l\u2019action, en r\u00e9inventant ce qui ne lui convient pas dans les m\u00e9dias, en proposant autre chose. Le principal objectif est de donner la parole \u00e0 la population, et les moyens de l\u2019exprimer\u00a0comme l&rsquo;indique le fondateur de ZIN TV :<\/p>\n<p>\u00ab\u00a0<em> On fera tous la m\u00eame analyse, y compris les professionnels des m\u00e9dias eux-m\u00eames. Par exemple, les \u00e9missions diffus\u00e9es \u00e0 la t\u00e9l\u00e9 qui critiquent la t\u00e9l\u00e9 existent depuis longtemps. Mais pour nous la question n\u2019est pas l\u00e0. Si les m\u00e9dias sont devenus un \u201c4e pouvoir\u201d, ils sont clairement sans contre-pouvoir. Presque tout leur est permis. De traiter de dictateur un pr\u00e9sident d\u00e9mocratiquement \u00e9lu tout simplement parce que sa politique ne correspond pas \u00e0 celle de Washington par exemple. Pour l\u2019\u00e9quipe de ZIN TV, plut\u00f4t que de nous d\u00e9finir par rapport aux m\u00e9dias commerciaux et publics, qui se sont tous agenouill\u00e9s devant le syst\u00e8me de l\u2019audimat, nous nous envisageons comme un espace d\u2019oxyg\u00e8ne o\u00f9 l\u2019on peut essayer des choses, inventer un nouveau m\u00e9dia sur une base qui ne soit pas commerciale mais bien ax\u00e9e sur la participation citoyenne car nous pensons que la population poss\u00e8de une forme d\u2019intelligence collective qui doit \u00eatre mise \u00e0 profit et valoris\u00e9e. Il faut donc la travailler. C\u2019est pour cela que ZinTv se propose \u00e0 travers ses formations des citoyens, de les familiariser au langage audiovisuel, pour qu\u2019ils cr\u00e9ent eux-m\u00eames leur propre outil d\u2019expression et que ZinTv soit un outil d\u2019expression au service des gens<\/em>\u00a0\u00bb.<\/p>\n<div class=\"exergue\">\u201c nous nous envisageons comme un espace d\u2019oxyg\u00e8ne o\u00f9 l\u2019on peut essayer des choses, inventer un nouveau m\u00e9dia sur une base qui ne soit pas commerciale mais bien ax\u00e9e sur la participation citoyenne car nous pensons que la population poss\u00e8de une forme d\u2019intelligence collective qui doit \u00eatre mise \u00e0 profit et valoris\u00e9e.\u201d<\/div>\n<p><strong>Assumer un point de vue<\/strong><\/p>\n<p>ZIN TV se veut un outil d\u2019expression ax\u00e9 sur l\u2019engagement social. On y d\u00e9fend un mod\u00e8le de formation qui s\u2019adresse aux citoyens, militants sociaux, journalistes engag\u00e9s, m\u00e9diactivistes et s\u2019oppose \u00e0 l\u2019individualisme cultiv\u00e9 dans les \u00e9coles de cin\u00e9ma. \u00ab\u00a0<em>Ce qui nous int\u00e9resse c\u2019est de r\u00e9\u00e9duquer nos militants, qu\u2019ils aient un autre imaginaire que celui de la t\u00e9l\u00e9vision dominante et d\u2019Hollywood. Nous avons d\u2019autres ressources. L\u2019histoire de l\u2019\u00e9mancipation des peuples est nourrie d\u2019\u0153uvres qui ont marqu\u00e9 l\u2019humanit\u00e9. \u00c0 ZIN TV, on se situe dans une filiation d\u2019h\u00e9ritages cin\u00e9matographiques. Nous avons un panth\u00e9on de cin\u00e9astes qui nous ont \u00e9clair\u00e9s, qui eux aussi ont tent\u00e9 de cr\u00e9er des m\u00e9dias. Roberto Rossellini, Santiago Alvarez, et Jean-Luc Godard par exemple. Ce sont des r\u00e9f\u00e9rences qui nourrissent nos pratiques<\/em>\u00a0\u00bb, poursuit Ramirez.<\/p>\n<p>ZIN TV, c\u2019est \u00e9galement un r\u00e9seau \u00e9largi de personnes r\u00e9unies autour d\u2019un m\u00eame objectif, la proposition d\u2019un m\u00e9dia qui soit r\u00e9ellement d\u00e9mocratique. Un r\u00e9seau de projets similaires dans le monde, d\u2019une part\u00a0: \u00ab\u00a0<em>on essaye de prendre position dans l\u2019\u00e9poque o\u00f9 l\u2019on vit, c\u2019est l\u2019air d\u2019Internet, des technologies qui font qu\u2019on peut \u00eatre connect\u00e9 avec le monde tr\u00e8s facilement. On a donc par exemple d\u00e9velopp\u00e9 cet aspect de relations internationales avec des gens qui font la m\u00eame chose que nous, parce qu\u2019on n\u2019est pas les seuls ni les premiers \u00e0 proposer ce genre d\u2019initiative<\/em>\u00a0\u00bb, ajoute Ramirez. D&rsquo;autre part, c\u2019est un r\u00e9seau de personnes travaillant b\u00e9n\u00e9volement pour que le projet puisse grandir. C\u2019est enfin un ancrage profond dans le tissu citoyen et militant de la population, gagn\u00e9 par un travail de fond qui se fait dans l\u2019anonymat. ZinTv s\u2019attache \u00e0 \u00eatre un trait d\u2019union entre les m\u00e9dias et les militants sociaux en cultivant une attitude f\u00e9d\u00e9ratrice, en d\u00e9veloppant des coproductions et des partenariats. En effet, la r\u00e9invention des m\u00e9dias n\u00e9cessite un engagement sinc\u00e8re et actif de nombreuses personnes pour qu\u2019une proposition puisse voir le jour, \u00e9voluer et grandir.<\/p>\n<p>Les fondements du projet sont amen\u00e9s \u00e0 \u00eatre constamment remis en question. Espace d\u2019oxyg\u00e8ne, laboratoire de mise en pratique d\u2019id\u00e9es cr\u00e9atives, ZIN TV n\u2019entend pas \u00eatre la solution toute trouv\u00e9e \u00e0 la machinerie des m\u00e9dias centraux mais se bat pour une diversit\u00e9 dans l\u2019information en proposant des formes nouvelles d\u2019organisation, de diffusion, et de production de l\u2019information.<\/p>\n<p><strong>Une vision de m\u00e9dias qui montre de l\u2019espoir<\/strong><\/p>\n<p>Qu\u2019est-ce qu\u2019un bon m\u00e9dia\u00a0? C\u2019est la question que l\u2019on peut se poser suite \u00e0 une r\u00e9flexion sur le traitement m\u00e9diatique de l\u2019information et que nous avons voulu inciter \u00e0 se poser \u00e0 travers ce dossier sp\u00e9cial. La vision de Ronnie Ramirez est celle d\u2019un m\u00e9dia \u00ab\u00a0qui est politiquement incorrect, avec vitalit\u00e9, qui repr\u00e9sente la vraie vision de la citoyennet\u00e9, qui se vit avec humour, avec \u00e9rotisme avec intelligence. Qui ne se focalise pas sur la partie lamentable des gens mais sur la partie intelligente. La partie lamentable on la conna\u00eet. Et aussi, qui montre des gens qui cherchent des solutions, qui montre de l\u2019espoir\u00a0\u00bb.<\/p>\n<p>Alors, si dans le coin de nos t\u00eates, nous nous demandons \u2018est-ce possible\u00a0de mettre en place de r\u00e9elles alternatives m\u00e9diatiques\u00a0?\u2019, le projet ZinTV est un exemple que l\u2019on peut mettre en place des choses concr\u00e8tes qui vont dans le sens d\u2019une am\u00e9lioration des m\u00e9dias, qui constituent une proposition de red\u00e9finition, un langage propre. \u00ab\u00a0Mais il faut assumer que rien ne dure et je pense qu\u2019un \u00e9l\u00e9ment crucial est la capacit\u00e9 \u00e0 se refonder sans cesse, c\u2019est ce qui manque le plus actuellement\u00a0\u00bb, conclut le fondateur de ZIN TV.<\/p>\n<p>Sans oublier que les choix politiques sont un aspect d\u00e9terminant des perspectives possibles \u00e9galement. Ronnie Ramirez le rappelle, \u00ab\u00a0par exemple, en Argentine, des politiciens courageux ont divis\u00e9 le spectre hertzien en trois : un tiers pour les t\u00e9l\u00e9visions commerciales, un tiers pour les t\u00e9l\u00e9visions publiques et un 3e pour les communautaires. \u00c7a a permis \u00e0 l\u2019Argentine de cr\u00e9er une cha\u00eene sp\u00e9cialement pour diffuser du cin\u00e9ma argentin. Quelle formidable soutien et valorisation de leurs artistes dans leur pays, en leur offrant des d\u00e9bouch\u00e9es !\u00a0\u00bb.<\/p>\n<p>Avec de la cr\u00e9ativit\u00e9, de l\u2019engagement et du travail, beaucoup de choses deviennent possibles. Les m\u00e9dias suivent un sch\u00e9ma tr\u00e8s complexe, il est parfois difficile d\u2019y voir clair, difficile de savoir quoi faire face aux constats. Mais s\u2019il fallait une conclusion \u00e0 tout ceci, elle serait peut-\u00eatre que rien ne sert de s\u2019opposer et de rejeter ce qui ne nous convient pas dans notre soci\u00e9t\u00e9, et qu\u2019il importe de mobiliser cette belle cr\u00e9ativit\u00e9 dont l\u2019homme est capable afin d\u2019utiliser ce qui existe, d\u2019en tirer les meilleures potentialit\u00e9s pour construire un avenir qui se red\u00e9finisse sans cesse vers un mieux.<\/p>\n<p><strong>Lynn Dewitte<\/strong><\/p>\n","protected":false},"excerpt":{"rendered":"<p>ZINTV est un outil qui donne \u00e0 entendre la parole des invisibles et \u00e0 voir la r\u00e9alit\u00e9 des quartiers d\u2019ici et d\u2019ailleurs. Notre mission est de valoriser intellectuellement, culturellement, socialement et politiquement le potentiel cr\u00e9atif d\u2019une population souvent exclue des m\u00e9dias classiques.<\/p>\n","protected":false},"author":10,"featured_media":282,"comment_status":"open","ping_status":"open","sticky":false,"template":"","format":"standard","meta":{"footnotes":""},"categories":[2,16],"tags":[28,30],"class_list":["post-247","post","type-post","status-publish","format-standard","has-post-thumbnail","hentry","category-dossier","category-dominance-et-medias","tag-medias","tag-zin-tv"],"_links":{"self":[{"href":"https:\/\/www.causestoujours.be\/wp-json\/wp\/v2\/posts\/247","targetHints":{"allow":["GET"]}}],"collection":[{"href":"https:\/\/www.causestoujours.be\/wp-json\/wp\/v2\/posts"}],"about":[{"href":"https:\/\/www.causestoujours.be\/wp-json\/wp\/v2\/types\/post"}],"author":[{"embeddable":true,"href":"https:\/\/www.causestoujours.be\/wp-json\/wp\/v2\/users\/10"}],"replies":[{"embeddable":true,"href":"https:\/\/www.causestoujours.be\/wp-json\/wp\/v2\/comments?post=247"}],"version-history":[{"count":18,"href":"https:\/\/www.causestoujours.be\/wp-json\/wp\/v2\/posts\/247\/revisions"}],"predecessor-version":[{"id":386,"href":"https:\/\/www.causestoujours.be\/wp-json\/wp\/v2\/posts\/247\/revisions\/386"}],"wp:featuredmedia":[{"embeddable":true,"href":"https:\/\/www.causestoujours.be\/wp-json\/wp\/v2\/media\/282"}],"wp:attachment":[{"href":"https:\/\/www.causestoujours.be\/wp-json\/wp\/v2\/media?parent=247"}],"wp:term":[{"taxonomy":"category","embeddable":true,"href":"https:\/\/www.causestoujours.be\/wp-json\/wp\/v2\/categories?post=247"},{"taxonomy":"post_tag","embeddable":true,"href":"https:\/\/www.causestoujours.be\/wp-json\/wp\/v2\/tags?post=247"}],"curies":[{"name":"wp","href":"https:\/\/api.w.org\/{rel}","templated":true}]}}