{"id":2474,"date":"2016-12-22T16:28:56","date_gmt":"2016-12-22T16:28:56","guid":{"rendered":"https:\/\/gsara.tv\/causes\/?p=2474"},"modified":"2017-03-07T16:21:10","modified_gmt":"2017-03-07T16:21:10","slug":"archive-entretien-jean-paul-trefois-producteur-de-lemission-videographies","status":"publish","type":"post","link":"https:\/\/www.causestoujours.be\/archive-entretien-jean-paul-trefois-producteur-de-lemission-videographies\/","title":{"rendered":"[Archive] Entretien avec Jean-Paul Tr\u00e9fois &#8211; Producteur de l&rsquo;\u00e9mission \u00ab\u00a0Vid\u00e9ographie\u00a0\u00bb"},"content":{"rendered":"<p><strong>\u00ab <\/strong><strong>N\u00e9e dans les ann\u00e9es septante \u00e0 l\u2019initiative du producteur Jean-Paul Tr\u00e9fois et de Robert St\u00e9phane, <em>Vid\u00e9ographie<\/em> fut la premi\u00e8re \u00e9mission en Europe \u00e0 \u00eatre exclusivement consacr\u00e9e \u00e0 la vid\u00e9o. Diffus\u00e9e sur les antennes de la RTBF de 1976 \u00e0 1986, cette exp\u00e9rience t\u00e9l\u00e9visuelle fascinante et in\u00e9dite qui s\u2019est d\u00e9velopp\u00e9e dans le sillage des r\u00e9volutions esth\u00e9tiques, politiques et technologiques de la fin des ann\u00e9es soixante a toujours suivi, tout au long des 135 num\u00e9ros produits durant cette d\u00e9cennie, le double objectif \u00e9ducatif et artistique qui lui \u00e9tait fix\u00e9<sup><a id=\"ref1\" href=\"#fn1\">1<\/a><\/sup> <i>\u00bb<\/i>.<\/strong><\/p>\n<h2><strong>Ci-dessous, l&rsquo;interview r\u00e9alis\u00e9e par Marc-Alexandre Pierson et publi\u00e9e dans la revue <em>Carte sur c\u00e2bles<\/em>, n\u00b09 avril-mai-juin 1986, GSARA, pp. 5-13.\u00a0<\/strong><\/h2>\n<p><strong><em>Tu es le producteur de l&rsquo;\u00e9mission Vid\u00e9ographie, \u00e9mission unique et rare puisqu&rsquo;elle est la seule en Europe. Peux-tu nous parler de sa gen\u00e8se ?<\/em> <\/strong><\/p>\n<p>Je croule sous le poids de ma l\u00e9gende&#8230;(<em>rires)<\/em> bon, soit&#8230;voil\u00e0, c&rsquo;est un peu li\u00e9 \u00e0 mon histoire personnelle, j&rsquo;ai fait l&rsquo;INSAS, puis j&rsquo;ai \u00e9t\u00e9 engag\u00e9 \u00e0 la RTBF en 1975 et \u00e0 ce moment-l\u00e0, ce qui m&rsquo;int\u00e9ressait le plus, c&rsquo;\u00e9tait la radio et des exp\u00e9riences comme l&rsquo;atelier de cr\u00e9ation radiophonique \u00e0 France-Culture : c&rsquo;\u00e9tait une \u00e9mission tout \u00e0 fait particuli\u00e8re qui avait lieu une fois par semaine et dont le principe \u00e9tait de donner acc\u00e8s \u00e0 la radio \u00e0 des gens qui lui \u00e9taient ext\u00e9rieurs, pour r\u00e9aliser un mod\u00e8le dans les m\u00e9dias, dans le sens o\u00f9 je crois que les m\u00e9dias ne doivent pas seulement appartenir aux professionnels ou \u00e0 ceux engag\u00e9 officiellement \u00e0 titre de fonctionnaires, mais qu&rsquo;au contraire il faut ouvrir un maximum vers l&rsquo;ext\u00e9rieur.<\/p>\n<p><strong>POUR LIRE LA SUITE : <\/strong><\/p>\n<p><strong><a href=\"https:\/\/gsara.tv\/causes\/wp-content\/uploads\/2016\/12\/videographie.pdf\">https:\/\/gsara.tv\/causes\/wp-content\/uploads\/2016\/12\/videographie.pdf<\/a><\/strong><\/p>\n<p><sup id=\"fn1\">1. [<a href=\"https:\/\/www.videographies.be\/about\/\">https:\/\/www.videographies.be\/about\/<\/a>]<\/sup>\u21a9<\/p>\n","protected":false},"excerpt":{"rendered":"<p>N\u00e9e dans les ann\u00e9es septante \u00e0 l\u2019initiative du producteur Jean-Paul Tr\u00e9fois et de Robert St\u00e9phane, <i>Vid\u00e9ographie<\/i> fut la premi\u00e8re \u00e9mission en Europe \u00e0 \u00eatre exclusivement consacr\u00e9e \u00e0 la vid\u00e9o. <\/p>\n","protected":false},"author":10,"featured_media":2484,"comment_status":"closed","ping_status":"open","sticky":false,"template":"","format":"standard","meta":{"footnotes":""},"categories":[2,172],"tags":[],"class_list":["post-2474","post","type-post","status-publish","format-standard","has-post-thumbnail","hentry","category-dossier","category-experimentations-sur-la-diffusion-audiovisuelle"],"_links":{"self":[{"href":"https:\/\/www.causestoujours.be\/wp-json\/wp\/v2\/posts\/2474","targetHints":{"allow":["GET"]}}],"collection":[{"href":"https:\/\/www.causestoujours.be\/wp-json\/wp\/v2\/posts"}],"about":[{"href":"https:\/\/www.causestoujours.be\/wp-json\/wp\/v2\/types\/post"}],"author":[{"embeddable":true,"href":"https:\/\/www.causestoujours.be\/wp-json\/wp\/v2\/users\/10"}],"replies":[{"embeddable":true,"href":"https:\/\/www.causestoujours.be\/wp-json\/wp\/v2\/comments?post=2474"}],"version-history":[{"count":15,"href":"https:\/\/www.causestoujours.be\/wp-json\/wp\/v2\/posts\/2474\/revisions"}],"predecessor-version":[{"id":2502,"href":"https:\/\/www.causestoujours.be\/wp-json\/wp\/v2\/posts\/2474\/revisions\/2502"}],"wp:featuredmedia":[{"embeddable":true,"href":"https:\/\/www.causestoujours.be\/wp-json\/wp\/v2\/media\/2484"}],"wp:attachment":[{"href":"https:\/\/www.causestoujours.be\/wp-json\/wp\/v2\/media?parent=2474"}],"wp:term":[{"taxonomy":"category","embeddable":true,"href":"https:\/\/www.causestoujours.be\/wp-json\/wp\/v2\/categories?post=2474"},{"taxonomy":"post_tag","embeddable":true,"href":"https:\/\/www.causestoujours.be\/wp-json\/wp\/v2\/tags?post=2474"}],"curies":[{"name":"wp","href":"https:\/\/api.w.org\/{rel}","templated":true}]}}