{"id":2614,"date":"2017-11-20T18:00:54","date_gmt":"2017-11-20T18:00:54","guid":{"rendered":"https:\/\/gsara.tv\/causes\/?p=2614"},"modified":"2017-11-21T21:34:43","modified_gmt":"2017-11-21T21:34:43","slug":"le-burn-out","status":"publish","type":"post","link":"https:\/\/www.causestoujours.be\/le-burn-out\/","title":{"rendered":"Le burn-out ?"},"content":{"rendered":"<p><strong>Un mal qui touche tout un syst\u00e8me dont l&rsquo;homme ne semble plus \u00eatre un maillon essentiel. Marqu\u00e9e par l\u2019acc\u00e9l\u00e9ration du temps, la soif de rentabilit\u00e9 et d&rsquo;excellence en tout, notre \u00e9poque est devenue un pi\u00e8ge pour certaines personnes d\u00e9vou\u00e9es \u00e0 un syst\u00e8me au sein duquel elles cherchent en vain la reconnaissance. Le burn-out est peut-\u00eatre la pathologie qui refl\u00e8te au mieux notre civilisation, inspirant les philosophes, les auteurs, les artistes, les r\u00e9alisateurs, les metteurs en sc\u00e8ne.\u00a0 \u00a0<\/strong><\/p>\n<p>Apr\u00e8s s&rsquo;\u00eatre pench\u00e9 sur le documentaire <em>Burning Out<\/em> de Jer\u00f4me Le Maire et la cr\u00e9ation radiophonique <em>Sur le fil<\/em> d&rsquo;Yvan Hanon\u00a0(laur\u00e9at du prix de la singularit\u00e9 dans le cadre du festival en ligne Coupe Circuit du GSARA asbl), Le K\u00f6llektoef propose une \u00e9mission radio d&rsquo;une heure sur le burn-out en milieu m\u00e9dical. Accompagn\u00e9s de Romain Leloup, juriste sp\u00e9cialis\u00e9 dans le droit du travail, les chroniqueurs s&rsquo;interrogent sur ce mal qui ronge de plus en plus de travailleurs.<\/p>\n<p>R\u00e9alis\u00e9 dans des ateliers radio du GSARA Bruxelles.<\/p>\n<p><iframe loading=\"lazy\" width=\"720\" height=\"540\" src=\"https:\/\/www.youtube.com\/embed\/tFx-lHH_o7Q?feature=oembed\" frameborder=\"0\" gesture=\"media\" allowfullscreen><\/iframe><\/p>\n","protected":false},"excerpt":{"rendered":"<p>Un mal qui touche tout un syst\u00e8me dont l&rsquo;homme ne semble plus \u00eatre un maillon essentiel. Marqu\u00e9e par l\u2019acc\u00e9l\u00e9ration du temps, la soif de rentabilit\u00e9 et d&rsquo;excellence en tout, notre \u00e9poque est devenue un pi\u00e8ge pour certaines personnes d\u00e9vou\u00e9es \u00e0<\/p>\n","protected":false},"author":10,"featured_media":2672,"comment_status":"closed","ping_status":"open","sticky":false,"template":"","format":"standard","meta":{"footnotes":""},"categories":[4],"tags":[],"class_list":["post-2614","post","type-post","status-publish","format-standard","has-post-thumbnail","hentry","category-creation-sonore"],"_links":{"self":[{"href":"https:\/\/www.causestoujours.be\/wp-json\/wp\/v2\/posts\/2614","targetHints":{"allow":["GET"]}}],"collection":[{"href":"https:\/\/www.causestoujours.be\/wp-json\/wp\/v2\/posts"}],"about":[{"href":"https:\/\/www.causestoujours.be\/wp-json\/wp\/v2\/types\/post"}],"author":[{"embeddable":true,"href":"https:\/\/www.causestoujours.be\/wp-json\/wp\/v2\/users\/10"}],"replies":[{"embeddable":true,"href":"https:\/\/www.causestoujours.be\/wp-json\/wp\/v2\/comments?post=2614"}],"version-history":[{"count":4,"href":"https:\/\/www.causestoujours.be\/wp-json\/wp\/v2\/posts\/2614\/revisions"}],"predecessor-version":[{"id":2618,"href":"https:\/\/www.causestoujours.be\/wp-json\/wp\/v2\/posts\/2614\/revisions\/2618"}],"wp:featuredmedia":[{"embeddable":true,"href":"https:\/\/www.causestoujours.be\/wp-json\/wp\/v2\/media\/2672"}],"wp:attachment":[{"href":"https:\/\/www.causestoujours.be\/wp-json\/wp\/v2\/media?parent=2614"}],"wp:term":[{"taxonomy":"category","embeddable":true,"href":"https:\/\/www.causestoujours.be\/wp-json\/wp\/v2\/categories?post=2614"},{"taxonomy":"post_tag","embeddable":true,"href":"https:\/\/www.causestoujours.be\/wp-json\/wp\/v2\/tags?post=2614"}],"curies":[{"name":"wp","href":"https:\/\/api.w.org\/{rel}","templated":true}]}}