{"id":2697,"date":"2017-11-30T11:13:11","date_gmt":"2017-11-30T11:13:11","guid":{"rendered":"https:\/\/gsara.tv\/causes\/?p=2697"},"modified":"2018-01-23T12:59:10","modified_gmt":"2018-01-23T12:59:10","slug":"sunnyside-avons-temps-de-rever","status":"publish","type":"post","link":"https:\/\/www.causestoujours.be\/sunnyside-avons-temps-de-rever\/","title":{"rendered":"Sunnyside : avons-nous encore le temps de r\u00eaver ?"},"content":{"rendered":"<p align=\"justify\"><span lang=\"fr-FR\"><strong>Avons-nous encore le temps de r\u00eaver ?<\/strong> <\/span><\/p>\n<p align=\"justify\"><strong><span lang=\"fr-FR\">Une question brulante que pose, en filigrane,<\/span><span lang=\"fr-FR\"><em> Sunnyside<\/em>,<\/span><span lang=\"fr-FR\"> le film de Frederik Carbon. <\/span><\/strong><\/p>\n<p align=\"justify\"><strong><span lang=\"fr-FR\">Premier film du r\u00e9alisateur belge Frederik Carbon, <\/span><em><span lang=\"fr-FR\">Sunnyside<\/span><\/em><span lang=\"fr-FR\"> est \u00e0 l\u2019honneur dans la s\u00e9lection Panorama Belge du Festival Filmer \u00e0 tout Prix, 17<\/span><span lang=\"fr-FR\">\u00e8me<\/span><span lang=\"fr-FR\"> \u00e9dition. <\/span><\/strong><\/p>\n<p align=\"justify\"><span lang=\"fr-FR\">Un film qui nous int\u00e9resse tout particuli\u00e8rement car il nous permet de poser une question \u00ab\u00a0br\u00fblante\u00a0\u00bb sur notre rapport au monde, \u00e0 savoir \u00ab\u00a0<em>dans notre \u00e9poque hautement connect\u00e9e, pli\u00e9e \u00e0 un effort continu et ext\u00e9nuant de maitrise du temps et de la nature, rythm\u00e9e par le tic-tac de nos claviers d\u2019ordinateurs, et de plus en plus soumise au diktat des proc\u00e9d\u00e9s technologiques dans tous les domaines quels qu\u2019ils soient, quelle est la place que nous laissons au calme, au silence, au rien-faire ?<\/em>\u00a0\u00bb <\/span><\/p>\n<p align=\"justify\"><span lang=\"fr-FR\">\u00c0 travers ses protagonistes hauts en couleurs, oisifs et quelque peu d\u00e9cal\u00e9s, <\/span><em><span lang=\"fr-FR\">Sunnyside <\/span><\/em><span lang=\"fr-FR\">est une invitation \u00e0 nous promener du c\u00f4t\u00e9 ensoleill\u00e9 de la vie. Le film questionne notre capacit\u00e9 \u00ab\u00a0individuelle\u00a0\u00bb et \u00ab\u00a0collective\u00a0\u00bb d\u2019encore prendre le temps pour r\u00eaver, cr\u00e9er, imaginer. <\/span><\/p>\n<p align=\"justify\"><span lang=\"fr-FR\">Quel espace avons-nous laiss\u00e9 dans nos vies pour le silence, pour un moment d\u2019introspection \u2026 de calme\u00a0? Pour la philosophie\u2026 Pour l\u2019harmonie\u00a0?<\/span><span lang=\"fr-FR\"> Se demande un des protagonistes du film, Daniel Liebermann, architecte americain, pr\u00e9curseur dans les ann\u00e9es 50-60 du \u00ab\u00a0<\/span><span lang=\"fr-FR\">green &amp; organic design<\/span><span lang=\"fr-FR\">\u00a0\u00bb, penseur de l\u2019architecture \u00e0 l\u2019\u00e9chelle humaine, concepteur des maisons comme \u00ab\u00a0cath\u00e9drales horizontales\u00a0\u00bb. <\/span><\/p>\n<p align=\"justify\"><span lang=\"fr-FR\">\u00c0 85 ans, Liebermann habite une maison dans le bas d\u2019une colline, situ\u00e9e sur la cr\u00eate brumeuse du Mount Vision, au Nord de San Francisco (Californie). Sur le haut de la m\u00eame colline, \u00e0 quelques dizaines de m\u00e8tres, son voisin, Henri Sandy Jacobs, 90 ans, m\u00e8ne une vie paisible dans la maison construite par son ami l\u2019architecte. <\/span><\/p>\n<p align=\"justify\"><span lang=\"fr-FR\">Malgr\u00e9 l\u2019\u00e2ge tr\u00e8s avanc\u00e9 de ses protagonistes, <\/span><em><span lang=\"fr-FR\">Sunnyside<\/span><\/em><span lang=\"fr-FR\"> est un film pleinement tourn\u00e9 vers la vie\u00a0: ses personnages, bien que rid\u00e9s et porteurs d\u2019un regard parfois quelque peu nostalgique, restent avant tout des personnages profond\u00e9ment ancr\u00e9s dans la jouissance, chacun \u00e0 sa mani\u00e8re\u00a0: Sandy dans le <\/span><span lang=\"fr-FR\">hic et nunc<\/span><span lang=\"fr-FR\">, l\u2019instant pr\u00e9sent, capable de savourer le moindre rayon de soleil, battement d\u2019ailes d\u2019oiseau, tressaillement d\u2019une feuille dans le vent\u2026 Il restitue \u00e0 cet instant, dont pourtant la nature semble \u00eatre in\u00e9vitablement vou\u00e9e au passage volatile, une qualit\u00e9 de pr\u00e9sence, presque palpable, une fa\u00e7on de suspendre le temps\u2026en l\u2019\u00e9tirant\u2026un instant de plus. <\/span><\/p>\n<p align=\"justify\"><span lang=\"fr-FR\">Daniel, quant \u00e0 lui, le regard sans cesse tourn\u00e9 vers l\u2019avenir, propulse son \u00e9lan vital dans la multitude de projets inachev\u00e9s, il parcourt les pi\u00e8ces de sa maison en regardant ce qu\u2019il reste \u00e0 faire\u2026 Ce qu\u2019il est encore \u00ab\u00a0possible\u00a0\u00bb de faire. <\/span><\/p>\n<p align=\"justify\"><span lang=\"fr-FR\">\u00catre dans le pr\u00e9sent ou se projeter dans l\u2019avenir\u00a0? Dichotomie ou compl\u00e9mentarit\u00e9 ? <\/span><\/p>\n<p align=\"justify\"><span lang=\"fr-FR\">En apparence dichotomiques, ces deux attitudes, sont, aux yeux du r\u00e9alisateur Frederik Carbon, intimement li\u00e9es\u00a0: trouver la qualit\u00e9 de pr\u00e9sence ici et maintenant, est \u00e9troitement en lien avec notre capacit\u00e9 \u00e0 ouvrir l\u2019espace \u00e0 l\u2019imaginaire et laisser la place \u00e0 la cr\u00e9ation. <\/span><\/p>\n<p align=\"justify\"><span lang=\"fr-FR\">\u00c0 l\u2019image de l\u2019architecture de Liebermann, la proposition formelle de la cam\u00e9ra trace des lignes sinueuses et lumineuses en suivant le d\u00e9dale de diff\u00e9rentes pi\u00e8ces, espaces, objets qui composent l\u2019image. Objets dont la nature, la localisation ou la d\u00e9finition restent floues, mais dont on saisit une vue d\u2019ensemble. C\u2019est \u00e0 travers le relief et les profondeurs que l\u2019on retrouve une mise en perspective des \u00e9l\u00e9ments, tr\u00e8s visuelle, comme autant de cadres dans le cadre, chacun portant une histoire diff\u00e9rente, \u00e9ph\u00e9m\u00e8re, sans importance si ce n\u2019est que celle d\u2019un \u00e9quilibre global entre \u00e9l\u00e9ments. <\/span><\/p>\n<p align=\"justify\"><span lang=\"fr-FR\">En miroir de la philosophie architecturale de Liebermann, la multitude d\u2019objets cumul\u00e9s sans ordre apparent que nous regardons ne nous encombre pas, le montage cherchant plut\u00f4t \u00e0 sublimer le lien d\u2019h\u00e9t\u00e9rarchie entre les choses, favorisant les interrelations et les coop\u00e9rations multiples entre \u00e9l\u00e9ments.<\/span><\/p>\n<p align=\"justify\"><span lang=\"fr-FR\">Il en est donc question de liens\u00a0: le lien entre Sandy et Daniel, le lien entre les pi\u00e8ces de la maison que le film traverse, le lien entre le pass\u00e9, le pr\u00e9sent et l\u2019avenir, le lien entre les objets que la cam\u00e9ra nous montre\u2026 Pourtant il me semble que tous ces liens ne sont que la manifestation visible de quelque chose de beaucoup plus souterrain : la relation \u00ab\u00a0essentielle\u00a0\u00bb entre les \u00e9l\u00e9ments qui composent la vie. Une fa\u00e7on de dire que tout ce qui est l\u00e0, avec ou sans raison pr\u00e9cise, est l\u00e0 dans un lien de corr\u00e9lation avec autre chose. <\/span><\/p>\n<p align=\"justify\"><span lang=\"fr-FR\">\u00c0 travers le portrait crois\u00e9 de ces deux hommes, le film nous laisse pr\u00e9sager qu\u2019une autre mani\u00e8re de percevoir la vie est peut-\u00eatre possible, et que c\u2019est probablement \u00e0 partir de cet endroit de r\u00e9conciliation avec soi-m\u00eame (auquel le film indirectement nous invite) qu\u2019un changement de perspectives d\u2019une port\u00e9e collective, voire m\u00eame politique, serait envisageable. Une invitation po\u00e9tique, comique, \u00e0 appr\u00e9hender la vie telle qu\u2019elle est, pour pouvoir ensuite la r\u00eaver encore plus belle. <\/span><\/p>\n<p><strong><span lang=\"fr-FR\">Eleonora Sambasile <\/span><\/strong><\/p>\n","protected":false},"excerpt":{"rendered":"<p>Avons-nous encore le temps de r\u00eaver ? Une question brulante que pose, en filigrane, Sunnyside, le film de Frederik Carbon. Premier film du r\u00e9alisateur belge Frederik Carbon, Sunnyside est \u00e0 l\u2019honneur dans la s\u00e9lection Panorama Belge du Festival Filmer \u00e0<\/p>\n","protected":false},"author":10,"featured_media":2742,"comment_status":"closed","ping_status":"open","sticky":false,"template":"","format":"standard","meta":{"footnotes":""},"categories":[2,177],"tags":[],"class_list":["post-2697","post","type-post","status-publish","format-standard","has-post-thumbnail","hentry","category-dossier","category-filmer-a-tout-prix-2017"],"_links":{"self":[{"href":"https:\/\/www.causestoujours.be\/wp-json\/wp\/v2\/posts\/2697","targetHints":{"allow":["GET"]}}],"collection":[{"href":"https:\/\/www.causestoujours.be\/wp-json\/wp\/v2\/posts"}],"about":[{"href":"https:\/\/www.causestoujours.be\/wp-json\/wp\/v2\/types\/post"}],"author":[{"embeddable":true,"href":"https:\/\/www.causestoujours.be\/wp-json\/wp\/v2\/users\/10"}],"replies":[{"embeddable":true,"href":"https:\/\/www.causestoujours.be\/wp-json\/wp\/v2\/comments?post=2697"}],"version-history":[{"count":1,"href":"https:\/\/www.causestoujours.be\/wp-json\/wp\/v2\/posts\/2697\/revisions"}],"predecessor-version":[{"id":2698,"href":"https:\/\/www.causestoujours.be\/wp-json\/wp\/v2\/posts\/2697\/revisions\/2698"}],"wp:featuredmedia":[{"embeddable":true,"href":"https:\/\/www.causestoujours.be\/wp-json\/wp\/v2\/media\/2742"}],"wp:attachment":[{"href":"https:\/\/www.causestoujours.be\/wp-json\/wp\/v2\/media?parent=2697"}],"wp:term":[{"taxonomy":"category","embeddable":true,"href":"https:\/\/www.causestoujours.be\/wp-json\/wp\/v2\/categories?post=2697"},{"taxonomy":"post_tag","embeddable":true,"href":"https:\/\/www.causestoujours.be\/wp-json\/wp\/v2\/tags?post=2697"}],"curies":[{"name":"wp","href":"https:\/\/api.w.org\/{rel}","templated":true}]}}