{"id":2716,"date":"2017-12-22T14:11:41","date_gmt":"2017-12-22T14:11:41","guid":{"rendered":"https:\/\/gsara.tv\/causes\/?p=2716"},"modified":"2018-05-31T14:55:21","modified_gmt":"2018-05-31T14:55:21","slug":"citoyens-cinema-ebauche-de-reflexion","status":"publish","type":"post","link":"https:\/\/www.causestoujours.be\/citoyens-cinema-ebauche-de-reflexion\/","title":{"rendered":"Citoyens et Cin\u00e9ma  &#8211; Une \u00e9bauche de r\u00e9flexion"},"content":{"rendered":"<p align=\"justify\"><strong><span lang=\"fr-FR\">\u00ab\u00a0Le Jury Citoyen est une initiative pour lib\u00e9rer la parole et susciter l\u2019esprit critique\u00a0\u00bb,<\/span><span lang=\"fr-FR\"> c\u2019est souvent ainsi qu\u2019on explique les initiatives d\u2019Education Permanente ou Education non-formelle, dans nos rapports institutionnels tout comme dans nos communications officielles, mais que cela signifie-<\/span><span lang=\"fr-FR\">t-il<\/span><span lang=\"fr-FR\"> concr\u00e8tement\u00a0? <\/span><\/strong><\/p>\n<p align=\"justify\"><span lang=\"fr-FR\">Cela signifie qu\u2019on n\u2019est pas l\u00e0 pour parler \u00e0 la place de l\u2019autre, ni pour enseigner le cin\u00e9ma, ou une quelconque autre discipline. <\/span><\/p>\n<p align=\"justify\"><span lang=\"fr-FR\">On est l\u00e0 tout simplement pour \u00e9couter, accueillir \u2026 donner la place \u00e0 la parole de l\u2019autre, et dans une dynamique de groupe pouvoir faire en sorte que les opinions des uns et des autres circulent et se percutent entre elles, de fa\u00e7on \u00e0 <\/span><span lang=\"fr-FR\">ce <\/span><span lang=\"fr-FR\">que la pens\u00e9e puisse \u00e9voluer en fonction des interactions au sein d\u2019un groupe. <\/span><\/p>\n<p align=\"justify\"><strong><span lang=\"fr-FR\">Gen\u00e8se d\u2019une id\u00e9e. <\/span><\/strong><\/p>\n<p align=\"justify\"><span lang=\"fr-FR\">L\u2019id\u00e9e de la cr\u00e9ation d\u2019un Jury Citoyen pour un Festival de Cin\u00e9ma documentaire, c\u2019est aussi une volont\u00e9 de d\u00e9cloisonner les espaces de r\u00e9flexion autour du cin\u00e9ma, de casser la m\u00e9canique de ce secteur culturel qui oeuvre souvent en vase-clos, avec des experts et avec une parole trop souvent autor\u00e9f\u00e9rentielle. <\/span><\/p>\n<p align=\"justify\"><span lang=\"fr-FR\">Avec ce projet de Jury Citoyen, on cherche \u00e0 ouvrir la r\u00e9flexion sur le cin\u00e9ma, ses moyens, ses codes, ses points de vue sur le r\u00e9el, d\u2019\u00e9largir l\u2019ensemble de l\u2019exp\u00e9rience cin\u00e9matographique \u00e0 un cercle de non-initi\u00e9s, \u00e0 un public qu\u2019on pourrait labellis<\/span><span lang=\"fr-FR\">er<\/span><span lang=\"fr-FR\"> de \u00ab\u00a0tout-public\u00a0\u00bb. <\/span><\/p>\n<p align=\"justify\"><span lang=\"fr-FR\">Des citoyens entre 25 et 85 ans \u2026 tou<\/span><span lang=\"fr-FR\">s<\/span><span lang=\"fr-FR\"> origines et genres confondus. <\/span><\/p>\n<p align=\"justify\"><span lang=\"fr-FR\">On est l\u00e0 pour prendre le temps de regarder et analyser un film, pour laisser les r\u00e9flexions \u00e9merger, pour amener le cin\u00e9ma documentaire \u00e0 la rencontre de son public. <\/span><\/p>\n<p align=\"justify\"><strong><span lang=\"fr-FR\">Quel est le public du cin\u00e9ma documentaire\u00a0? <\/span><\/strong><\/p>\n<p align=\"justify\"><span lang=\"fr-FR\">Le documentaire n\u00e9 d\u2019une forme d\u2019urgence\u00a0: pour le cin\u00e9aste c\u2019est l\u2019urgence d\u2019observer le r\u00e9el non pas avec une pr\u00e9tendue objectivit\u00e9, mais plut\u00f4t \u00e0 partir d\u2019un point de vue singulier, qu\u2019il cherche \u00e0 partager, \u00e0 confronter avec les spectateurs. Ma<\/span><span lang=\"fr-FR\">is<\/span><span lang=\"fr-FR\"> qui sont aujourd\u2019hui les spectateurs du cin\u00e9ma documentaire\u00a0? Un cin\u00e9ma fragile, qui fait souvent \u00e9clater les codes narratifs, qui \u00e9pousent des formes d\u2019expressions audacieuses, sur des sujets parfois en marges \u2026 ou qui d\u00e9rangent \u2026 un cin\u00e9ma qui refuse de pr<\/span><span lang=\"fr-FR\">\u00e9<\/span><span lang=\"fr-FR\">-m<\/span><span lang=\"fr-FR\">\u00e2<\/span><span lang=\"fr-FR\">cher les concepts, qui refuse l\u2019\u00e9criture pr\u00e9dig\u00e9r\u00e9<\/span><span lang=\"fr-FR\">e<\/span><span lang=\"fr-FR\"> du langage t\u00e9l\u00e9visuel dominant \u2026 au profit d\u2019une place pour le spectateur. <\/span><\/p>\n<p align=\"justify\"><span lang=\"fr-FR\">Ce cin\u00e9ma a du mal \u00e0 trouver les canaux de diffusion et entre ainsi dans une contradiction intrins\u00e8que\u00a0: ce m\u00eame cin\u00e9ma qui \u0153uvre en dehors du \u00ab\u00a0langage dominant\u00a0\u00bb dans une envie de questionner le spectateur, est plus que jamais aujourd\u2019hui coup\u00e9 du lien avec le spectateur m\u00eame.\u00a0<\/span><\/p>\n<p align=\"justify\"><span lang=\"fr-FR\">En dehors d\u2019un public de niche, de cin\u00e9astes et cin\u00e9philes pointus \u2026 qui regarde<\/span><span lang=\"fr-FR\">nt<\/span><span lang=\"fr-FR\"> aujourd\u2019hui le cin\u00e9ma documentaire\u00a0? Qui le diffuse\u00a0? <\/span><\/p>\n<p align=\"justify\"><span lang=\"fr-FR\">Le projet du jury citoyen r\u00e9pond \u00e0 cette urgence\u00a0: remettre le spectateur au centre de ce processus de cr\u00e9ation et de partage du film. <\/span><\/p>\n<p align=\"justify\"><span lang=\"fr-FR\">A partir d\u2019une image tir\u00e9e du r\u00e9el, et d\u2019un point de vue singulier sur ce r\u00e9el, quelles r\u00e9flexions peuvent \u00e9merger sur le monde qui nous entoure\u00a0? Sur notre mode de vie\u00a0? Sur nos valeurs humaines et politiques\u00a0? <\/span><\/p>\n<p align=\"justify\"><span lang=\"fr-FR\">Sans cette forme d\u2019ouverture, sans amener ces questionnements \u00e0 un public plus large, en dehors des cercles ferm\u00e9s des professionnels du cin\u00e9ma, le cin\u00e9ma documentaire risque de passer \u00e0 c\u00f4t\u00e9 de sa vocation primaire qui est celle de donner une place au spectateur. <\/span><\/p>\n<p align=\"justify\"><span lang=\"fr-FR\">On pourrait croire alors que la pr\u00e9sence d\u2019un jury citoyen au sein d\u2019un Festival de Cin\u00e9ma Documentaire est une v\u00e9ritable bouff\u00e9e d\u2019air pour le cin\u00e9ma et les cin\u00e9astes \u2026 <\/span><\/p>\n<p style=\"text-align: left;\" align=\"right\"><strong>Eleonora Sambasile<\/strong><\/p>\n<hr \/>\n<p align=\"justify\"><span lang=\"fr-FR\">Pour creuser plus loin dans ce processus, vous trouvez<\/span><span lang=\"fr-FR\">\u00a0<\/span><span lang=\"fr-FR\">ici des <\/span><span lang=\"fr-FR\">podcasts<\/span><span lang=\"fr-FR\"> concernant\u00a0:<\/span><\/p>\n<ol>\n<li><span lang=\"fr-FR\">Podcast Retour sur l&rsquo;exp\u00e9rience, par les membres du jury citoyen<\/span><\/li>\n<\/ol>\n<p><iframe loading=\"lazy\" src=\"https:\/\/w.soundcloud.com\/player\/?url=https%3A\/\/api.soundcloud.com\/tracks\/451748694&amp;color=%23ff5500&amp;auto_play=false&amp;hide_related=false&amp;show_comments=true&amp;show_user=true&amp;show_reposts=false&amp;show_teaser=true\" width=\"100%\" height=\"166\" frameborder=\"no\" scrolling=\"no\"><\/iframe><\/p>\n<ol start=\"2\">\n<li>\n<p align=\"justify\"><span lang=\"fr-FR\">Podcast Rencontre entre les membres du Jury et Leopold Legrand, R\u00e9alisateur prim\u00e9 <\/span><\/p>\n<\/li>\n<\/ol>\n<p><iframe loading=\"lazy\" src=\"https:\/\/w.soundcloud.com\/player\/?url=https%3A\/\/api.soundcloud.com\/tracks\/451752576&amp;color=%23ff5500&amp;auto_play=false&amp;hide_related=false&amp;show_comments=true&amp;show_user=true&amp;show_reposts=false&amp;show_teaser=true\" width=\"100%\" height=\"166\" frameborder=\"no\" scrolling=\"no\"><\/iframe><\/p>\n<ol start=\"3\">\n<li>\n<p align=\"justify\"><span lang=\"fr-FR\">Podcast \u00c9change p\u00e9dagogique entre animateurs <\/span><span lang=\"fr-FR\">d\u2019\u00c9ducation<\/span> <span lang=\"fr-FR\">p<\/span><span lang=\"fr-FR\">ermanente. <\/span><\/p>\n<\/li>\n<\/ol>\n<p><iframe loading=\"lazy\" src=\"https:\/\/w.soundcloud.com\/player\/?url=https%3A\/\/api.soundcloud.com\/tracks\/451753950&amp;color=%23ff5500&amp;auto_play=false&amp;hide_related=false&amp;show_comments=true&amp;show_user=true&amp;show_reposts=false&amp;show_teaser=true\" width=\"100%\" height=\"166\" frameborder=\"no\" scrolling=\"no\"><\/iframe><\/p>\n<p align=\"justify\"><strong><span lang=\"fr-FR\">Fiche Info \u2013 Jury Citoyen Festival Filmer \u00e0 <\/span><span lang=\"fr-FR\">t<\/span><span lang=\"fr-FR\">out <\/span><span lang=\"fr-FR\">p<\/span><span lang=\"fr-FR\">rix (17<\/span><span lang=\"fr-FR\">\u00e8me<\/span><span lang=\"fr-FR\"> Edition)\u00a0: <\/span><\/strong><\/p>\n<p align=\"justify\"><span lang=\"fr-FR\">Un Jury de Citoyens a \u00e9t\u00e9 choisi pour d\u00e9cerner le \u201cPrix du Regard Citoyen\u201d \u00e0 un film de la cat\u00e9gorie \u00ab\u00a0court<\/span><span lang=\"fr-FR\">s<\/span><span lang=\"fr-FR\">-m\u00e9trages belges\u00a0\u00bb. Ce Jury populaire est compos\u00e9 <\/span><span lang=\"fr-FR\">de<\/span><span lang=\"fr-FR\"> citoyens qui se sont form\u00e9s pendant deux mois \u00e0 l\u2019analyse cin\u00e9matographique lors d\u2019ateliers d\u2019initiation au cin\u00e9ma documentaire, avec l\u2019accompagnement des \u00e9quipes <\/span><span lang=\"fr-FR\">d\u2019\u00c9ducation<\/span> <span lang=\"fr-FR\">p<\/span><span lang=\"fr-FR\">ermanente du GSARA asbl. <\/span><\/p>\n<p align=\"justify\"><span lang=\"fr-FR\">Le prix du Regard Citoyen consiste en une aide \u00e0 la promotion et diffusion du film laur\u00e9at\u00a0: le GSARA asbl prend en charge pendant deux ans la promotion de l\u2019\u0153uvre dans les r\u00e9seaux associatifs et socio-culturels, ainsi que dans les festivals de cin\u00e9ma nationaux et internationaux. <\/span><\/p>\n<p align=\"justify\"><span lang=\"fr-FR\">Le Laur\u00e9at du prix du Regard Citoyen est le film \u00ab\u00a0Angelika\u00a0\u00bb, r\u00e9alis\u00e9 par L\u00e9opold Legrand. <\/span><\/p>\n<p align=\"justify\"><span lang=\"fr-FR\">Le projet du Jury Citoyen est le fruit d\u2019un partenariat entre le GSARA asbl, Article27 (Bruxelles et Wallonie), les Comit\u00e9s Culturels des CPAS de Berchem Saint-Agathe et Forest, le Service d\u2019<\/span><span lang=\"fr-FR\">I<\/span><span lang=\"fr-FR\">nsertion Sociale du CPAS de Charleroi, le Centre Fedasil de Morlanwelz, le th\u00e9\u00e2tre Riches Claires, le cin\u00e9ma Stuart, le Centre Culture<\/span><span lang=\"fr-FR\">l<\/span><span lang=\"fr-FR\"> de La Louvi\u00e8re. <\/span><span lang=\"fr-FR\">A<\/span><span lang=\"fr-FR\">vec le soutien de la R\u00e9gion Wallonne et de la F\u00e9d\u00e9ration Wallonie-Bruxelles \u2013 Service <\/span><span lang=\"fr-FR\">d\u2019\u00c9ducation<\/span> <span lang=\"fr-FR\">p<\/span><span lang=\"fr-FR\">ermanente. <\/span><\/p>\n","protected":false},"excerpt":{"rendered":"<p>\u00ab\u00a0Le Jury Citoyen est une initiative pour lib\u00e9rer la parole et susciter l\u2019esprit critique\u00a0\u00bb, c\u2019est souvent ainsi qu\u2019on explique les initiatives d\u2019Education Permanente ou Education non-formelle, dans nos rapports institutionnels tout comme dans nos communications officielles, mais que cela signifie-t-il<\/p>\n","protected":false},"author":10,"featured_media":2718,"comment_status":"closed","ping_status":"open","sticky":false,"template":"","format":"standard","meta":{"footnotes":""},"categories":[2,177],"tags":[],"class_list":["post-2716","post","type-post","status-publish","format-standard","has-post-thumbnail","hentry","category-dossier","category-filmer-a-tout-prix-2017"],"_links":{"self":[{"href":"https:\/\/www.causestoujours.be\/wp-json\/wp\/v2\/posts\/2716","targetHints":{"allow":["GET"]}}],"collection":[{"href":"https:\/\/www.causestoujours.be\/wp-json\/wp\/v2\/posts"}],"about":[{"href":"https:\/\/www.causestoujours.be\/wp-json\/wp\/v2\/types\/post"}],"author":[{"embeddable":true,"href":"https:\/\/www.causestoujours.be\/wp-json\/wp\/v2\/users\/10"}],"replies":[{"embeddable":true,"href":"https:\/\/www.causestoujours.be\/wp-json\/wp\/v2\/comments?post=2716"}],"version-history":[{"count":8,"href":"https:\/\/www.causestoujours.be\/wp-json\/wp\/v2\/posts\/2716\/revisions"}],"predecessor-version":[{"id":2879,"href":"https:\/\/www.causestoujours.be\/wp-json\/wp\/v2\/posts\/2716\/revisions\/2879"}],"wp:featuredmedia":[{"embeddable":true,"href":"https:\/\/www.causestoujours.be\/wp-json\/wp\/v2\/media\/2718"}],"wp:attachment":[{"href":"https:\/\/www.causestoujours.be\/wp-json\/wp\/v2\/media?parent=2716"}],"wp:term":[{"taxonomy":"category","embeddable":true,"href":"https:\/\/www.causestoujours.be\/wp-json\/wp\/v2\/categories?post=2716"},{"taxonomy":"post_tag","embeddable":true,"href":"https:\/\/www.causestoujours.be\/wp-json\/wp\/v2\/tags?post=2716"}],"curies":[{"name":"wp","href":"https:\/\/api.w.org\/{rel}","templated":true}]}}