{"id":2725,"date":"2017-12-22T15:44:32","date_gmt":"2017-12-22T15:44:32","guid":{"rendered":"https:\/\/gsara.tv\/causes\/?p=2725"},"modified":"2017-12-22T16:09:02","modified_gmt":"2017-12-22T16:09:02","slug":"podcast-ouvriers-cineastes-resistance-creation-collective","status":"publish","type":"post","link":"https:\/\/www.causestoujours.be\/podcast-ouvriers-cineastes-resistance-creation-collective\/","title":{"rendered":"Podcast &#8211; Ouvriers et cin\u00e9astes : r\u00e9sistance et cr\u00e9ation collective"},"content":{"rendered":"<p>D\u00e8s sa naissance \u00e0 la fin du 19e si\u00e8cle, le cin\u00e9ma de fiction comme documentaire a mis en sc\u00e8ne le travail et la classe ouvri\u00e8re naissante. Il s\u2019agissait soit de d\u00e9noncer les abus de la soci\u00e9t\u00e9 industrielle, soit de conserver des images de la civilisation paysanne en voie de disparition, soit encore de permettre l\u2019acc\u00e8s de tous \u00e0 la culture. S\u2019est alors pos\u00e9e la question du recueil de la parole ouvri\u00e8re, rendue possible d\u00e8s les ann\u00e9es 1960 par des progr\u00e8s techniques tels le son synchrone, le d\u00e9veloppement de dispositifs participatifs (Groupes Medvedkine) ou la mobilisation de la bo\u00eete \u00e0 outils des sciences sociales (Chronique d\u2019un \u00e9t\u00e9). Cette question reste d\u2019actualit\u00e9 et donne lieu \u00e0 de nombreuses exp\u00e9rimenta<span class=\"text_exposed_show\">tions visant \u00e0 mieux capter la parole et les repr\u00e9sentations des travailleurs et, en particulier, \u00e0 impliquer les ouvriers dans la r\u00e9alisation du film, y compris ses dimensions artistiques.<\/span><\/p>\n<p>Rencontre anim\u00e9e par Jean-Paul G\u00e9hin (sociologue du travail, pr\u00e9sident du festival Festival Filmer le Travail, coordinateur de la revue \u00ab\u00a0Images du travail, travail des images\u00a0\u00bb).<\/p>\n<p>Avec la pr\u00e9sence de : Pascal Delaunois (fondateur de Le p&rsquo;tit cin\u00e9), S\u00e9bastien Jousse (co-r\u00e9alisateur de <em>C\u2019est quoi ce travail ?<\/em>), Patrick Leboutte (critique de cin\u00e9ma, enseignant), Fernando Lopes Moreira (protagoniste du film <em>L\u2019Usine de rien<\/em>), Henri Traforetti (ancien ouvrier de Rhodiaceta : membre du groupe Medvedkine de Besan\u00e7on).<\/p>\n<p>Dans le cadre de la campagne de sensibilisation du GSARA \u00ab\u00a0L\u2019exploitation programm\u00e9e du travail\u00a0\u00bb et de la 17\u00e8me \u00e9dition du Festival Filmer \u00e0 tout prix.<\/p>\n<p>Prise de son : Maxime Thomas<br \/>\nMontage son : Maureen Vandenberghe<\/p>\n<p><iframe loading=\"lazy\" width=\"720\" height=\"400\" scrolling=\"no\" frameborder=\"no\" src=\"https:\/\/w.soundcloud.com\/player\/?visual=true&#038;url=https%3A%2F%2Fapi.soundcloud.com%2Ftracks%2F371246264&#038;show_artwork=true&#038;maxwidth=720&#038;maxheight=1000\"><\/iframe><\/p>\n<p>&nbsp;<\/p>\n","protected":false},"excerpt":{"rendered":"<p>D\u00e8s sa naissance \u00e0 la fin du 19e si\u00e8cle, le cin\u00e9ma de fiction comme documentaire a mis en sc\u00e8ne le travail et la classe ouvri\u00e8re naissante. Il s\u2019agissait soit de d\u00e9noncer les abus de la soci\u00e9t\u00e9 industrielle, soit de conserver<\/p>\n","protected":false},"author":10,"featured_media":2726,"comment_status":"closed","ping_status":"open","sticky":false,"template":"","format":"standard","meta":{"footnotes":""},"categories":[2,177],"tags":[],"class_list":["post-2725","post","type-post","status-publish","format-standard","has-post-thumbnail","hentry","category-dossier","category-filmer-a-tout-prix-2017"],"_links":{"self":[{"href":"https:\/\/www.causestoujours.be\/wp-json\/wp\/v2\/posts\/2725","targetHints":{"allow":["GET"]}}],"collection":[{"href":"https:\/\/www.causestoujours.be\/wp-json\/wp\/v2\/posts"}],"about":[{"href":"https:\/\/www.causestoujours.be\/wp-json\/wp\/v2\/types\/post"}],"author":[{"embeddable":true,"href":"https:\/\/www.causestoujours.be\/wp-json\/wp\/v2\/users\/10"}],"replies":[{"embeddable":true,"href":"https:\/\/www.causestoujours.be\/wp-json\/wp\/v2\/comments?post=2725"}],"version-history":[{"count":2,"href":"https:\/\/www.causestoujours.be\/wp-json\/wp\/v2\/posts\/2725\/revisions"}],"predecessor-version":[{"id":2732,"href":"https:\/\/www.causestoujours.be\/wp-json\/wp\/v2\/posts\/2725\/revisions\/2732"}],"wp:featuredmedia":[{"embeddable":true,"href":"https:\/\/www.causestoujours.be\/wp-json\/wp\/v2\/media\/2726"}],"wp:attachment":[{"href":"https:\/\/www.causestoujours.be\/wp-json\/wp\/v2\/media?parent=2725"}],"wp:term":[{"taxonomy":"category","embeddable":true,"href":"https:\/\/www.causestoujours.be\/wp-json\/wp\/v2\/categories?post=2725"},{"taxonomy":"post_tag","embeddable":true,"href":"https:\/\/www.causestoujours.be\/wp-json\/wp\/v2\/tags?post=2725"}],"curies":[{"name":"wp","href":"https:\/\/api.w.org\/{rel}","templated":true}]}}