{"id":2825,"date":"2018-04-26T13:50:15","date_gmt":"2018-04-26T13:50:15","guid":{"rendered":"https:\/\/gsara.tv\/causes\/?p=2825"},"modified":"2018-07-10T10:38:21","modified_gmt":"2018-07-10T10:38:21","slug":"cinemax","status":"publish","type":"post","link":"https:\/\/www.causestoujours.be\/cinemax\/","title":{"rendered":"Cinema welc(h)ome"},"content":{"rendered":"<p><strong>Cinemaximiliaan am\u00e8ne depuis plusieurs ann\u00e9es d\u00e9j\u00e0 films et d\u00e9bats dans les centres d\u2019asile, les maisons et les cin\u00e9mas pour faire se rencontrer nouveaux arrivants et locaux de mani\u00e8re conviviale. Et de la projection de films \u00e0 la production, il n\u2019y a qu\u2019un pas. C\u2019est \u00e0 la demande des participants et de leur d\u00e9sir de raconter leur histoire \u00e0 travers le cin\u00e9ma qu\u2019ils se lancent dans un nouveau projet : la cr\u00e9ation d\u2019une s\u00e9rie de courts m\u00e9trages.<\/strong><\/p>\n<p><img loading=\"lazy\" decoding=\"async\" class=\"alignnone size-full wp-image-2827\" src=\"https:\/\/gsara.tv\/causes\/wp-content\/uploads\/2018\/04\/1-700.png\" alt=\"\" width=\"700\" height=\"467\" srcset=\"https:\/\/www.causestoujours.be\/wp-content\/uploads\/2018\/04\/1-700.png 700w, https:\/\/www.causestoujours.be\/wp-content\/uploads\/2018\/04\/1-700-300x200.png 300w, https:\/\/www.causestoujours.be\/wp-content\/uploads\/2018\/04\/1-700-600x400.png 600w, https:\/\/www.causestoujours.be\/wp-content\/uploads\/2018\/04\/1-700-210x140.png 210w\" sizes=\"auto, (max-width: 700px) 100vw, 700px\" \/><\/p>\n<p>\u00ab <em>Cette exp\u00e9rience est vraiment g\u00e9niale et je trouve cela incroyable qu\u2019ils parviennent \u00e0 un niveau de production professionnel tout en gardant une approche si humaine. \u00c0 Cinemaximiliaan on ne fait pas de diff\u00e9rence entre les gens par rapport \u00e0 leur pays d\u2019origine, on accorde uniquement de l\u2019importance \u00e0 ce que tu veux donner, apprendre, partager. C\u2019est vraiment du partage de connaissances<\/em>\u00a0\u00bb. Ces mots sont ceux de Rand Abou Fakher, jeune syrienne arriv\u00e9e en Belgique en septembre 2015 qui croise rapidement le chemin de l\u2019\u00e9quipe de Cinemaximiliaan. \u00ab <em>Je les ai rencontr\u00e9s il y a deux ans lors d\u2019un \u00e9v\u00e9nement dans le cadre du Kunstenfestivaldesarts (KFDA), car un ami artiste syrien \u00e9tait invit\u00e9 comme intervenant<\/em>\u00a0\u00bb. Depuis, elle ne manque pas une occasion de participer \u00e0 leurs workshops.<\/p>\n<p>Rand a r\u00e9cemment d\u00e9cid\u00e9 d\u2019accorder plus de temps \u00e0 l\u2019\u00e9criture, une envie qui tombe \u00e0 pic au vus du nouveau projet de Cinemaximiliaan. Ils lui proposent d\u2019ailleurs d\u2019\u00e9crire et de r\u00e9aliser un film pour le prochain KFDA, le tout assist\u00e9 par Bela Tarr. \u00ab <em>\u00c9tant quelqu\u2019un qui n\u2019a pas beaucoup d\u2019exp\u00e9rience, mais qui croit en sa vision, j\u2019ai trouv\u00e9 cela super int\u00e9ressant de prendre part \u00e0 ce projet. J\u2019ai pu ainsi d\u00e9velopper mes connaissances et fa\u00e7onner ma mani\u00e8re de pr\u00e9senter des histoires, sp\u00e9cialement en ayant Bela Tarr pour me conseiller<\/em>\u00a0\u00bb.<\/p>\n<p><strong>\u00ab Les histoires sont plus pertinentes d\u2019une certaine mani\u00e8re \u00bb<\/strong><\/p>\n<p>Et c\u2019est bien l\u00e0 le but, que chacun puisse raconter l\u2019histoire dont il a envie. Han van Nuffel participe \u00e9galement au projet. Il est, entre autres, r\u00e9alisateur et donne cours dans une \u00e9cole de cin\u00e9ma. Cet exercice d\u2019encadrement est donc parfaitement dans ses cordes. \u00ab <em>Ce qui pourrait \u00eatre compliqu\u00e9 c\u2019est qu\u2019ils (les participants) ne viennent pas du milieu du cin\u00e9ma, ils n\u2019ont peut-\u00eatre pas vu autant de films que mes \u00e9tudiants, mais \u00e0 l\u2019inverse c\u2019est aussi tr\u00e8s rafra\u00eechissant, car ils sont beaucoup plus libres. Ils ne r\u00e9fl\u00e9chissent pas en terme de genres avec tous les clich\u00e9s que \u00e7a suppose. Leur approche est beaucoup plus fluide et ils sont ouverts aux suggestions, \u00e0 la d\u00e9couverte<\/em>\u00a0\u00bb.<\/p>\n<p>Avant l\u2019arriv\u00e9e du r\u00e9alisateur hongrois, Rand travaille avec Hans sur son sc\u00e9nario. \u00ab <em>Je ne sais pas ce qu\u2019il adviendra de notre version<\/em> \u00bb dit-il \u00ab <em>mais au final ce qui importe c\u2019est de lui permettre une totale libert\u00e9 cr\u00e9ative et qu\u2019elle puisse exprimer ce qu\u2019elle veut. Je suis l\u00e0 plus comme un conseiller, je ne veux prendre aucune d\u00e9cision, je suis simplement l\u00e0 pour offrir des options et des possibilit\u00e9s pour qu\u2019elle atteigne son but<\/em>\u00a0\u00bb.\u00a0En fin de compte, le film a vraiment pris sa forme lors du tournage sous l\u2019impulsion de Bela Tarr qui a pouss\u00e9 Rand \u00e0 se d\u00e9tacher du script et \u00e0 composer avec l\u2019\u00e9nergie cr\u00e9ative du moment.<\/p>\n<p><img loading=\"lazy\" decoding=\"async\" class=\"alignnone size-full wp-image-2829\" src=\"https:\/\/gsara.tv\/causes\/wp-content\/uploads\/2018\/04\/2-700.jpg\" alt=\"\" width=\"558\" height=\"700\" srcset=\"https:\/\/www.causestoujours.be\/wp-content\/uploads\/2018\/04\/2-700.jpg 558w, https:\/\/www.causestoujours.be\/wp-content\/uploads\/2018\/04\/2-700-239x300.jpg 239w, https:\/\/www.causestoujours.be\/wp-content\/uploads\/2018\/04\/2-700-210x263.jpg 210w\" sizes=\"auto, (max-width: 558px) 100vw, 558px\" \/><\/p>\n<p>C\u2019est sans doute la plus grande force des projets port\u00e9s par Cinemaximiliaan, cette capacit\u00e9 \u00e0 faire converger les \u00e9nergies positives de personnes venant de diff\u00e9rents milieux et cultures, mais ayant la m\u00eame envie de cin\u00e9ma et de partage.<\/p>\n<p>\u00ab <em>\u00c7a offre l\u2019opportunit\u00e9 aux personnes sans voix de s\u2019exprimer par eux-m\u00eames et aussi de remodeler leur identit\u00e9, qu\u2019ils aient la confiance suffisante d\u2019agir ind\u00e9pendamment dans un monde dont ils ne connaissent pas forc\u00e9ment les r\u00e8gles. \u00bb<\/em>\u00a0explique Hans, et<em>\u00a0<\/em>de continuer sur l\u2019importance de permettre \u00e0 tous les nouveaux arrivants de trouver une occupation qui a du sens durant les longues p\u00e9riodes d\u2019attente<em>. \u00ab C\u2019est une excellente mani\u00e8re pour leur permettre de s\u2019\u00e9manciper, se sentir les bienvenus et utiles. L\u2019attente et l\u2019inactivit\u00e9, je pense que c\u2019est un poison pour l\u2019\u00e2me. Cinemaximiliaan leur donne un projet dans lequel s\u2019impliquer, une responsabilit\u00e9 et je pense que c\u2019est une des cl\u00e9s pour que les gens s\u2019int\u00e8grent bien (&#8230;) Quand je parle d\u2019int\u00e9gration, je ne parle pas d\u2019assimilation et c\u2019est aussi ce que Cinemaximiliaan d\u00e9fend : ils nous montrent la richesse des autres cultures et l\u2019id\u00e9e n\u2019est pas de laisser \u00e7a derri\u00e8re soi, mais d\u2019en faire profiter la soci\u00e9t\u00e9 d\u2019accueil tout en acceptant les coutumes locales. Je trouve cela tr\u00e8s int\u00e9ressant et enrichissant<\/em>\u00a0\u00bb. Ces diff\u00e9rents rendez-vous permettent aussi ce changement de perception que les gens ont des immigrants et de leur apport \u00e0 la soci\u00e9t\u00e9.<\/p>\n<p><strong>Apprendre et faire soi-m\u00eame, partager<\/strong><\/p>\n<p>\u00ab <em>Croire au potentiel de gens leur donne aussi l\u2019envie de s\u2019investir et travailler dur pour faire partie de ces projets collaboratifs. Quand on trouve un endroit comme celui-l\u00e0, qui te donne l\u2019opportunit\u00e9 de d\u00e9velopper tes comp\u00e9tences ou m\u00eame d\u2019en acqu\u00e9rir de nouvelles, tu donnes le meilleur de toi-m\u00eame \u00bb nous dit Rand. C\u2019est \u00e9videmment son cas : \u00ab elle me demande de lui apprendre, de lui montrer pour qu\u2019elle puisse apr\u00e8s le faire elle-m\u00eame<\/em> \u00bb explique Hans. C\u2019est aussi le cas de tous les autres participants, comme par exemple Bahzad Salhi et Mahmoud charg\u00e9s de la prise de son sur le tournage de Rand. \u00ab <em>Ils ont pass\u00e9 trois jours \u00e0 apprendre juste avant le tournage<\/em> \u00bb explique-t-elle \u00ab <em>et ils ont fait un super boulot<\/em> \u00bb. Anna Francisca Jager, Dahlia Pessemiers, Hans Bruch jr, Jeronimo Sermiento, Sean Luke, Kinshuk Surjan, pour ne citer qu\u2019eux, tous ont particip\u00e9 au projet. Pour grossir les rangs, quelques \u00e9l\u00e8ves de Sint-Lukas Film School (Bruxelles) que Rand rencontre lors d\u2019un pr\u00e9c\u00e9dent \u00e9v\u00e9nement de Cinemaximiliaan ont \u00e9galement pr\u00eat\u00e9 main-forte sur ce premier court m\u00e9trage.<\/p>\n<p><img loading=\"lazy\" decoding=\"async\" class=\"alignnone size-full wp-image-2831\" src=\"https:\/\/gsara.tv\/causes\/wp-content\/uploads\/2018\/04\/3-700.jpg\" alt=\"\" width=\"700\" height=\"272\" srcset=\"https:\/\/www.causestoujours.be\/wp-content\/uploads\/2018\/04\/3-700.jpg 700w, https:\/\/www.causestoujours.be\/wp-content\/uploads\/2018\/04\/3-700-300x117.jpg 300w, https:\/\/www.causestoujours.be\/wp-content\/uploads\/2018\/04\/3-700-600x233.jpg 600w, https:\/\/www.causestoujours.be\/wp-content\/uploads\/2018\/04\/3-700-210x82.jpg 210w\" sizes=\"auto, (max-width: 700px) 100vw, 700px\" \/><\/p>\n<p>Hans encadre un autre projet r\u00e9alis\u00e9 cette fois pas Fatma. S\u2019il a pris un peu plus de place dans la r\u00e9daction du script, l\u2019histoire originale vient n\u00e9anmoins de la jeune fille qui tient \u00e0 la d\u00e9fendre.<br \/>\n\u00ab\u00a0<em>Je voulais qu\u2019on \u00e9crive ensemble une histoire sur comment elle est arriv\u00e9e ici et pourquoi elle est partie. Mais j\u2019ai rapidement compris qu\u2019elle ne voulait pas r\u00e9ellement en parler<\/em>\u00a0\u00bb. Fatma voulait raconter quelque chose de plus l\u00e9ger, sur sa nouvelle vie plut\u00f4t que sur l\u2019ancienne et parvient \u00e0 convaincre Hans que c\u2019est cette histoire-l\u00e0 qu\u2019il faut raconter. \u00ab <em>\u00c7a te dit quelque chose de l\u2019\u00e9tat d\u2019esprit des r\u00e9fugi\u00e9s et que peu importe la case dans laquelle tu veux les faire rentrer, ils feront tout ce qu\u2019ils peuvent pour tirer le maximum de chacune des situations. Je pense que c\u2019est la nature humaine. Et je trouvais que c\u2019\u00e9tait une histoire int\u00e9ressante<\/em> \u00bb admet-il \u00ab <em>parce que \u00e7a montre l\u2019humanit\u00e9, mais aussi les capacit\u00e9s de survie qu\u2019il te faut pour t\u2019en sortir quand tu es r\u00e9fugi\u00e9<\/em>\u00a0\u00bb. L\u2019histoire se passe dans un centre d\u2019accueil o\u00f9 un demandeur d\u2019asile somalien s\u00e9duit plusieurs Somaliennes pour augmenter ses chances d\u2019avoir ses papiers. \u00ab <em>Dans une culture domin\u00e9e par les hommes comme la Somalie, \u00e7a a du sens, mais c\u2019est aussi amusant de voir qu\u2019une fille qui a \u00e9t\u00e9 au contact de cette culture et maintenant de la culture occidentale, belge est aussi devenue plus loquace sur le sujet. Les r\u00e8gles qui s&rsquo;appliquaient avant ne sont plus valables ici. Je trouvais que c\u2019\u00e9tait une histoire int\u00e9ressante, car finalement assez inattendue<\/em>\u00a0\u00bb. Inattendue et enrichissante comme nous l\u2019a r\u00e9p\u00e9t\u00e9 de nombreuses fois Hans.<\/p>\n<p>Quant \u00e0 l\u2019histoire de Rand, vous pourrez la d\u00e9couvrir les <a href=\"https:\/\/www.facebook.com\/events\/2172815889400830\/\">11 et 12 mai \u00e0 la <\/a><em><a href=\"https:\/\/www.facebook.com\/events\/2172815889400830\/\">Cinemaximiliaan project house<\/a>\u00a0ou\u00a0<\/em><a href=\"https:\/\/www.facebook.com\/events\/439421923185133\/\">le 13 au Palace<\/a>, dans le cadre du KFDA2018. Et lorsqu\u2019on lui demande si elle va prolonger l\u2019exp\u00e9rience, voici sa r\u00e9ponse : \u00ab <em>Le cin\u00e9ma est le m\u00e9dium o\u00f9 je peux r\u00e9unir la musique, l\u2019image, le jeu et ma vision de la vie. La question de continuer le cin\u00e9ma ne se pose m\u00eame pas<\/em>\u00a0\u00bb. La jeune r\u00e9alisatrice conclut : \u00ab <em>C\u2019est l\u2019initiative cr\u00e9ative la meilleure qu\u2019il soit pour rendre intelligible l\u2019incompr\u00e9hensible<\/em> \u00bb.<\/p>\n<p><img loading=\"lazy\" decoding=\"async\" class=\"alignnone size-full wp-image-2833\" src=\"https:\/\/gsara.tv\/causes\/wp-content\/uploads\/2018\/04\/6-700.png\" alt=\"\" width=\"700\" height=\"467\" srcset=\"https:\/\/www.causestoujours.be\/wp-content\/uploads\/2018\/04\/6-700.png 700w, https:\/\/www.causestoujours.be\/wp-content\/uploads\/2018\/04\/6-700-300x200.png 300w, https:\/\/www.causestoujours.be\/wp-content\/uploads\/2018\/04\/6-700-600x400.png 600w, https:\/\/www.causestoujours.be\/wp-content\/uploads\/2018\/04\/6-700-210x140.png 210w\" sizes=\"auto, (max-width: 700px) 100vw, 700px\" \/><\/p>\n<p><strong>Maureen Vanden Berghe<\/strong><\/p>\n","protected":false},"excerpt":{"rendered":"<p>Cinemaximiliaan am\u00e8ne depuis plusieurs ann\u00e9es d\u00e9j\u00e0 films et d\u00e9bats dans les centres d\u2019asile, les maisons et les cin\u00e9mas pour faire se rencontrer nouveaux arrivants et locaux de mani\u00e8re conviviale. Et de la projection de films \u00e0 la production, il n\u2019y<\/p>\n","protected":false},"author":10,"featured_media":2829,"comment_status":"closed","ping_status":"open","sticky":false,"template":"","format":"standard","meta":{"footnotes":""},"categories":[2,178],"tags":[],"class_list":["post-2825","post","type-post","status-publish","format-standard","has-post-thumbnail","hentry","category-dossier","category-migrations-deconstruire-les-prejuges"],"_links":{"self":[{"href":"https:\/\/www.causestoujours.be\/wp-json\/wp\/v2\/posts\/2825","targetHints":{"allow":["GET"]}}],"collection":[{"href":"https:\/\/www.causestoujours.be\/wp-json\/wp\/v2\/posts"}],"about":[{"href":"https:\/\/www.causestoujours.be\/wp-json\/wp\/v2\/types\/post"}],"author":[{"embeddable":true,"href":"https:\/\/www.causestoujours.be\/wp-json\/wp\/v2\/users\/10"}],"replies":[{"embeddable":true,"href":"https:\/\/www.causestoujours.be\/wp-json\/wp\/v2\/comments?post=2825"}],"version-history":[{"count":11,"href":"https:\/\/www.causestoujours.be\/wp-json\/wp\/v2\/posts\/2825\/revisions"}],"predecessor-version":[{"id":2872,"href":"https:\/\/www.causestoujours.be\/wp-json\/wp\/v2\/posts\/2825\/revisions\/2872"}],"wp:featuredmedia":[{"embeddable":true,"href":"https:\/\/www.causestoujours.be\/wp-json\/wp\/v2\/media\/2829"}],"wp:attachment":[{"href":"https:\/\/www.causestoujours.be\/wp-json\/wp\/v2\/media?parent=2825"}],"wp:term":[{"taxonomy":"category","embeddable":true,"href":"https:\/\/www.causestoujours.be\/wp-json\/wp\/v2\/categories?post=2825"},{"taxonomy":"post_tag","embeddable":true,"href":"https:\/\/www.causestoujours.be\/wp-json\/wp\/v2\/tags?post=2825"}],"curies":[{"name":"wp","href":"https:\/\/api.w.org\/{rel}","templated":true}]}}