{"id":2845,"date":"2018-04-26T13:14:02","date_gmt":"2018-04-26T13:14:02","guid":{"rendered":"https:\/\/gsara.tv\/causes\/?p=2845"},"modified":"2018-04-26T16:43:13","modified_gmt":"2018-04-26T16:43:13","slug":"citoyennete-acte-mise-lumiere-collectactif-latelier-radiodoc","status":"publish","type":"post","link":"https:\/\/www.causestoujours.be\/citoyennete-acte-mise-lumiere-collectactif-latelier-radiodoc\/","title":{"rendered":"\u00ab La citoyennet\u00e9 par acte \u00bb &#8211; Mise en lumi\u00e8re du Collectactif par l&rsquo;Atelier RadioDoc"},"content":{"rendered":"<p><strong>Ils s&rsquo;appellent Mohammed, Isma\u00ebl, Youssef, Jamal\u2026 Ils r\u00e9cup\u00e8rent de la nourriture, cuisinent pour les autres et proposent des repas \u00e0 prix libre. Le Collectactif r\u00e9unit des sans papiers revendiquant une citoyennet\u00e9 par acte. Charlotte Laloire et Wattha Sananikone sont all\u00e9s \u00e0 leur rencontre dans le cadre de l&rsquo;atelier RadioDoc.<\/strong><\/p>\n<p><iframe loading=\"lazy\" src=\"https:\/\/w.soundcloud.com\/player\/?url=https%3A\/\/api.soundcloud.com\/tracks\/435532290&amp;color=%23ff5500&amp;auto_play=false&amp;hide_related=false&amp;show_comments=true&amp;show_user=true&amp;show_reposts=false&amp;show_teaser=true\" width=\"100%\" height=\"166\" frameborder=\"no\" scrolling=\"no\"><\/iframe><\/p>\n<p>Cette r\u00e9alisation est elle-m\u00eame un acte citoyen, celui d&rsquo;aller \u00e0 la rencontre, de chercher \u00e0 comprendre, de faire conna\u00eetre. Charlotte Laloire et Wattha Sananikone nous plongent avec respect et sinc\u00e9rit\u00e9 dans l&rsquo;intimit\u00e9 du Collectactif.<\/p>\n<p>12 minutes, car c&rsquo;est la r\u00e8gle de l&rsquo;Atelier RadioDoc. Chaque participant tente de r\u00e9aliser 6 minutes de documentaire radio sur une question sociale. Des \u00e9quipes se forment. Et les minutes se cumulent. A deux, on r\u00e9alise 12 minutes, \u00e0 trois 18 minutes, &#8230;<\/p>\n<p>L&rsquo;atelier Radio Doc c&rsquo;est un rendez-vous hebdomadaire, les lundis de 18H30 \u00e0 21H00 (et souvent un peu plus tard). On y \u00e9coute du documentaire radio sur des probl\u00e8mes de soci\u00e9t\u00e9, on y discute de potentiels sujets et de comment les traiter avec justesse, on y cr\u00e9e des \u00e9quipes. Chaque groupe est attentif au travail des autres et on \u00e9change sur les difficult\u00e9s rencontr\u00e9es, sur nos r\u00e9flexions, nos \u00e9motions.<\/p>\n<p><img loading=\"lazy\" decoding=\"async\" class=\"alignnone size-full wp-image-2851\" src=\"https:\/\/gsara.tv\/causes\/wp-content\/uploads\/2018\/04\/radio-social-club-700.jpg\" alt=\"\" width=\"700\" height=\"363\" srcset=\"https:\/\/www.causestoujours.be\/wp-content\/uploads\/2018\/04\/radio-social-club-700.jpg 700w, https:\/\/www.causestoujours.be\/wp-content\/uploads\/2018\/04\/radio-social-club-700-300x156.jpg 300w, https:\/\/www.causestoujours.be\/wp-content\/uploads\/2018\/04\/radio-social-club-700-600x311.jpg 600w, https:\/\/www.causestoujours.be\/wp-content\/uploads\/2018\/04\/radio-social-club-700-210x109.jpg 210w\" sizes=\"auto, (max-width: 700px) 100vw, 700px\" \/><\/p>\n<p>L&rsquo;atelier Radio Doc est un partenariat entre le GSARA BXL, l&rsquo;ACSR et Radio Panik et s&rsquo;inscrit dans l&rsquo;esprit de l&rsquo;\u00e9ducation permanente.<\/p>\n<p>Il sera ouvert \u00e0 de nouveaux participants en septembre.<\/p>\n<p>Mais attention, il change de nom (mais pas d&rsquo;\u00e2me) pour devenir le RadioSocialClub.<\/p>\n<p>Plus d&rsquo;infos\u00a0: <a href=\"mailto:guillaume@gsara.be\">guillaume@gsara.be<\/a><\/p>\n<p><img loading=\"lazy\" decoding=\"async\" class=\"alignnone size-full wp-image-2847\" src=\"https:\/\/gsara.tv\/causes\/wp-content\/uploads\/2018\/04\/image_collecactif-700.jpg\" alt=\"\" width=\"700\" height=\"194\" srcset=\"https:\/\/www.causestoujours.be\/wp-content\/uploads\/2018\/04\/image_collecactif-700.jpg 700w, https:\/\/www.causestoujours.be\/wp-content\/uploads\/2018\/04\/image_collecactif-700-300x83.jpg 300w, https:\/\/www.causestoujours.be\/wp-content\/uploads\/2018\/04\/image_collecactif-700-600x166.jpg 600w, https:\/\/www.causestoujours.be\/wp-content\/uploads\/2018\/04\/image_collecactif-700-210x58.jpg 210w\" sizes=\"auto, (max-width: 700px) 100vw, 700px\" \/><\/p>\n<p><a href=\"https:\/\/collectactif.wordpress.com\/\">collectactif.wordpress.com<\/a><\/p>\n","protected":false},"excerpt":{"rendered":"<p>Ils s&rsquo;appellent Mohammed, Isma\u00ebl, Youssef, Jamal\u2026 Ils r\u00e9cup\u00e8rent de la nourriture, cuisinent pour les autres et proposent des repas \u00e0 prix libre. Le Collectactif r\u00e9unit des sans papiers revendiquant une citoyennet\u00e9 par acte. Charlotte Laloire et Wattha Sananikone sont all\u00e9s<\/p>\n","protected":false},"author":10,"featured_media":2854,"comment_status":"closed","ping_status":"open","sticky":false,"template":"","format":"standard","meta":{"footnotes":""},"categories":[4],"tags":[],"class_list":["post-2845","post","type-post","status-publish","format-standard","has-post-thumbnail","hentry","category-creation-sonore"],"_links":{"self":[{"href":"https:\/\/www.causestoujours.be\/wp-json\/wp\/v2\/posts\/2845","targetHints":{"allow":["GET"]}}],"collection":[{"href":"https:\/\/www.causestoujours.be\/wp-json\/wp\/v2\/posts"}],"about":[{"href":"https:\/\/www.causestoujours.be\/wp-json\/wp\/v2\/types\/post"}],"author":[{"embeddable":true,"href":"https:\/\/www.causestoujours.be\/wp-json\/wp\/v2\/users\/10"}],"replies":[{"embeddable":true,"href":"https:\/\/www.causestoujours.be\/wp-json\/wp\/v2\/comments?post=2845"}],"version-history":[{"count":8,"href":"https:\/\/www.causestoujours.be\/wp-json\/wp\/v2\/posts\/2845\/revisions"}],"predecessor-version":[{"id":2867,"href":"https:\/\/www.causestoujours.be\/wp-json\/wp\/v2\/posts\/2845\/revisions\/2867"}],"wp:featuredmedia":[{"embeddable":true,"href":"https:\/\/www.causestoujours.be\/wp-json\/wp\/v2\/media\/2854"}],"wp:attachment":[{"href":"https:\/\/www.causestoujours.be\/wp-json\/wp\/v2\/media?parent=2845"}],"wp:term":[{"taxonomy":"category","embeddable":true,"href":"https:\/\/www.causestoujours.be\/wp-json\/wp\/v2\/categories?post=2845"},{"taxonomy":"post_tag","embeddable":true,"href":"https:\/\/www.causestoujours.be\/wp-json\/wp\/v2\/tags?post=2845"}],"curies":[{"name":"wp","href":"https:\/\/api.w.org\/{rel}","templated":true}]}}