{"id":3076,"date":"2018-12-19T15:16:12","date_gmt":"2018-12-19T15:16:12","guid":{"rendered":"https:\/\/gsara.tv\/causes\/?p=3076"},"modified":"2018-12-19T18:01:11","modified_gmt":"2018-12-19T18:01:11","slug":"le-management-desincarne","status":"publish","type":"post","link":"https:\/\/www.causestoujours.be\/le-management-desincarne\/","title":{"rendered":"[Vid\u00e9o] Le Management d\u00e9sincarn\u00e9 avec Marie-Anne Dujarier"},"content":{"rendered":"<p><strong>Cette vid\u00e9o s\u2019inscrit dans le cadre de la campagne de sensibilisation\u00a0du GSARA,\u00a0<a href=\"https:\/\/www.gsara.be\/campagne2018\/\"><em>J\u2019ai mal \u00e0 mon travail.<\/em>\u00a0<em>Le n\u00e9o-management en question<\/em><\/a>.<em>\u00a0<\/em><\/strong><\/p>\n<hr \/>\n<p><strong>Conf\u00e9rence de Marie-Anne Dujarier, ancienne cadre et sociologue du travail, auteur de <em>Le Management d\u00e9sincarn\u00e9. Enqu\u00eate sur les nouveaux cadres du travail<\/em> (Paris, La D\u00e9couverte, coll. \u00ab Cahiers libres \u00bb, 2015).<br \/>\nDiscutant : John Cultiaux, Docteur en Sciences Sociales, chercheur au CRIDIS et directeur du centre de recherche-action ORCHIS. Charg\u00e9 de cours \u00e0 l\u2019universit\u00e9 de Namur et \u00e0 l\u2019UCL.<\/strong><\/p>\n<p>Conf\u00e9rence film\u00e9e au Cin\u00e9ma Nova \u00e0 Bruxelles le 27 novembre 2018.<\/p>\n<p><iframe loading=\"lazy\" width=\"720\" height=\"405\" src=\"https:\/\/www.youtube.com\/embed\/OeBOwwZmMUk?feature=oembed\" frameborder=\"0\" allow=\"accelerometer; autoplay; encrypted-media; gyroscope; picture-in-picture\" allowfullscreen><\/iframe><\/p>\n<p>&nbsp;<\/p>\n","protected":false},"excerpt":{"rendered":"<p>Conf\u00e9rence de Marie-Anne Dujarier, ancienne cadre et sociologue du travail, auteur de \u00ab\u00a0Le Management d\u00e9sincarn\u00e9. Enqu\u00eate sur les nouveaux cadres du travail\u00a0\u00bb<\/p>\n","protected":false},"author":10,"featured_media":3085,"comment_status":"closed","ping_status":"open","sticky":false,"template":"","format":"standard","meta":{"footnotes":""},"categories":[2,180],"tags":[],"class_list":["post-3076","post","type-post","status-publish","format-standard","has-post-thumbnail","hentry","category-dossier","category-lideologie-neo-manageriale"],"_links":{"self":[{"href":"https:\/\/www.causestoujours.be\/wp-json\/wp\/v2\/posts\/3076","targetHints":{"allow":["GET"]}}],"collection":[{"href":"https:\/\/www.causestoujours.be\/wp-json\/wp\/v2\/posts"}],"about":[{"href":"https:\/\/www.causestoujours.be\/wp-json\/wp\/v2\/types\/post"}],"author":[{"embeddable":true,"href":"https:\/\/www.causestoujours.be\/wp-json\/wp\/v2\/users\/10"}],"replies":[{"embeddable":true,"href":"https:\/\/www.causestoujours.be\/wp-json\/wp\/v2\/comments?post=3076"}],"version-history":[{"count":9,"href":"https:\/\/www.causestoujours.be\/wp-json\/wp\/v2\/posts\/3076\/revisions"}],"predecessor-version":[{"id":3113,"href":"https:\/\/www.causestoujours.be\/wp-json\/wp\/v2\/posts\/3076\/revisions\/3113"}],"wp:featuredmedia":[{"embeddable":true,"href":"https:\/\/www.causestoujours.be\/wp-json\/wp\/v2\/media\/3085"}],"wp:attachment":[{"href":"https:\/\/www.causestoujours.be\/wp-json\/wp\/v2\/media?parent=3076"}],"wp:term":[{"taxonomy":"category","embeddable":true,"href":"https:\/\/www.causestoujours.be\/wp-json\/wp\/v2\/categories?post=3076"},{"taxonomy":"post_tag","embeddable":true,"href":"https:\/\/www.causestoujours.be\/wp-json\/wp\/v2\/tags?post=3076"}],"curies":[{"name":"wp","href":"https:\/\/api.w.org\/{rel}","templated":true}]}}