{"id":3174,"date":"2019-03-27T14:35:17","date_gmt":"2019-03-27T14:35:17","guid":{"rendered":"https:\/\/gsara.tv\/causes\/?p=3174"},"modified":"2019-04-08T13:32:29","modified_gmt":"2019-04-08T13:32:29","slug":"prison-cote-pop","status":"publish","type":"post","link":"https:\/\/www.causestoujours.be\/prison-cote-pop\/","title":{"rendered":"Prison c\u00f4t\u00e9 pop"},"content":{"rendered":"\n<p>\n<strong>Pour la majorit\u00e9 d\u2019entre nous, les seules choses que nous\ncroyons conna\u00eetre du milieu carc\u00e9ral nous parviennent par \u00e9crans\ninterpos\u00e9s et bien souvent sous forme de fiction. Il y a les films\nbien s\u00fbr (je ne saurais que trop vous conseiller <\/strong><a href=\"https:\/\/www.youtube.com\/watch?v=-ijGMSx7gCA\"><strong>le\nfloril\u00e8ge de l\u2019\u00e9mission Blow Up sur le sujet<\/strong><\/a><strong>).\nN\u00e9anmoins depuis bient\u00f4t 20 ans, les s\u00e9ries s\u2019int\u00e9ressent\n\u00e9galement de pr\u00e8s \u00e0 la vie des d\u00e9tenu-e-s. Alors, on ne va pas\ns\u2019attarder sur tous ceux qui passent par la case prison \u2013 Junior\nSoprano (<\/strong><em><strong>The Sopranos<\/strong><\/em><strong>), Pablo Escobar (<\/strong><em><strong>Narcos<\/strong><\/em><strong>),\nGeorge Bluth (<\/strong><em><strong>Arrested Development<\/strong><\/em><strong>)\u2026 ne sont\nque la pointe de l\u2019iceberg \u2013 mais pour cette plong\u00e9e en prison\nc\u00f4t\u00e9 pop, nous allons revenir sur les trois s\u00e9ries marquantes qui\nont la prison comme (l\u2019un des) sujet principal et qui placent les\npersonnes incarc\u00e9r\u00e9es au centre de l&rsquo;intrigue, plut\u00f4t qu&rsquo;en marge\ncomme dans les s\u00e9ries polici\u00e8res ou judiciaires. Evidemment que\nvous me voyez venir avec mes gros sabots, il s\u2019agit bien de <\/strong><em><strong>The\nWire<\/strong><\/em><strong>, <\/strong><em><strong>Prison Break<\/strong><\/em><strong> et <\/strong><em><strong>Orange\nis the New Black<\/strong><\/em><strong>.<\/strong><\/p>\n\n\n\n<p><strong>THE\nWIRE  2002-2008<\/strong><\/p>\n\n\n\n<p>Il faut d\u2019abord rendre \u00e0 C\u00e9sar ce qui est \u00e0 C\u00e9sar : sans <em>Oz <\/em>(1997-2003), premi\u00e8re s\u00e9rie dramatique diffus\u00e9e sur cha\u00eene c\u00e2bl\u00e9e (HBO), on attendrait peut-\u00eatre toujours <em>The Wire <\/em>et d\u2019autres programmes du genre. Sans compter que son descendant direct est diffus\u00e9 sur le m\u00eame network. Mais <em>The Wire <\/em>a eu un plus grand impact international puisqu\u2019elle se retrouve r\u00e9guli\u00e8rement en t\u00eate des classements des meilleures s\u00e9ries t\u00e9l\u00e9vis\u00e9es. Elle tr\u00f4ne \u00e9galement en bonne place dans les cursus universitaires. Et pour cause : les co-auteurs (David Simon et Ed Burns) se sont entour\u00e9s de sociologues et d\u2019anthropologues urbains ayant v\u00e9cu dans les quartiers de Baltimore pour \u00eatre le plus proche possible de la r\u00e9alit\u00e9. Ce qui leur a permis, d\u2019une part, d\u2019\u00e9viter de tomber dans le pi\u00e8ge du manich\u00e9isme \u2013 on peut ainsi, tour \u00e0 tour s\u2019identifier ou du moins entrer en empathie avec chacun des personnages, m\u00eame s\u2019ils ont le r\u00f4le des criminels \u2013 mais \u00e9galement de replacer se syst\u00e8me carc\u00e9ral au sein d\u2019une analyse plus globale des institutions. \u201c<em>Le tour de force de la s\u00e9rie est de s&rsquo;engager, sur le plan social, en montrant sans d\u00e9tour les coins les plus sombres du d\u00e9cor am\u00e9ricain, son revers le plus inavouable, tout en mettant en sc\u00e8ne une foule de points de vue r\u00e9alistes qui multiplient les questions d\u00e9rangeantes sans jamais proposer de solution miracle. Il n&rsquo;y a pas de fausse objectivit\u00e9 rassurante et pas de subjectivit\u00e9 accusatrice sous-jacente, l&rsquo;\u00e9pisode ne fait que montrer les situations le plus fid\u00e8lement possible<\/em>.\u201d (on dit merci qui ? merci Wikipedia) Voil\u00e0 de quoi passer plusieurs heures de cours (et pas seulement dans les classes de cin\u00e9ma) \u00e0 (re)visionner les \u00e9pisodes et \u00e0 animer des conf\u00e9rences dans des colloques en tout genre.<\/p>\n\n\n\n<figure class=\"wp-block-image\"><img loading=\"lazy\" decoding=\"async\" width=\"700\" height=\"368\" src=\"https:\/\/gsara.tv\/causes\/wp-content\/uploads\/2019\/03\/10-the-wire-ranking-feed.w1200.h630-700.jpg\" alt=\"\" class=\"wp-image-3175\" srcset=\"https:\/\/www.causestoujours.be\/wp-content\/uploads\/2019\/03\/10-the-wire-ranking-feed.w1200.h630-700.jpg 700w, https:\/\/www.causestoujours.be\/wp-content\/uploads\/2019\/03\/10-the-wire-ranking-feed.w1200.h630-700-300x158.jpg 300w, https:\/\/www.causestoujours.be\/wp-content\/uploads\/2019\/03\/10-the-wire-ranking-feed.w1200.h630-700-600x315.jpg 600w, https:\/\/www.causestoujours.be\/wp-content\/uploads\/2019\/03\/10-the-wire-ranking-feed.w1200.h630-700-210x110.jpg 210w\" sizes=\"auto, (max-width: 700px) 100vw, 700px\" \/><\/figure>\n\n\n\n<p>\nPour ne pas tomber enti\u00e8rement dans le fanatisme et apporter un peu\nde nuances, rappelons tout de m\u00eame que <em>The Wire <\/em>est une s\u00e9rie\nsur des personnages essentiellement noirs et dans la pr\u00e9carit\u00e9\n\u00e9crite par des hommes blancs pour \u00eatre diffus\u00e9e sur une cha\u00eene\npremium (payante donc) avec un certain type d&rsquo;audience (\u00e0\nsatisfaire) en t\u00eate. Mais ce n\u2019est qu\u2019une fausse critique car,\ncomme expliqu\u00e9, c\u2019est peut-\u00eatre le moyen le plus direct pour ce\npublic d\u2019entrer en contact avec le milieu carc\u00e9ral et cette s\u00e9rie\ndocumentaire fait vraiment le job !<\/p>\n\n\n\n<p>\n<strong>PRISON BREAK 2005-2009 (2017)<\/strong><\/p>\n\n\n\n<p> Si ce n\u2019\u00e9tait pas encore clair, il y a tr\u00e8s peu d\u2019objectivit\u00e9 dans ce que j\u2019\u00e9cris ici alors je vous le dis : <em>Prison Break<\/em>\u2026 franchement ?! Je ne comprends toujours pas pourquoi cette s\u00e9rie a tant anim\u00e9 les discussions de la pause-d\u00e9jeuner quand j\u2019\u00e9tais au coll\u00e8ge. J\u2019ai toujours trouv\u00e9 cette s\u00e9rie consternante de nullit\u00e9 (le doublage n\u2019a s\u00fbrement pas aid\u00e9 mais ce n\u2019est pas le sujet) donc on ne va pas passer des heures dessus. Ok, pour une s\u00e9rie conservatrice diffus\u00e9e sur la Fox (tiens tiens), elle montre quand m\u00eame une population carc\u00e9rale un peu diversifi\u00e9e. Mais bon, le h\u00e9ros c\u2019est quand m\u00eame le <em>white guy<\/em> de la bande.  <\/p>\n\n\n\n<figure class=\"wp-block-image\"><img loading=\"lazy\" decoding=\"async\" width=\"700\" height=\"350\" src=\"https:\/\/gsara.tv\/causes\/wp-content\/uploads\/2019\/03\/prison-break-photo-573adcaf0a371-700.jpg\" alt=\"\" class=\"wp-image-3177\" srcset=\"https:\/\/www.causestoujours.be\/wp-content\/uploads\/2019\/03\/prison-break-photo-573adcaf0a371-700.jpg 700w, https:\/\/www.causestoujours.be\/wp-content\/uploads\/2019\/03\/prison-break-photo-573adcaf0a371-700-300x150.jpg 300w, https:\/\/www.causestoujours.be\/wp-content\/uploads\/2019\/03\/prison-break-photo-573adcaf0a371-700-600x300.jpg 600w, https:\/\/www.causestoujours.be\/wp-content\/uploads\/2019\/03\/prison-break-photo-573adcaf0a371-700-210x105.jpg 210w\" sizes=\"auto, (max-width: 700px) 100vw, 700px\" \/><\/figure>\n\n\n\n<p>\nLa prison est repr\u00e9sent\u00e9e comme un lieu de violence (physique)\npermanente. A peine notre protagoniste passe la porte d\u2019entr\u00e9e\nqu\u2019il voit un autre d\u00e9tenu boxer dans le vide comme si les\nbagarres \u00e9taient constantes. Alors, je n\u2019ai pas dit que la prison\nc\u2019\u00e9tait le Club Med, mais l\u00e0 quand m\u00eame, on se fout un peu de\nnous. On nous montre que la majorit\u00e9 des morts qui surviennent en\nmilieu carc\u00e9ral sont dues \u00e0 des meurtres (des crimes entre gangs)\nalors que dans la r\u00e9alit\u00e9, les causes principales de d\u00e9c\u00e8s en\nprison sont dues aux suicides, maladies et \u00e0 l\u2019\u00e2ge. L\u2019aspect le\nplus int\u00e9ressant selon moi est le fait que Lincoln \u2013\nle personnage central de la s\u00e9rie \u2013 ait \u00e9t\u00e9 condamn\u00e9 et\nemprisonn\u00e9 par erreur (et \u00e7a arrive). Bref, j\u2019imagine que\ncertains ont appr\u00e9ci\u00e9 le show pour le suspense et la dose\nd\u2019adr\u00e9naline mais je vous propose de passer \u00e0 autre chose.<\/p>\n\n\n\n<p>\n<strong>ORANGE IS THE NEW BLACK 2013 &#8211; \u2026.<\/strong><\/p>\n\n\n\n<p> Vous entendez Patrick Juvet crier \u201cO\u00f9 sont les femmes?\u201d (ouais on a les refs qu\u2019on m\u00e9rite) ? Eh bien Patrick, figure-toi que depuis 2013, on ne les voit plus seulement verser des larmes au parloir, elle sont aussi dans les cellules. Bien que <em>Orange is the New Black<\/em> n\u2019ait pas les pr\u00e9tentions documentaires de <em>The Wire<\/em>, elle r\u00e9alise une prouesse semblable \u00e0 <em>Oz <\/em>10 ans plus t\u00f4t. Des femmes noires, latinas, grosses, butches<a href=\"#sdfootnote1sym\"><sup>1<\/sup><\/a>, lesbiennes ou bi, \u00e0 peine maquill\u00e9es, qui parlent de violence, d&rsquo;argent, de sexe, d&rsquo;identit\u00e9 de genre, de r\u00e8gles, de maternit\u00e9\u2026 pendant 52 minutes (pour les premiers \u00e9pisodes), certains ont senti la Terre trembler. Prise de risque donc pour Netflix qui n\u2019en \u00e9tait alors qu\u2019\u00e0 sa troisi\u00e8me s\u00e9rie auto-produite, comme pour HBO \u00e0 l\u2019\u00e9poque. Rien que pour le r\u00f4le de Sophia, interpr\u00e9t\u00e9 par Laverne Cox, cette s\u00e9rie m\u00e9rite toute mon admiration. Un avis partag\u00e9 puisqu\u2019elle sera la premi\u00e8re actrice trans noire \u00e0 avoir \u00e9t\u00e9 nomm\u00e9e aux Emmy Awards.<\/p>\n\n\n\n<figure class=\"wp-block-image\"><img loading=\"lazy\" decoding=\"async\" width=\"700\" height=\"394\" src=\"https:\/\/gsara.tv\/causes\/wp-content\/uploads\/2019\/03\/orange-is-the-new-black_s03_Illico_player_700.jpg\" alt=\"\" class=\"wp-image-3179\" srcset=\"https:\/\/www.causestoujours.be\/wp-content\/uploads\/2019\/03\/orange-is-the-new-black_s03_Illico_player_700.jpg 700w, https:\/\/www.causestoujours.be\/wp-content\/uploads\/2019\/03\/orange-is-the-new-black_s03_Illico_player_700-300x169.jpg 300w, https:\/\/www.causestoujours.be\/wp-content\/uploads\/2019\/03\/orange-is-the-new-black_s03_Illico_player_700-600x338.jpg 600w, https:\/\/www.causestoujours.be\/wp-content\/uploads\/2019\/03\/orange-is-the-new-black_s03_Illico_player_700-210x118.jpg 210w\" sizes=\"auto, (max-width: 700px) 100vw, 700px\" \/><\/figure>\n\n\n\n<p>\nLe d\u00e9cor de la prison a cet avantage de jouer le r\u00f4le de m\u00e9taphore\no\u00f9 tout est amplifi\u00e9. Cela permet de mettre en exergue certaines\nquestions de soci\u00e9t\u00e9 qui n&rsquo;auraient peut-\u00eatre pas \u00e9t\u00e9 soulev\u00e9es\ndans d&rsquo;autres cadres. De plus, les prisons sont \u2013\npar d\u00e9finition \u2013 des lieux o\u00f9 la\nsoci\u00e9t\u00e9 cache celles et ceux qui semblent trop marginaux pour \u00eatre\nmontr\u00e9s ailleurs. Elles offrent donc aux showrunners une richesse\nnarrative incomparable. Et elles ont cet avantage sur les films de\npouvoir d\u00e9rouler leurs intrigues sur plusieurs \u00e9pisodes voire\nplusieurs saisons, permettant ainsi \u00e0 des personnages complexes\nd\u2019exister et, \u00e0 l\u2019image de la vie en prison que l\u2019on se fait\nde retrouver quelques nuances (quand ils s\u2019appliquent un peu). Plus\nqu\u2019une repr\u00e9sentation exacte du milieu carc\u00e9ral fait\nessentiellement d\u2019ennui (pas ce qu\u2019il y a de plus vendeur pour\nune s\u00e9rie), c\u2019est une plus grande repr\u00e9sentation des minorit\u00e9s\nqui en ressort et c\u2019est d\u00e9j\u00e0 plus qu\u2019appr\u00e9ciable.<\/p>\n\n\n\n<p>\n<strong>Maureen Vanden Berghe<\/strong><\/p>\n\n\n\n<p> <a href=\"#sdfootnote1anc\">1<\/a> Terme argotique anglophone d\u00e9signant les lesbiennes adoptant des codes vestimentaires masculins.<\/p>\n","protected":false},"excerpt":{"rendered":"<p>Pour la majorit\u00e9 d\u2019entre nous, les seules choses que nous croyons conna\u00eetre du milieu carc\u00e9ral nous parviennent par \u00e9crans interpos\u00e9s et bien souvent sous forme de fiction. Il y a les films bien s\u00fbr (je ne saurais que trop vous<\/p>\n","protected":false},"author":10,"featured_media":3210,"comment_status":"closed","ping_status":"open","sticky":false,"template":"","format":"standard","meta":{"footnotes":""},"categories":[2,195],"tags":[],"class_list":["post-3174","post","type-post","status-publish","format-standard","has-post-thumbnail","hentry","category-dossier","category-sur-la-prison-pensee-critique-travail-social-et-representations"],"_links":{"self":[{"href":"https:\/\/www.causestoujours.be\/wp-json\/wp\/v2\/posts\/3174","targetHints":{"allow":["GET"]}}],"collection":[{"href":"https:\/\/www.causestoujours.be\/wp-json\/wp\/v2\/posts"}],"about":[{"href":"https:\/\/www.causestoujours.be\/wp-json\/wp\/v2\/types\/post"}],"author":[{"embeddable":true,"href":"https:\/\/www.causestoujours.be\/wp-json\/wp\/v2\/users\/10"}],"replies":[{"embeddable":true,"href":"https:\/\/www.causestoujours.be\/wp-json\/wp\/v2\/comments?post=3174"}],"version-history":[{"count":5,"href":"https:\/\/www.causestoujours.be\/wp-json\/wp\/v2\/posts\/3174\/revisions"}],"predecessor-version":[{"id":3182,"href":"https:\/\/www.causestoujours.be\/wp-json\/wp\/v2\/posts\/3174\/revisions\/3182"}],"wp:featuredmedia":[{"embeddable":true,"href":"https:\/\/www.causestoujours.be\/wp-json\/wp\/v2\/media\/3210"}],"wp:attachment":[{"href":"https:\/\/www.causestoujours.be\/wp-json\/wp\/v2\/media?parent=3174"}],"wp:term":[{"taxonomy":"category","embeddable":true,"href":"https:\/\/www.causestoujours.be\/wp-json\/wp\/v2\/categories?post=3174"},{"taxonomy":"post_tag","embeddable":true,"href":"https:\/\/www.causestoujours.be\/wp-json\/wp\/v2\/tags?post=3174"}],"curies":[{"name":"wp","href":"https:\/\/api.w.org\/{rel}","templated":true}]}}