{"id":3201,"date":"2019-03-27T14:20:57","date_gmt":"2019-03-27T14:20:57","guid":{"rendered":"https:\/\/gsara.tv\/causes\/?p=3201"},"modified":"2019-04-08T13:39:49","modified_gmt":"2019-04-08T13:39:49","slug":"la-radio-numerique-terrestre","status":"publish","type":"post","link":"https:\/\/www.causestoujours.be\/la-radio-numerique-terrestre\/","title":{"rendered":"La radio num\u00e9rique terrestre (DAB+) remplacera la FM"},"content":{"rendered":"\n<p><strong>Le DAB (Digital Audio Broadcasting) est une norme de diffusion pour la radio num\u00e9rique sur les ondes hertziennes terrestres. En r\u00e9sum\u00e9, il s\u2019agit de l\u2019\u00e9quivalent num\u00e9rique de la bande FM qui diffuse les ondes hertziennes en mode analogique.<\/strong><\/p>\n\n\n\n<p><strong>En Belgique, la diffusion en DAB est exp\u00e9riment\u00e9e d\u00e8s la fin des ann\u00e9es 1990 par la RTBF et la VRT. Depuis novembre 2018, le DAB+ a \u00e9t\u00e9 lanc\u00e9 \u00e0 titre exp\u00e9rimental en F\u00e9d\u00e9ration Wallonie-Bruxelles pour l\u2019ensemble des r\u00e9seaux radiophoniques publics et priv\u00e9s. Le DAB+ est une \u00e9volution du DAB qui permet, entre autres, de diffuser plus de radios sur une m\u00eame largeur de bande passante gr\u00e2ce \u00e0 une compression plus efficace du signal audio.<\/strong><\/p>\n\n\n\n<p><strong>La diffusion analogique via les fr\u00e9quences FM devrait \u00eatre progressivement remplac\u00e9e par une diffusion en num\u00e9rique via la nouvelle norme DAB+.<\/strong><\/p>\n\n\n\n<p>Le\nDAB + permet une \u00e9coute gratuite et sans abonnement (contrairement \u00e0\nla web radio qui n\u00e9cessite un abonnement mensuel aupr\u00e8s d\u2019un\nop\u00e9rateur internet). Par contre, elle n\u00e9cessite de s\u2019\u00e9quiper\nd\u2019un poste r\u00e9cepteur adapt\u00e9 \u00e0 cette technologie. De nombreux\navantages sont mis en avant comme, par exemple, la qualit\u00e9 sonore,\nla multiplication des cha\u00eenes de radios (alors que la bande FM est\nsatur\u00e9e) et la possibilit\u00e9 de diffuser des contenus additionnels\n(texte, vid\u00e9o, image). \n<\/p>\n\n\n\n<p>Fin\nd\u00e9cembre 2018, le Gouvernement de la Communaut\u00e9 fran\u00e7aise a adopt\u00e9\nun appel d\u2019offre pour l\u2019attribution de fr\u00e9quences radios\ndestin\u00e9es \u00e0 la diffusion en mode analogique (c\u00e0d en FM) mais aussi\n\u2013 et pour la premi\u00e8re fois &#8211; en mode num\u00e9rique (c\u00e0d en DAB+). \n<\/p>\n\n\n\n<p>La\nproc\u00e9dure de d\u00e9p\u00f4ts des offres s\u2019est cl\u00f4tur\u00e9e le samedi 16\nmars 2019. C\u2019est le Coll\u00e8ge d\u2019Autorisation et de Contr\u00f4le du\nCSA qui va d\u00e9sormais se prononcer sur ces demandes d\u2019autorisations\ndans le courant du deuxi\u00e8me trimestre 2019. Les autorisations\nd\u2019\u00e9mettre seront octroy\u00e9es pour une p\u00e9riode de 9 ans. \n<\/p>\n\n\n\n<p>Nous vous proposons un petit tour d\u2019horizon de cette \u00e9volution dans notre paysage radiophonique avec deux membres des services du CSA, <strong>Nele Smets<\/strong> (Responsable de l\u2019Unit\u00e9 Radios) et <strong>Xavier Jacques-Jourion<\/strong> (Conseiller infrastructures et nouvelles technologies) qui ont r\u00e9pondu \u00e0 nos questions.  <\/p>\n\n\n\n<p><strong>Pour quelle(s) raison(s) la RNT (radio num\u00e9rique terrestre) a-t-elle \u00e9t\u00e9 implant\u00e9e plus tardivement que la TNT (t\u00e9l\u00e9vision num\u00e9rique terrestre) ? Pourquoi avoir opt\u00e9 pour le DAB+ ?<\/strong><\/p>\n\n\n\n<p>Pour la TNT, la Commission europ\u00e9enne a choisi une norme et impos\u00e9 une date d\u2019extinction de l\u2019analogique hertzien \u00e0 tous les Etats Membres alors que la recommandation de norme pour la radio n\u2019est arriv\u00e9e que r\u00e9cemment. L\u2019extinction de la t\u00e9l\u00e9vision num\u00e9rique a \u00e9t\u00e9 fortement encourag\u00e9e pour permettre la mise \u00e0 disposition de bandes de fr\u00e9quence qui pouvaient \u00eatre r\u00e9utilis\u00e9es \u00e0 d\u2019autres fins. Ce ph\u00e9nom\u00e8ne de dividende num\u00e9rique ne se retrouve pas en radio, les bandes de fr\u00e9quence concern\u00e9es n\u2019\u00e9tant convoit\u00e9es pour aucune autre utilisation. L\u2019int\u00e9r\u00eat de la migration num\u00e9rique de la radio r\u00e9side d\u2019abord dans la diversit\u00e9 de l\u2019offre, le DAB+ permettant une augmentation de la capacit\u00e9 par rapport \u00e0 la FM.<\/p>\n\n\n\n<p>Le DAB+ a \u00e9t\u00e9 choisi parce qu\u2019il constitue une \u00e9volution technologique du DAB qui l\u2019a pr\u00e9c\u00e9d\u00e9, et est le fruit d\u2019un projet de recherche europ\u00e9en soutenu par le programme Eureka. L\u2019objectif du projet \u00e9tait de cr\u00e9er un nouveau standard pour la radio num\u00e9rique, qui puisse \u00eatre adopt\u00e9 sur tout le continent.<\/p>\n\n\n\n<p><strong>Pouvez-vous nous expliquer le processus mis en place pour d\u00e9cider de cette transition en Belgique ? <\/strong> <\/p>\n\n\n\n<p>Le constat de base est que la radio est le dernier m\u00e9dia dont la diffusion n\u2019est pas num\u00e9rique et que l\u2019\u00e9volution est n\u00e9cessaire d\u2019autant que le mod\u00e8le broadcast garde tout son sens. Les premi\u00e8res initiatives remontent \u00e0 la fin des ann\u00e9es 1990 mais c\u2019est surtout gr\u00e2ce \u00e0 la volont\u00e9 plus r\u00e9cente des radios publiques et priv\u00e9es, du l\u00e9gislateur et du CSA que le processus de transition s\u2019est acc\u00e9l\u00e9r\u00e9.<\/p>\n\n\n\n<p>C\u2019est donc un processus qui a rassembl\u00e9 des repr\u00e9sentants de tous les acteurs concern\u00e9s. Ce rassemblement est n\u00e9cessaire afin d\u2019assurer, de fa\u00e7on simultan\u00e9e, d\u2019une part, la mise \u00e0 disposition d\u2019une offre renouvel\u00e9e et enrichie, et d\u2019autre part, le renouvellement du parc de r\u00e9cepteurs.<\/p>\n\n\n\n<p><strong>Des craintes et\/ou critiques ont \u00e9t\u00e9 formul\u00e9es par certaines radios associatives autour du DAB+ ? En quelques mots, quelles \u00e9taient ces critiques et quelles r\u00e9ponses ont pu y \u00eatre apport\u00e9es ? <\/strong> <\/p>\n\n\n\n<p>Certaines radios associatives ont fait objection au choix du DAB+ pour des raisons de co\u00fbts, de perte de contr\u00f4le sur la chaine de diffusion, \u00e0 cause de la n\u00e9cessit\u00e9 de remplacer les r\u00e9cepteurs, de la taille des couvertures pr\u00e9vues pour les radios ind\u00e9pendantes, et enfin parce que le DAB est une technologie qui r\u00e9pond mieux aux besoins des radios en r\u00e9seaux que des radios locales.<\/p>\n\n\n\n<p>Certaines de ces objections sont parfaitement fond\u00e9es, mais le choix d\u2019un standard de diffusion est toujours une affaire de compromis&nbsp;: le choix d\u2019un autre standard aurait eu d\u2019autres avantages et d\u2019autres inconv\u00e9nients qui auraient impact\u00e9s d\u2019autres acteurs. La probl\u00e9matique du renouvellement du parc de r\u00e9cepteurs reste quant \u00e0 elle la m\u00eame pour tout changement de technologie, et l\u2019avantage du DAB+ sur les autres standards est son adoption \u00e0 l\u2019\u00e9chelle europ\u00e9enne.<\/p>\n\n\n\n<p><strong>Face \u00e0 certaines habitudes d\u2019\u00e9coute (la web radio notamment), un dispositif sp\u00e9cial a-t-il \u00e9t\u00e9 mis en place pour inciter les auditeurs \u00e0 \u00e9couter la radio via la technologie DAB+ ? Pourquoi est-il n\u00e9cessaire de maintenir une offre analogique et ne pas avoir l\u2019exemple norv\u00e9gien qui a supprim\u00e9 la diffusion radiophonique sur la bande FM et qui est totalement pass\u00e9 en DAB + en 2017 ?  <\/strong> <\/p>\n\n\n\n<p>Il faut laisser le temps aux auditeurs pour s\u2019\u00e9quiper et le secteur ne pourrait perdre du jour au lendemain une grande partie de son public \u00e9tant donn\u00e9 que les revenus de nombreuses radios reposent sur la publicit\u00e9. Le m\u00e9dia radio subit effectivement une concurrence tr\u00e8s forte de la part des web radios et autres offres disponibles en streaming, mais le broadcast reste souverain en \u00e9coute mobile et plus particuli\u00e8rement dans les voitures. La diffusion en parall\u00e8le en FM et DAB+ permet une transition sans rupture en attendant le renouvellement du parc de r\u00e9cepteurs et \u00e0 travers celui-ci la modification des habitudes d\u2019\u00e9coute.<\/p>\n\n\n\n<p><strong>Quel est le co\u00fbt de cette \u00e9volution technologique pour les radios ? Comment les radios associatives pourront-elles le prendre en charge ? Existe-t-il un syst\u00e8me d\u2019aides publiques ?  <\/strong> <\/p>\n\n\n\n<p>Le co\u00fbt d\u2019exploitation d\u2019un r\u00e9seau de diffusion num\u00e9rique est normalement inf\u00e9rieur \u00e0 celui d\u2019un r\u00e9seau \u00e9quivalent en FM gr\u00e2ce \u00e0 la mutualisation des frais entre les diff\u00e9rents services pr\u00e9sents sur ce r\u00e9seau DAB+. Les co\u00fbts exacts d\u00e9pendent de nombreux param\u00e8tres mais des aides publiques sont pr\u00e9vues pour financer les investissements et peut-\u00eatre aussi amortir les co\u00fbts r\u00e9currents de diffusion pour la p\u00e9riode d\u2019\u00e9mission simultan\u00e9e en FM et DAB+.<\/p>\n\n\n\n<p><strong>Propos recueillis par Aur\u00e9lie Ghalim<\/strong><\/p>\n","protected":false},"excerpt":{"rendered":"<p>Le DAB (Digital Audio Broadcasting) est une norme de diffusion pour la radio num\u00e9rique sur les ondes hertziennes terrestres. En r\u00e9sum\u00e9, il s\u2019agit de l\u2019\u00e9quivalent num\u00e9rique de la bande FM qui diffuse les ondes hertziennes en mode analogique. En Belgique,<\/p>\n","protected":false},"author":10,"featured_media":3215,"comment_status":"closed","ping_status":"open","sticky":false,"template":"","format":"standard","meta":{"footnotes":""},"categories":[4],"tags":[],"class_list":["post-3201","post","type-post","status-publish","format-standard","has-post-thumbnail","hentry","category-creation-sonore"],"_links":{"self":[{"href":"https:\/\/www.causestoujours.be\/wp-json\/wp\/v2\/posts\/3201","targetHints":{"allow":["GET"]}}],"collection":[{"href":"https:\/\/www.causestoujours.be\/wp-json\/wp\/v2\/posts"}],"about":[{"href":"https:\/\/www.causestoujours.be\/wp-json\/wp\/v2\/types\/post"}],"author":[{"embeddable":true,"href":"https:\/\/www.causestoujours.be\/wp-json\/wp\/v2\/users\/10"}],"replies":[{"embeddable":true,"href":"https:\/\/www.causestoujours.be\/wp-json\/wp\/v2\/comments?post=3201"}],"version-history":[{"count":6,"href":"https:\/\/www.causestoujours.be\/wp-json\/wp\/v2\/posts\/3201\/revisions"}],"predecessor-version":[{"id":3219,"href":"https:\/\/www.causestoujours.be\/wp-json\/wp\/v2\/posts\/3201\/revisions\/3219"}],"wp:featuredmedia":[{"embeddable":true,"href":"https:\/\/www.causestoujours.be\/wp-json\/wp\/v2\/media\/3215"}],"wp:attachment":[{"href":"https:\/\/www.causestoujours.be\/wp-json\/wp\/v2\/media?parent=3201"}],"wp:term":[{"taxonomy":"category","embeddable":true,"href":"https:\/\/www.causestoujours.be\/wp-json\/wp\/v2\/categories?post=3201"},{"taxonomy":"post_tag","embeddable":true,"href":"https:\/\/www.causestoujours.be\/wp-json\/wp\/v2\/tags?post=3201"}],"curies":[{"name":"wp","href":"https:\/\/api.w.org\/{rel}","templated":true}]}}