{"id":3289,"date":"2019-10-29T16:37:24","date_gmt":"2019-10-29T16:37:24","guid":{"rendered":"https:\/\/www.gsara.be\/causestoujours\/?p=3289"},"modified":"2019-12-17T16:14:20","modified_gmt":"2019-12-17T16:14:20","slug":"sequences-a-lusage-des-vivants-01","status":"publish","type":"post","link":"https:\/\/www.causestoujours.be\/sequences-a-lusage-des-vivants-01\/","title":{"rendered":"S\u00e9quences : A l&rsquo;usage des vivants #01"},"content":{"rendered":"\n<p><em>S\u00e9quences<\/em> est un film de d\u00e9cryptage de l\u2019image et du son. Avec cet outil, nous proposons \u00e0 des cin\u00e9astes d\u2019analyser une s\u00e9quence de leur film et d\u2019aborder les enjeux formels de la fabrication d\u2019un film (les aspects techniques, narratifs et esth\u00e9tiques).<\/p>\n\n\n\n<p>Penser le cin\u00e9ma comme une technique et un travail collectif, la rencontre et l\u2019association entre des cin\u00e9astes et des technicien\u00b7ne\u00b7s de l\u2019image et du son.<\/p>\n\n\n\n<p>Intentions, propositions, d\u00e9cisions. Comment se construit une s\u00e9quence ?<\/p>\n\n\n\n<p>Pauline Fonsny, r\u00e9alisatrice, nous parle de l\u2019\u00e9laboration d\u2019une s\u00e9quence du film <em>A l&rsquo;usage des vivants<\/em>.<br>R\u00e9alis\u00e9 par Benjamin Durand et produit par le GSARA asbl<\/p>\n\n\n\n<p>A L&rsquo;USAGE DES VIVANTS<br>Belgique &#8211; 28&prime; &#8211; 2019<br>Pauline Fonsny<br>Contre-Ciels asbl &#8211; GSARA<br><br>Vingt ans apr\u00e8s l\u2019assassinat en Belgique de Semira Adamu, dans un cri de guerre conjugu\u00e9 au f\u00e9minin, deux femmes racontent. \u00c0 travers leurs r\u00e9cits, elles mettent en lumi\u00e8re la r\u00e9alit\u00e9 des centres ferm\u00e9s pour migrants, les conditions de d\u00e9tention, la souffrance des d\u00e9tenus, les exactions des gardiens et des gendarmes.<\/p>\n\n\n\n<figure class=\"wp-block-embed-vimeo wp-block-embed is-type-video is-provider-vimeo wp-embed-aspect-16-9 wp-has-aspect-ratio\"><div class=\"wp-block-embed__wrapper\">\n<iframe loading=\"lazy\" title=\"SEQUENCES: A l&#039;usage des vivants #01\" src=\"https:\/\/player.vimeo.com\/video\/361762154?dnt=1&amp;app_id=122963\" width=\"720\" height=\"405\" frameborder=\"0\" allow=\"autoplay; fullscreen\" allowfullscreen><\/iframe>\n<\/div><\/figure>\n","protected":false},"excerpt":{"rendered":"<p>S\u00e9quences est un film de d\u00e9cryptage de l\u2019image et du son. Avec cet outil, nous proposons \u00e0 des cin\u00e9astes d\u2019analyser une s\u00e9quence de leur film et d\u2019aborder les enjeux formels de la fabrication d\u2019un film (les aspects techniques, narratifs et<\/p>\n","protected":false},"author":10,"featured_media":3298,"comment_status":"closed","ping_status":"open","sticky":false,"template":"","format":"standard","meta":{"footnotes":""},"categories":[160],"tags":[],"class_list":["post-3289","post","type-post","status-publish","format-standard","has-post-thumbnail","hentry","category-sequences"],"_links":{"self":[{"href":"https:\/\/www.causestoujours.be\/wp-json\/wp\/v2\/posts\/3289","targetHints":{"allow":["GET"]}}],"collection":[{"href":"https:\/\/www.causestoujours.be\/wp-json\/wp\/v2\/posts"}],"about":[{"href":"https:\/\/www.causestoujours.be\/wp-json\/wp\/v2\/types\/post"}],"author":[{"embeddable":true,"href":"https:\/\/www.causestoujours.be\/wp-json\/wp\/v2\/users\/10"}],"replies":[{"embeddable":true,"href":"https:\/\/www.causestoujours.be\/wp-json\/wp\/v2\/comments?post=3289"}],"version-history":[{"count":4,"href":"https:\/\/www.causestoujours.be\/wp-json\/wp\/v2\/posts\/3289\/revisions"}],"predecessor-version":[{"id":3316,"href":"https:\/\/www.causestoujours.be\/wp-json\/wp\/v2\/posts\/3289\/revisions\/3316"}],"wp:featuredmedia":[{"embeddable":true,"href":"https:\/\/www.causestoujours.be\/wp-json\/wp\/v2\/media\/3298"}],"wp:attachment":[{"href":"https:\/\/www.causestoujours.be\/wp-json\/wp\/v2\/media?parent=3289"}],"wp:term":[{"taxonomy":"category","embeddable":true,"href":"https:\/\/www.causestoujours.be\/wp-json\/wp\/v2\/categories?post=3289"},{"taxonomy":"post_tag","embeddable":true,"href":"https:\/\/www.causestoujours.be\/wp-json\/wp\/v2\/tags?post=3289"}],"curies":[{"name":"wp","href":"https:\/\/api.w.org\/{rel}","templated":true}]}}