{"id":3351,"date":"2019-12-17T18:49:33","date_gmt":"2019-12-17T18:49:33","guid":{"rendered":"https:\/\/www.gsara.be\/causestoujours\/?p=3351"},"modified":"2019-12-17T19:05:31","modified_gmt":"2019-12-17T19:05:31","slug":"video-medias-et-sans-papiers-comment-sortir-de-la-criminalisation-et-de-la-victimisation","status":"publish","type":"post","link":"https:\/\/www.causestoujours.be\/video-medias-et-sans-papiers-comment-sortir-de-la-criminalisation-et-de-la-victimisation\/","title":{"rendered":"[Vid\u00e9o] M\u00e9dias et \u00ab sans-papiers \u00bb : comment sortir de la criminalisation et de la victimisation ?"},"content":{"rendered":"\n<p>Certains discours politiques et m\u00e9diatiques renforcent-ils les st\u00e9r\u00e9otypes n\u00e9gatifs sur les sans-papiers ? \u00c0 l\u2019heure de la mont\u00e9e de l\u2019extr\u00eame-droite un peu partout en Europe, les m\u00e9dias ont une responsabilit\u00e9 d\u2019informer l\u2019opinion publique de fa\u00e7on compl\u00e8te et nuanc\u00e9e. Entre criminalisation et victimisation, quel est le poids de leurs discours dans l\u2019opinion publique ? Comment d\u00e9construire certaines repr\u00e9sentations et parvenir \u00e0 faire changer de regard alors que des \u00e9tudes montrent que les faits et les donn\u00e9es ne font pas changer les gens d\u2019avis ? Avec la voix des repr\u00e9sentants de sans-papiers, d\u2019experts et de m\u00e9dias, l\u2019objectif de cette rencontre est de comprendre la fabrication de l\u2019information et de mettre en lumi\u00e8re diff\u00e9rentes pratiques m\u00e9diatiques. <\/p>\n\n\n\n<figure class=\"wp-block-embed-youtube wp-block-embed is-type-video is-provider-youtube wp-embed-aspect-16-9 wp-has-aspect-ratio\"><div class=\"wp-block-embed__wrapper\">\n<iframe loading=\"lazy\" title=\"M\u00e9dias et \u00ab sans-papiers \u00bb : comment sortir de la criminalisation et de la victimisation ?\" width=\"720\" height=\"405\" src=\"https:\/\/www.youtube.com\/embed\/OYmPvfQOkCk?feature=oembed\" frameborder=\"0\" allow=\"accelerometer; autoplay; encrypted-media; gyroscope; picture-in-picture\" allowfullscreen><\/iframe>\n<\/div><\/figure>\n\n\n\n<p>Jacinthe Mazzocchetti (anthropologue) <\/p>\n\n\n\n<p>Sarah Bahja (ZIN TV)  <\/p>\n\n\n\n<p>Rabia Benkhabba (Coordination des sans-papiers de Belgique) <\/p>\n\n\n\n<p>Val\u00e9riane Mistiaen (chercheuse) <\/p>\n\n\n\n<p>Barry Adama (Sans-Papiers TV) <\/p>\n\n\n\n<p>Martine Vandemeulebroucke (journaliste) <\/p>\n\n\n\n<p>Rencontre film\u00e9e le 4 novembre 2019 au cin\u00e9ma Palace (Bruxelles) dans le cadre de la campagne \u00ab\u00a0Les sans-papiers : ni vus, ni (re)connus) du GSARA asbl https:\/\/www.gsara.be\/nivusnireconnus\/<\/p>\n","protected":false},"excerpt":{"rendered":"<p>Certains discours politiques et m\u00e9diatiques renforcent-ils les st\u00e9r\u00e9otypes n\u00e9gatifs sur les sans-papiers ? \u00c0 l\u2019heure de la mont\u00e9e de l\u2019extr\u00eame-droite un peu partout en Europe, les m\u00e9dias ont une responsabilit\u00e9 d\u2019informer l\u2019opinion publique de fa\u00e7on compl\u00e8te et nuanc\u00e9e. Entre criminalisation<\/p>\n","protected":false},"author":10,"featured_media":3354,"comment_status":"closed","ping_status":"open","sticky":false,"template":"","format":"standard","meta":{"footnotes":""},"categories":[1],"tags":[],"class_list":["post-3351","post","type-post","status-publish","format-standard","has-post-thumbnail","hentry","category-uncategorized"],"_links":{"self":[{"href":"https:\/\/www.causestoujours.be\/wp-json\/wp\/v2\/posts\/3351","targetHints":{"allow":["GET"]}}],"collection":[{"href":"https:\/\/www.causestoujours.be\/wp-json\/wp\/v2\/posts"}],"about":[{"href":"https:\/\/www.causestoujours.be\/wp-json\/wp\/v2\/types\/post"}],"author":[{"embeddable":true,"href":"https:\/\/www.causestoujours.be\/wp-json\/wp\/v2\/users\/10"}],"replies":[{"embeddable":true,"href":"https:\/\/www.causestoujours.be\/wp-json\/wp\/v2\/comments?post=3351"}],"version-history":[{"count":2,"href":"https:\/\/www.causestoujours.be\/wp-json\/wp\/v2\/posts\/3351\/revisions"}],"predecessor-version":[{"id":3356,"href":"https:\/\/www.causestoujours.be\/wp-json\/wp\/v2\/posts\/3351\/revisions\/3356"}],"wp:featuredmedia":[{"embeddable":true,"href":"https:\/\/www.causestoujours.be\/wp-json\/wp\/v2\/media\/3354"}],"wp:attachment":[{"href":"https:\/\/www.causestoujours.be\/wp-json\/wp\/v2\/media?parent=3351"}],"wp:term":[{"taxonomy":"category","embeddable":true,"href":"https:\/\/www.causestoujours.be\/wp-json\/wp\/v2\/categories?post=3351"},{"taxonomy":"post_tag","embeddable":true,"href":"https:\/\/www.causestoujours.be\/wp-json\/wp\/v2\/tags?post=3351"}],"curies":[{"name":"wp","href":"https:\/\/api.w.org\/{rel}","templated":true}]}}