{"id":3355,"date":"2019-12-17T18:54:35","date_gmt":"2019-12-17T18:54:35","guid":{"rendered":"https:\/\/www.gsara.be\/causestoujours\/?p=3355"},"modified":"2019-12-17T18:54:53","modified_gmt":"2019-12-17T18:54:53","slug":"filmer-sur-et-avec-les-sans-papiers-quelles-ecritures-cinematographiques","status":"publish","type":"post","link":"https:\/\/www.causestoujours.be\/filmer-sur-et-avec-les-sans-papiers-quelles-ecritures-cinematographiques\/","title":{"rendered":"[Vid\u00e9o] Filmer \u00ab sur \u00bb et \u00ab avec \u00bb les \u00ab sans-papiers \u00bb : quelles \u00e9critures cin\u00e9matographiques ?"},"content":{"rendered":"\n<p>Comment raconter les histoires de celles et ceux que l\u2019\u00c9tat cat\u00e9gorise sous le vocable \u00ab sans-papiers \u00bb ? Comment repr\u00e9senter celles et ceux que la soci\u00e9t\u00e9 invisibilise, qu\u2019elles soient migrant\u00b7e\u00b7s, exil\u00e9\u00b7e\u00b7s ou r\u00e9fugi\u00e9\u00b7e\u00b7s ? L\u2019objectif de cette rencontre est de faire dialoguer des cin\u00e9astes autour de leur d\u00e9marche afin de se demander ce que peut le cin\u00e9ma pour t\u00e9moigner, questionner, renouveler ou d\u00e9construire les imaginaires, d\u00e9noncer des pratiques ou faire exister \u00e0 l\u2019\u00e9cran ceux qu\u2019on ne voit pas ? Qu\u2019il s\u2019agisse de fiction ou de documentaire, film\u00e9 de l\u2019int\u00e9rieur, de mani\u00e8re participative voire collaborative, comment faire du cin\u00e9ma \u00ab sur \u00bb et \u00ab avec \u00bb les personnes venues chercher un asile qu\u2019on leur refuse ? Quels sont les impacts sur nos repr\u00e9sentations du monde ? <\/p>\n\n\n\n<figure class=\"wp-block-embed-youtube wp-block-embed is-type-video is-provider-youtube wp-embed-aspect-16-9 wp-has-aspect-ratio\"><div class=\"wp-block-embed__wrapper\">\n<iframe loading=\"lazy\" title=\"Filmer \u00ab sur \u00bb et \u00ab avec \u00bb les \u00ab sans-papiers \u00bb : quelles \u00e9critures cin\u00e9matographiques ?\" width=\"720\" height=\"405\" src=\"https:\/\/www.youtube.com\/embed\/r0KQcdM3QKU?feature=oembed\" frameborder=\"0\" allow=\"accelerometer; autoplay; encrypted-media; gyroscope; picture-in-picture\" allowfullscreen><\/iframe>\n<\/div><\/figure>\n\n\n\n<p>Juliette Goudot (journaliste)  <\/p>\n\n\n\n<p>Luc Dardenne : (r\u00e9alisateur) <\/p>\n\n\n\n<p>Gawan Fagard (Cinemaximiliaan) <\/p>\n\n\n\n<p>S\u00e9bastien F\u00e9vry (chercheur) B\u00e9n\u00e9dicte Lienard (r\u00e9alisatrice) <\/p>\n\n\n\n<p>Rosine Mbakam (r\u00e9alisatrice) <\/p>\n\n\n\n<p>Rencontre film\u00e9e le 5 novembre 2019 au cin\u00e9ma Palace (Bruxelles) dans le cadre de la campagne  \u00ab\u00a0Les sans-papiers : ni vus, ni (re)connus\u00a0\u00bb du GSARA asbl <a rel=\"noreferrer noopener\" href=\"https:\/\/www.youtube.com\/redirect?v=r0KQcdM3QKU&amp;redir_token=baTyNmFxOvEOyyl6DP58pQurWzl8MTU3NjY5NTE5MkAxNTc2NjA4Nzky&amp;q=https%3A%2F%2Fwww.gsara.be%2Fnivusnireconnus%2F&amp;event=video_description\" target=\"_blank\">https:\/\/www.gsara.be\/nivusnireconnus\/<\/a><\/p>\n","protected":false},"excerpt":{"rendered":"<p>Comment raconter les histoires de celles et ceux que l\u2019\u00c9tat cat\u00e9gorise sous le vocable \u00ab sans-papiers \u00bb ? Comment repr\u00e9senter celles et ceux que la soci\u00e9t\u00e9 invisibilise, qu\u2019elles soient migrant\u00b7e\u00b7s, exil\u00e9\u00b7e\u00b7s ou r\u00e9fugi\u00e9\u00b7e\u00b7s ? L\u2019objectif de cette rencontre est de<\/p>\n","protected":false},"author":10,"featured_media":3354,"comment_status":"closed","ping_status":"open","sticky":false,"template":"","format":"standard","meta":{"footnotes":""},"categories":[1],"tags":[],"class_list":["post-3355","post","type-post","status-publish","format-standard","has-post-thumbnail","hentry","category-uncategorized"],"_links":{"self":[{"href":"https:\/\/www.causestoujours.be\/wp-json\/wp\/v2\/posts\/3355","targetHints":{"allow":["GET"]}}],"collection":[{"href":"https:\/\/www.causestoujours.be\/wp-json\/wp\/v2\/posts"}],"about":[{"href":"https:\/\/www.causestoujours.be\/wp-json\/wp\/v2\/types\/post"}],"author":[{"embeddable":true,"href":"https:\/\/www.causestoujours.be\/wp-json\/wp\/v2\/users\/10"}],"replies":[{"embeddable":true,"href":"https:\/\/www.causestoujours.be\/wp-json\/wp\/v2\/comments?post=3355"}],"version-history":[{"count":2,"href":"https:\/\/www.causestoujours.be\/wp-json\/wp\/v2\/posts\/3355\/revisions"}],"predecessor-version":[{"id":3360,"href":"https:\/\/www.causestoujours.be\/wp-json\/wp\/v2\/posts\/3355\/revisions\/3360"}],"wp:featuredmedia":[{"embeddable":true,"href":"https:\/\/www.causestoujours.be\/wp-json\/wp\/v2\/media\/3354"}],"wp:attachment":[{"href":"https:\/\/www.causestoujours.be\/wp-json\/wp\/v2\/media?parent=3355"}],"wp:term":[{"taxonomy":"category","embeddable":true,"href":"https:\/\/www.causestoujours.be\/wp-json\/wp\/v2\/categories?post=3355"},{"taxonomy":"post_tag","embeddable":true,"href":"https:\/\/www.causestoujours.be\/wp-json\/wp\/v2\/tags?post=3355"}],"curies":[{"name":"wp","href":"https:\/\/api.w.org\/{rel}","templated":true}]}}