{"id":3435,"date":"2020-06-30T12:56:51","date_gmt":"2020-06-30T12:56:51","guid":{"rendered":"https:\/\/www.gsara.be\/causestoujours\/?p=3435"},"modified":"2021-05-26T14:49:53","modified_gmt":"2021-05-26T13:49:53","slug":"colonialisme-neo-colonialisme-congo","status":"publish","type":"post","link":"https:\/\/www.causestoujours.be\/colonialisme-neo-colonialisme-congo\/","title":{"rendered":"Colonialisme et n\u00e9o-colonialisme au Congo"},"content":{"rendered":"\n<p><strong>ENTRETIEN AVEC JEAN-PIERRE GRIEZ<\/strong><\/p>\n\n\n\n<p>Alors que La R\u00e9publique d\u00e9mocratique du Congo c\u00e9l\u00e8bre le 60e anniversaire de son ind\u00e9pendance, nous abordons avec Jean-Pierre Griez, r\u00e9alisateur de <em>Caoutchouc Rouge, rouge coltan<\/em>, plusieurs enjeux autour du pass\u00e9 colonial belge et de ses implications contemporaines. <\/p>\n\n\n\n<p>Il s&rsquo;agit d&rsquo;interroger, \u00e0 partir de ce film d&rsquo;animation (en acc\u00e8s libre ci-dessous), la permanence du r\u00e9cit colonial et l&rsquo;absence du point de vue des colonis\u00e9.e.s sur l&rsquo;histoire de la colonisation. Pourtant, comme le rappelle Jean-Pierre Griez, \u00ab\u00a0toute l&rsquo;histoire de la colonisation est une histoire de r\u00e9sistance\u00a0\u00bb et le peuple congolais a pu mener, \u00e0 diff\u00e9rentes \u00e9poques, d\u2019innombrables luttes face \u00e0 l&rsquo;ordre colonial et n\u00e9o-colonial. Sachant que cette histoire est encore trop souvent minor\u00e9e voire silenc\u00e9e, il nous semble primordial de la mettre en lumi\u00e8re \u00e0 l&rsquo;occasion de cette date d&rsquo;anniversaire et du moment d\u00e9colonial qui conna\u00eet actuellement une grande ampleur au niveau belge et mondial.<\/p>\n\n\n\n<figure class=\"wp-block-embed is-type-video is-provider-youtube wp-block-embed-youtube wp-embed-aspect-16-9 wp-has-aspect-ratio\"><div class=\"wp-block-embed__wrapper\">\n<iframe loading=\"lazy\" title=\"Colonialisme et n\u00e9o-colonialisme au Congo - Entretien avec Jean-Pierre Griez\" width=\"720\" height=\"405\" src=\"https:\/\/www.youtube.com\/embed\/1kVxdp7wpBM?feature=oembed\" frameborder=\"0\" allow=\"accelerometer; autoplay; clipboard-write; encrypted-media; gyroscope; picture-in-picture\" allowfullscreen><\/iframe>\n<\/div><\/figure>\n\n\n\n<p><strong>CAOUTCHOUC ROUGE &#8211; ROUGE COLTAN (Film)<\/strong><\/p>\n\n\n\n<p>A travers l&rsquo;histoire familiale de la jeune Abo, le film d&rsquo;animation \u00ab\u00a0Caoutchouc rouge, rouge coltan\u00a0\u00bb retrace l&rsquo;histoire coloniale du Congo depuis l&rsquo;\u00e9poque de L\u00e9opold II jusqu&rsquo;aux ann\u00e9es 2000. Une \u0153uvre poignante, originale et plus que n\u00e9cessaire.<\/p>\n\n\n\n<p>Abo Ikoyo est une jeune Belgo-Congolaise de 17 ans. Elle n&rsquo;a jamais connu son p\u00e8re, disparu \u00e0 l&rsquo;Est de la RDC \u00e0 l&rsquo;aube des ann\u00e9es 2000. Alors, quand la prof propose un parcours sur les traces du pass\u00e9 colonial, elle replonge dans l&rsquo;histoire m\u00e9connue de sa famille : la r\u00e9sistance acharn\u00e9e d&rsquo;un a\u00efeul et d&rsquo;un peuple contre les horreurs de l&rsquo;\u00e9poque l\u00e9opoldienne, l&rsquo;apartheid et le racisme du colonialisme ordinaire, le pillage des ressources, un arri\u00e8re grand p\u00e8re chauffeur personnel de Patrice Lumumba, une guerre d\u00e9vastatrice pour le coltan et autres minerais du sang.&nbsp;<\/p>\n\n\n\n<p>Abo sait d\u00e9sormais d&rsquo;o\u00f9 vient sa rage, son p\u00e8re n&rsquo;est pas mort pour rien: elle entend le cri du chef Kouba qui lui demande de \u00ab\u00a0raconter au monde entier\u00a0\u00bbce qui s&rsquo;est pass\u00e9 l\u00e0-bas. Elle ne se taira plus.<\/p>\n\n\n\n<figure class=\"wp-block-embed is-type-video is-provider-vimeo wp-block-embed-vimeo wp-embed-aspect-16-9 wp-has-aspect-ratio\"><div class=\"wp-block-embed__wrapper\">\n<iframe loading=\"lazy\" title=\"CAOUTCHOUC ROUGE ROUGE COLTAN (version FR)\" src=\"https:\/\/player.vimeo.com\/video\/281413206?dnt=1&amp;app_id=122963\" width=\"720\" height=\"405\" frameborder=\"0\" allow=\"autoplay; fullscreen; picture-in-picture\" allowfullscreen><\/iframe>\n<\/div><\/figure>\n\n\n\n<p><strong>DOSSIER P\u00c9DAGOGIQUE<\/strong><\/p>\n\n\n\n<p>Ce dossier p\u00e9dagogique (\u00e0 t\u00e9l\u00e9charger ci-dessous) offre, en compl\u00e9ment du film, un autre regard sur le colonialisme belge, loin des st\u00e9r\u00e9otypes dangereux si souvent enseign\u00e9s dans les manuels scolaires.<\/p>\n\n\n\n<figure class=\"wp-block-image size-large is-resized\"><a href=\"https:\/\/www.causestoujours.be\/wp-content\/uploads\/2020\/06\/dossierhistoriquecaoutchouc-1.pdf\"><img loading=\"lazy\" decoding=\"async\" src=\"https:\/\/www.causestoujours.be\/wp-content\/uploads\/2020\/06\/Capture-du-2021-05-26-15-48-23.png\" alt=\"\" class=\"wp-image-3988\" width=\"212\" height=\"304\" srcset=\"https:\/\/www.causestoujours.be\/wp-content\/uploads\/2020\/06\/Capture-du-2021-05-26-15-48-23.png 423w, https:\/\/www.causestoujours.be\/wp-content\/uploads\/2020\/06\/Capture-du-2021-05-26-15-48-23-209x300.png 209w, https:\/\/www.causestoujours.be\/wp-content\/uploads\/2020\/06\/Capture-du-2021-05-26-15-48-23-210x301.png 210w\" sizes=\"auto, (max-width: 212px) 100vw, 212px\" \/><\/a><\/figure>\n\n\n\n<div class=\"wp-block-buttons is-layout-flex wp-block-buttons-is-layout-flex\">\n<div class=\"wp-block-button\"><a class=\"wp-block-button__link\" href=\"https:\/\/www.causestoujours.be\/wp-content\/uploads\/2020\/06\/dossierhistoriquecaoutchouc-1.pdf\" target=\"_blank\" rel=\"noreferrer noopener\">T\u00e9l\u00e9charger<\/a><\/div>\n<\/div>\n","protected":false},"excerpt":{"rendered":"<p>Alors que La R\u00e9publique d\u00e9mocratique du Congo c\u00e9l\u00e8bre le 60e anniversaire de son ind\u00e9pendance, nous abordons avec Jean-Pierre Griez, r\u00e9alisateur de Caoutchouc Rouge, rouge coltan, plusieurs enjeux autour du pass\u00e9 colonial belge et de ses implications contemporaines. <\/p>\n","protected":false},"author":10,"featured_media":3466,"comment_status":"closed","ping_status":"open","sticky":false,"template":"","format":"standard","meta":{"footnotes":""},"categories":[1],"tags":[],"class_list":["post-3435","post","type-post","status-publish","format-standard","has-post-thumbnail","hentry","category-uncategorized"],"_links":{"self":[{"href":"https:\/\/www.causestoujours.be\/wp-json\/wp\/v2\/posts\/3435","targetHints":{"allow":["GET"]}}],"collection":[{"href":"https:\/\/www.causestoujours.be\/wp-json\/wp\/v2\/posts"}],"about":[{"href":"https:\/\/www.causestoujours.be\/wp-json\/wp\/v2\/types\/post"}],"author":[{"embeddable":true,"href":"https:\/\/www.causestoujours.be\/wp-json\/wp\/v2\/users\/10"}],"replies":[{"embeddable":true,"href":"https:\/\/www.causestoujours.be\/wp-json\/wp\/v2\/comments?post=3435"}],"version-history":[{"count":25,"href":"https:\/\/www.causestoujours.be\/wp-json\/wp\/v2\/posts\/3435\/revisions"}],"predecessor-version":[{"id":3990,"href":"https:\/\/www.causestoujours.be\/wp-json\/wp\/v2\/posts\/3435\/revisions\/3990"}],"wp:featuredmedia":[{"embeddable":true,"href":"https:\/\/www.causestoujours.be\/wp-json\/wp\/v2\/media\/3466"}],"wp:attachment":[{"href":"https:\/\/www.causestoujours.be\/wp-json\/wp\/v2\/media?parent=3435"}],"wp:term":[{"taxonomy":"category","embeddable":true,"href":"https:\/\/www.causestoujours.be\/wp-json\/wp\/v2\/categories?post=3435"},{"taxonomy":"post_tag","embeddable":true,"href":"https:\/\/www.causestoujours.be\/wp-json\/wp\/v2\/tags?post=3435"}],"curies":[{"name":"wp","href":"https:\/\/api.w.org\/{rel}","templated":true}]}}