{"id":355,"date":"2014-06-09T14:39:24","date_gmt":"2014-06-09T14:39:24","guid":{"rendered":"https:\/\/gsara.tv\/causes\/?p=355"},"modified":"2014-09-25T07:29:04","modified_gmt":"2014-09-25T07:29:04","slug":"aller-loin","status":"publish","type":"post","link":"https:\/\/www.causestoujours.be\/aller-loin\/","title":{"rendered":"Pour aller plus loin"},"content":{"rendered":"<p>Ce dossier est loin de constituer une source compl\u00e8te sur les m\u00e9dias d\u2019information. On y a simplement propos\u00e9 d\u2019y lancer des pistes de r\u00e9flexion et d\u2019action. Mais la r\u00e9flexion et la critique des m\u00e9dias int\u00e9resse de nombreuses personnes et depuis longtemps. Alors pour les personnes qui d\u00e9sirent creuser un peu plus, nous vous avons propos\u00e9 une liste de choses \u00e0 fouiller, scruter, lire et relire, observer. Une liste en diff\u00e9rentes rubriques de quelques id\u00e9es parmi tant d\u2019autres dans lesquelles chacun cr\u00e9e sa toile d\u2019information critique.<\/p>\n<h2>Nourrir une r\u00e9flexion critique sur les m\u00e9dias d\u2019information<\/h2>\n<p>Pour commencer, un petit condens\u00e9 de sources de r\u00e9flexion sur les m\u00e9dias eux-m\u00eames. On y traite aussi bien du rapport des m\u00e9dias aux pouvoirs \u00e9conomique et politique, de la mise en forme m\u00e9diatique, de la pratique des journalistes, de la consommation des m\u00e9dias, et bref, on y d\u00e9crypte les flux d\u2019information et l\u2019influence des m\u00e9dias sur la soci\u00e9t\u00e9 et de la soci\u00e9t\u00e9 sur les m\u00e9dias.<\/p>\n<h2><strong><span style=\"text-decoration: underline;\">\u00c0 lire<\/span><\/strong><\/h2>\n<p>&#8211; Dossier\u00a0<em>Censure et libert\u00e9 d\u2019expression<\/em> de l\u2019ULg<\/p>\n<p>\u00c0 l\u2019occasion de la rentr\u00e9e acad\u00e9mique 2013 de l\u2019Universit\u00e9 de Li\u00e8ge, plac\u00e9e sous le signe de la th\u00e9matique \u00ab Censure et libert\u00e9 d\u2019expression \u00bb, 10 chercheurs et enseignants ont pr\u00eat\u00e9 leur concours \u00e0 un dossier qui met en lumi\u00e8re une s\u00e9rie de probl\u00e9matiques li\u00e9es \u00e0 l\u2019information et aux m\u00e9dias audiovisuels.<br \/>\n<a href=\"https:\/\/culture.ulg.ac.be\/jcms\/prod_1378476\/dossier\/-censure-et-liberte-d-expression \">https:\/\/culture.ulg.ac.be\/jcms\/prod_1378476\/dossier\/-censure-et-liberte-d-expression <\/a><\/p>\n<p>&#8211; Geoffrey Geuens, <em>L&rsquo;information sous contr\u00f4le. M\u00e9dias et pouvoir \u00e9conomique en Belgique<\/em>, Bruxelles, Labor\/Espace de libert\u00e9, 2002, 95 p.<\/p>\n<p>Une analyse de l\u2019organisation des m\u00e9dias belges qui en d\u00e9nonce l\u2019influence des pouvoirs \u00e9conomique et politique et appelle au changement.<\/p>\n<p>&#8211; Rubrique \u201cM\u00e9dias\u201d de la Revue trimestrielle <em>Agir Par la Culture<\/em> (PAC)<\/p>\n<p>Les contributions de Marc Sinnaeve relatent ses r\u00e9flexions critiques et avis\u00e9es sur une s\u00e9rie de th\u00e9matiques li\u00e9es aux m\u00e9dias d\u2019information. Disponible en ligne sur:\u00a0 <a href=\"https:\/\/www.agirparlaculture.be\/index.php\/medias\">https:\/\/www.agirparlaculture.be\/index.php\/medias<\/a><\/p>\n<p>&#8211; <em>R\u00e9inventer les m\u00e9dias<\/em>, Les Renseignements G\u00e9n\u00e9reux, France<\/p>\n<p>Brochure didactique qui pr\u00e9sente les enjeux de soci\u00e9t\u00e9 li\u00e9s aux m\u00e9dias et propose des pistes d&rsquo;auto-d\u00e9fense intellectuelle.<br \/>\nDisponible en ligne sur le site des Renseignements G\u00e9n\u00e9raux (association qui a pour objectif de contrer l\u2019uniformisation et l\u2019appauvrissement de l\u2018information):<br \/>\n<a href=\"https:\/\/www.les-renseignements-genereux.org\/var\/fichiers\/brochures-pdf\/broch-media-20080217-web-a5.pdf\"> https:\/\/www.les-renseignements-genereux.org\/var\/fichiers\/brochures-pdf\/broch-media-20080217-web-a5.pdf<\/a><\/p>\n<p>&#8211; Acrimed (Action Critique M\u00e9dias), France<br \/>\nObservatoire des m\u00e9dias en France, qui questionne et d\u00e9crypte les contenus m\u00e9diatiques. Le site comprend des articles et un r\u00e9pertoire de nombreuses ressources sur les m\u00e9dias.<br \/>\n<a href=\"https:\/\/www.acrimed.org\/\">https:\/\/www.acrimed.org\/<\/a><\/p>\n<p>&#8211; Serge Halimi et Dominique Vidal, avec Henri Maler, <em>\u00ab L\u2019opinion, \u00e7a se travaille&#8230; \u00bb \u2013 Les m\u00e9dias et les \u00ab guerres justes \u00bb : Kosovo, Afghanistan, Irak<\/em>, 2006, Agone.<\/p>\n<p>Les m\u00e9dias et leurs m\u00e9canismes id\u00e9ologiques sont ici analys\u00e9s \u00e0 travers l\u2019exemple de trois guerres et de leur traitement m\u00e9diatique.<\/p>\n<p>&#8211; Denis Muzet,<em> La Mal info: enqu\u00eate sur des consommateurs de m\u00e9dias<\/em>, l\u2019Aube, 2006.<\/p>\n<p>Ce livre est le fruit d&rsquo;une enqu\u00eate conduite par l&rsquo;Observatoire du d\u00e9bat public sur la fa\u00e7on dont les Fran\u00e7ais consomment l&rsquo;information. Il montre comment l&rsquo;individu cherche aujourd&rsquo;hui \u00e0 s&rsquo;informer, moins pour comprendre le monde que pour calmer une peur permanente, dans un environnement qu&rsquo;il per\u00e7oit de plus en plus anxiog\u00e8ne. A l&rsquo;heure des m\u00e9dias omnipr\u00e9sents et de l&rsquo;info en continu, le &lsquo;m\u00e9diaconsommateur&rsquo; absorbe les nouvelles partout et tout le temps, au plus vite et au plus simple. Mais derri\u00e8re l&rsquo;abondance, il sent bien que ce qu&rsquo;il ingurgite compulsivement ne suffit pas \u00e0 le nourrir. On est entr\u00e9 dans l&rsquo;\u00e8re de la &lsquo;mal info&rsquo;.<\/p>\n<p>&#8211; R\u00e9gis Debray, <em>L&rsquo;Emprise<\/em>, Gallimard, 2000.<br \/>\nUne analyse de la mani\u00e8re dont l\u2019ordre moral est r\u00e9git par la presse.<\/p>\n<p>&#8211; Arr\u00eat sur images<br \/>\n\u00c0 voir sur <a href=\"https:\/\/www.arretsurimages.net\">https:\/\/www.arretsurimages.net<\/a><\/p>\n<p>&#8211; Noam Chomsky et Edward Herman, <em>La fabrication du consentement<\/em>, 2008, Agone<\/p>\n<p>Cet ouvrage classique et controvers\u00e9 de la critique des m\u00e9dias fait l\u2019analyse du syst\u00e8me des m\u00e9dias de masse am\u00e9ricains et souligne le mod\u00e8le de propagande des \u00e9lites politiques et \u00e9conomiques que constituent les m\u00e9dias.<\/p>\n<p>&#8211; Alain Accardo, G. Abou et al., <em>Journalistes pr\u00e9caires<\/em>, Le Mascaret, 1998. R\u00e9\u00e9dit\u00e9 en poche chez Agone en 2007<\/p>\n<p>Une analyse sociologique du m\u00e9tier de journaliste qui livre des t\u00e9moignages \u00e9clairants sur les r\u00e9alit\u00e9s de la pratique quotidienne du journalisme et de la production de l\u2019information.<\/p>\n<p>&#8211; Mariette Darrigrand, <em>Comment les m\u00e9dias nous parlent (mal)<\/em>, \u00c9ditions Fran\u00e7ois Bourin, 2014<\/p>\n<p>S\u00e9miologue, Mariette Darrigand passe au crible les tics du langage m\u00e9diatique qui enraient le d\u00e9bat public.<\/p>\n<p>&#8211; Jean-Fran\u00e7ois Kahn, <em>L&rsquo;horreur m\u00e9diatique<\/em>, Plon, 2014<\/p>\n<h2><strong><span style=\"text-decoration: underline;\">\u00c0 voir, \u00e0 \u00e9couter<\/span><\/strong><\/h2>\n<p>&#8211; <em>Les nouveaux chiens de garde<\/em>, 2012, Yannick Kergoat et Gilles Balbastre<br \/>\nUn film documentaire qui remet en cause le r\u00f4le de contre-pouvoir des m\u00e9dias dominants et questionne l\u2019influence du pouvoir politique sur l\u2019information et sa marchandisation. Il s\u2019agit d\u2019une adaptation l\u2019essai de Serge Halimi du m\u00eame nom, (2e \u00e9d. 2005)<br \/>\n<a href=\"https:\/\/www.youtube.com\/watch?v=fshz0kJEkBE\">https:\/\/www.youtube.com\/watch?v=fshz0kJEkBE<\/a><\/p>\n<p>&#8211; <em>La dictature de la pens\u00e9e unique<\/em>, 2001<br \/>\nCe documentaire explore et d\u00e9nonce les m\u00e9canismes de la pens\u00e9e unique.<br \/>\nIl nous permet de mieux comprendre comment les m\u00e9dias se font le relais de cette pens\u00e9e unique. Les intervenants: Jean-Fran\u00e7ois Kahn, Viviane Forrester, Guillaume Bigot, Jean-Marc Varaut, Philippe Cohen, Paul-Marie Co\u00fbteaux, Raoul Girardet, Jean-Claude Chesnais.<br \/>\nDisponible sur : <a href=\"https:\/\/preuves-par-images.fr\/#\/la-dictature-de-la-pensee-unique\">https:\/\/preuves-par-images.fr\/#\/la-dictature-de-la-pensee-unique<\/a><\/p>\n<p>&#8211;<em> Les \u00e2nes ont soif<\/em> , sortie prochaine, Pierre Carles<br \/>\nBande-annonce: <a href=\"https:\/\/www.youtube.com\/watch?v=M6EyKFXsQfk\">https:\/\/www.youtube.com\/watch?v=M6EyKFXsQfk<\/a><\/p>\n<p>&#8211; <em>On Air\u00a0<\/em> France, 2006, Christophe Joly<br \/>\nR\u00e9sum\u00e9 : Aujourd\u2019hui, le paysage m\u00e9diatique nord-am\u00e9ricain est domin\u00e9 par moins d\u2019une dizaine de compagnies. Ces conglom\u00e9rats contr\u00f4lent une grande partie de ce que l\u2019Am\u00e9rique voit, \u00e9coute et lit&#8230; Cet enfermement de la culture a donn\u00e9 le jour \u00e0 un mouvement m\u00e9diatique alternatif. \u00c0 travers les Etats-Unis, d\u2019ouest en est, <em>On Air<\/em> examine ce contre-courant et raconte leur combat, leur existence, leurs revendications.<\/p>\n<p>&#8211; <em>Propositions pour une t\u00e9l\u00e9 libre populaire<\/em>, Venezuela, Documentaire, Thierry Deronne<br \/>\nR\u00e9sum\u00e9 : Un tr\u00e8s beau documentaire qui d\u00e9crypte et analyse l\u2019image du peuple donn\u00e9e par les m\u00e9dias dominants, notamment au Nicaragua et Venezuela.<br \/>\nC\u2019est l\u2019image d\u2019un peuple mendiant, qui n\u2019appelle que la charit\u00e9 ou la r\u00e9pression. Pour faire revivre le peuple comme acteur, et nous rendre cette conscience de notre pouvoir de transformer, Tele Tambores expose 11 propositions concr\u00e8tes, autant de \u00a0rep\u00e8res pour permettre une t\u00e9l\u00e9 v\u00e9ritablement libre.<\/p>\n<p>&#8211; Entretiens Peter Watkins<br \/>\nR\u00e9alisateur britannique attach\u00e9 \u00e0 la critique des m\u00e9dias de masse et de ce qu&rsquo;il a nomm\u00e9 la monoforme. Voir par exemple\u00a0:<a href=\"%20https:\/\/www.youtube.com\/watch?v=LZ1S18jsyyw\"> https:\/\/www.youtube.com\/watch?v=LZ1S18jsyyw<\/a><\/p>\n<h2><strong>S\u2019informer autrement<\/strong><\/h2>\n<p>Il y a une pluralit\u00e9 de mani\u00e8res de s\u2019informer diff\u00e9remment. Cela peut \u00eatre par\u00a0des informations critiques des m\u00e9dias centraux, par d\u2019autres formats, d\u2019autres th\u00e8mes, &#8230;<\/p>\n<p>Voici notre br\u00e8ve s\u00e9lection de site \u00e0 suivre pour s\u2019informer, s\u2019inspirer, d\u00e9couvrir.<\/p>\n<p>&#8211; Communiqu\u2019Ethique<br \/>\n<a href=\"https:\/\/www.communiquethique.com\/\">https:\/\/www.communiquethique.com\/<\/a><\/p>\n<p>&#8211; Create the World<br \/>\nUne \u00ab MediaTV \u00bb qui s\u2019adresse \u00e0 une large partie de la population qui aspire \u00e0 un \u00a0\u00ab nouveau monde \u00bb et qui n\u2019a pas acc\u00e8s \u00e0 une cha\u00eene de qualit\u00e9 o\u00f9 cette vision et ces valeurs sous-jacentes sont exprim\u00e9es. Th\u00e8matiques abord\u00e9es : \u00e9cologie, \u00e9conomie positive, gouvernance \u00e9thique, communication consciente, villes en transition, solidarit\u00e9, durabilit\u00e9, autonomie \u00e9nerg\u00e9tique et alimentaire, joie de vivre\u2026<br \/>\n<a href=\"https:\/\/www.cnw.tv\/\">https:\/\/www.cnw.tv\/<\/a><\/p>\n<p>&#8211; Revue XXI<br \/>\n<a href=\"https:\/\/www.revue21.fr\/\">https:\/\/www.revue21.fr\/<\/a><\/p>\n<p>&#8211; Kairos<br \/>\nhttp:\/\/www.kairospresse.be\/blog<\/p>\n<p>&#8211; Le 1<br \/>\n<a href=\"https:\/\/le1hebdo.fr\/\">https:\/\/le1hebdo.fr\/<\/a><\/p>\n<p>&#8211; M\u00eame pas mal<br \/>\nPartage d&rsquo;alternatives pour mode de vie en temps de crise<br \/>\n<a href=\"https:\/\/alternatives.blog.lemonde.fr\/\">https:\/\/alternatives.blog.lemonde.fr\/<\/a><\/p>\n<p>&#8211; Hors S\u00e9rie :<br \/>\nNouveau site internet, qui sera enti\u00e8rement consacr\u00e9 \u00e0 des entretiens critiques, film\u00e9s, avec des personnalit\u00e9s artistiques ou intellectuelles. Loin de l&rsquo;actu, du babil promotionnel et des clashs circonstanciels, ici des artistes, des penseurs, des chercheurs ont le temps de construire un dialogue approfondi. Au d\u00e9part c&rsquo;est une \u00e9manation d\u2019Arr\u00eat sur images<br \/>\nmais Hors-S\u00e9rie est un site autonome.<br \/>\n<a href=\"https:\/\/fr.ulule.com\/hors-serie\/\">https:\/\/fr.ulule.com\/hors-serie\/<\/a><\/p>\n<h2>Se former et devenir acteur des m\u00e9dias<\/h2>\n<p>De nombreux organismes proposent des aides \u00e0 l\u2019utilisation de l\u2019audiovisuel pour devenir acteur de l\u2019information, prendre la parole parmi les flux d\u2019info, proposer son point de vue, sa voix. Voici quelques exemples de formations pour les documentaires et les reportages sociaux, accessibles aux jeunes, et des r\u00e9pertoires d\u2019analyses et documents p\u00e9dagogiques, des sources d\u2019aide \u00e0 la production et \u00e0 la diffusion,&#8230; ils sont nombreux, alors il ne reste plus qu\u2019\u00e0 se lancer !<\/p>\n<p>&#8211; ZIN TV<br \/>\nUne t\u00e9l\u00e9 d\u2019action collective. Information, formations, production et diffusion autour de l\u2019engagement social<br \/>\n<a href=\"https:\/\/www.zintv.org\/?lang=fr\">https:\/\/www.zintv.org\/?lang=fr<\/a><\/p>\n<p>&#8211; ACMJ, Action Cin\u00e9 M\u00e9dias Jeunes<br \/>\nOrganisation de jeunesse et d\u2019\u00e9ducation aux m\u00e9dias.<br \/>\n<a href=\"%20http:\/\/www.acmj.be\/acmj\/\">\u00a0http:\/\/www.acmj.be\/acmj\/<\/a><\/p>\n<p>&#8211; CTV M\u00e9dias asbl<br \/>\nL&rsquo;association a pour objectif le d\u00e9veloppement de l&rsquo;autonomie et du sens critique des citoyens face aux m\u00e9dias et aux nouvelles technologies de communication.<br \/>\n<a href=\"https:\/\/www.ctv.be\/cms\/?page_id=841\">https:\/\/www.ctv.be\/cms\/?page_id=841<\/a><\/p>\n<p>&#8211; Mediapte (France)<br \/>\nUn site qui regroupe de nombreuses ressources d\u2019\u00e9ducation aux m\u00e9dias.<br \/>\n<a href=\"https:\/\/www.mediapte.fr\/sp\/#a_explorer\">https:\/\/www.mediapte.fr\/sp\/#a_explorer<\/a><\/p>\n<p>&#8211; Media Coach<br \/>\nUne formation sur l\u2019\u00e9ducation aux m\u00e9dias<br \/>\n<a href=\"www.media-coach.be\">www.media-coach.be<\/a><\/p>\n<p>&#8211; GSARA<br \/>\nMouvement d\u2019\u00e9ducation \u00e0 l\u2019audiovisuel et aux m\u00e9dias, atelier de production, formations et diffusions<br \/>\n<a href=\"www.gsara.be\">www.gsara.be<\/a><\/p>\n<p>&#8211; Consoloisirs<br \/>\n<a href=\"https:\/\/www.consoloisirs.be\/\">https:\/\/www.consoloisirs.be\/<\/a><\/p>\n<p>&#8211; CAV Li\u00e8ge<br \/>\nUne m\u00e9diath\u00e8que sp\u00e9cialis\u00e9e sur l\u2019audiovisuel et l\u2019\u00e9ducation aux m\u00e9dias<br \/>\n<a href=\"https:\/\/www.cavliege.be\/%20\">https:\/\/www.cavliege.be\/ <\/a><\/p>\n<p>&#8211; Les Grignoux<br \/>\nDossiers p\u00e9dagogiques sur un grand r\u00e9pertoire de films<br \/>\n<a href=\"%20http:\/\/grignoux.be\/teaching_files\">https:\/\/grignoux.be\/teaching_files<\/a><\/p>\n","protected":false},"excerpt":{"rendered":"<p>Ce dossier est loin de constituer une source compl\u00e8te sur les m\u00e9dias d\u2019information. On y a simplement propos\u00e9 d\u2019y lancer des pistes de r\u00e9flexion et d\u2019action.<\/p>\n","protected":false},"author":10,"featured_media":356,"comment_status":"closed","ping_status":"open","sticky":false,"template":"","format":"standard","meta":{"footnotes":""},"categories":[2,16],"tags":[60,28,62,61],"class_list":["post-355","post","type-post","status-publish","format-standard","has-post-thumbnail","hentry","category-dossier","category-dominance-et-medias","tag-critique-des-medias","tag-medias","tag-medias-dinformation","tag-reflexion"],"_links":{"self":[{"href":"https:\/\/www.causestoujours.be\/wp-json\/wp\/v2\/posts\/355","targetHints":{"allow":["GET"]}}],"collection":[{"href":"https:\/\/www.causestoujours.be\/wp-json\/wp\/v2\/posts"}],"about":[{"href":"https:\/\/www.causestoujours.be\/wp-json\/wp\/v2\/types\/post"}],"author":[{"embeddable":true,"href":"https:\/\/www.causestoujours.be\/wp-json\/wp\/v2\/users\/10"}],"replies":[{"embeddable":true,"href":"https:\/\/www.causestoujours.be\/wp-json\/wp\/v2\/comments?post=355"}],"version-history":[{"count":12,"href":"https:\/\/www.causestoujours.be\/wp-json\/wp\/v2\/posts\/355\/revisions"}],"predecessor-version":[{"id":530,"href":"https:\/\/www.causestoujours.be\/wp-json\/wp\/v2\/posts\/355\/revisions\/530"}],"wp:featuredmedia":[{"embeddable":true,"href":"https:\/\/www.causestoujours.be\/wp-json\/wp\/v2\/media\/356"}],"wp:attachment":[{"href":"https:\/\/www.causestoujours.be\/wp-json\/wp\/v2\/media?parent=355"}],"wp:term":[{"taxonomy":"category","embeddable":true,"href":"https:\/\/www.causestoujours.be\/wp-json\/wp\/v2\/categories?post=355"},{"taxonomy":"post_tag","embeddable":true,"href":"https:\/\/www.causestoujours.be\/wp-json\/wp\/v2\/tags?post=355"}],"curies":[{"name":"wp","href":"https:\/\/api.w.org\/{rel}","templated":true}]}}