{"id":3583,"date":"2020-11-15T11:04:14","date_gmt":"2020-11-15T11:04:14","guid":{"rendered":"https:\/\/www.gsara.be\/causestoujours\/?p=3583"},"modified":"2020-11-30T13:12:56","modified_gmt":"2020-11-30T13:12:56","slug":"jurys-citoyens","status":"publish","type":"post","link":"https:\/\/www.causestoujours.be\/jurys-citoyens\/","title":{"rendered":"Comit\u00e9s et jurys citoyens &#8211; Retour sur une exp\u00e9rience \u00e9mancipatrice dans le cadre d&rsquo;un festival"},"content":{"rendered":"\n<p><strong>Le 29 octobre dernier (dans des conditions particuli\u00e8res dues \u00e0 la crise sanitaire), s\u2019est cl\u00f4tur\u00e9e la quatri\u00e8me \u00e9dition du festival <em>online<\/em> COUPE CIRCUIT, qui proposait sur son site web, en acc\u00e8s libre pendant un mois, 27 cr\u00e9ations audiovisuelles portant un regard singulier sur les r\u00e9alit\u00e9s sociales contemporaines.<\/strong><\/p>\n\n\n\n<p><strong>Voil\u00e0 pour les faits et la ligne \u00e9ditoriale, mais au-del\u00e0 de son statut \u00ab&nbsp;en ligne&nbsp;\u00bb et des divers rendez-vous virtuels &amp; pr\u00e9sentiels que le festival propose, COUPE CIRCUIT est un \u00e9v\u00e9nement \u00e0 dimension sociale, p\u00e9dagogique et de m\u00e9diation. En effet, son ADN est intrins\u00e8quement li\u00e9 \u00e0 un ambitieux programme d\u2019\u00e9ducation permanente : les comit\u00e9s de s\u00e9lection et les jurys citoyens.<\/strong><\/p>\n\n\n\n<p>\u00c9labor\u00e9 et perfectionn\u00e9 depuis plusieurs ann\u00e9es par le GSARA, ce programme d\u2019activit\u00e9s propose \u00e0 des personnes adultes souvent pr\u00e9caris\u00e9es de devenir les acteurs d\u2019un \u00e9v\u00e9nement qui touche l\u2019ensemble de la F\u00e9d\u00e9ration Wallonie-Bruxelles. Ainsi, ces groupes de citoyens r\u00e9partis sur une partie significative de la Belgique francophone choisissent les \u0153uvres en comp\u00e9tition et la th\u00e9matique transversale du festival, avant que d\u2019autres groupes n\u2019attribuent les prix, le tout au terme d\u2019un processus d\u2019ateliers participatifs m\u00ealant \u00e9ducation aux m\u00e9dias, r\u00e9flexion et rencontres.<\/p>\n\n\n\n<p>Pour cette 4<sup>\u00e8me<\/sup> \u00e9dition, quatre comit\u00e9s citoyens (\u00e0 Bruxelles, Tournai, Fl\u00e9malle et La Louvi\u00e8re) ont choisi les \u0153uvres en comp\u00e9tition, avant que trois jurys citoyens (\u00e0 Bruxelles, Charleroi et Marche-en-Famenne) n\u2019attribuent les prix. Derri\u00e8re deux termes diff\u00e9rents, les programmes comportent des activit\u00e9s similaires (initiation au langage filmique et documentaire, d\u00e9bats, \u00e9changes avec les r\u00e9alisateurs) et partagent des objectifs communs (renforcement de l\u2019esprit critique, d\u00e9construction des pr\u00e9jug\u00e9s, m\u00e9diation culturelle\u2026).<\/p>\n\n\n\n<p><strong>D\u00e9construire les pr\u00e9jug\u00e9s<\/strong><\/p>\n\n\n\n<p>Auteur, r\u00e9alisateur, professeur d\u2019\u00e9criture filmique, Patrick Tass a pour la premi\u00e8re fois anim\u00e9 les ateliers d\u2019un jury citoyen, prenant ainsi connaissance du projet et de l\u2019ensemble du programme \u00e9labor\u00e9 par les \u00e9quipes du GSARA. Il s\u2019exprime sur sa d\u00e9couverte de la s\u00e9lection officielle du festival, fruit du travail des comit\u00e9s : <em>Ce qui \u00e9tait int\u00e9ressant c\u2019\u00e9tait tout d\u2019abord les choix de sujets que les citoyens ont eu envie d\u2019\u00e9voquer. Ils sont all\u00e9s vers des sujets souvent politiques et sociaux, qui montrent une envie de questionnement et de changement. Quand on m\u2019a d\u2019abord parl\u00e9 de jurys citoyens, je m\u2019attendais \u00e0 trouver des \u0153uvres beaucoup plus connect\u00e9es aux probl\u00e8mes quotidiens. Selon moi, les comit\u00e9s ont pour la plupart choisi des \u0153uvres \u00ab&nbsp;en dehors d\u2019eux-m\u00eames&nbsp;\u00bb. <\/em>Ainsi, d\u2019une certaine mani\u00e8re, l\u2019animateur lui-m\u00eame a mis \u00e0 l\u2019\u00e9preuve ses pr\u00e9jug\u00e9s avant m\u00eame que son travail commence&nbsp;!<\/p>\n\n\n\n<p>L\u2019essentiel de la mission de Patrick a ensuite \u00e9t\u00e9 de confronter ces seize \u0153uvres \u00ab\u00a0politiques et sociales\u00a0\u00bb au regard du jury-citoyen de Marche-en-Famenne, constitu\u00e9 de personnes b\u00e9n\u00e9ficiaires du C.P.A.S.. L\u2019animateur observe : <em>Pas mal de ces sujets ont finalement eu un \u00e9cho chez le public. Il y a eu de l\u2019introspection, une forme d\u2019ouverture et de transparence de la part de ces personnes qui vivent dans des conditions assez pr\u00e9caires. C\u2019\u00e9tait un partage de moments de vie qui a cr\u00e9\u00e9 des liens humains. C\u2019est \u00e7a aussi un film, on sort de la salle et on commence \u00e0 faire des projections sur notre propre vie. Plusieurs d\u00e9bats m\u2019ont vraiment fort touch\u00e9, notamment sur <\/em>Safe, Drugs &amp; M\u00e9tropole <em>(une production T\u00e9l\u00e9vision Du Monde asbl \u2013 NdA). L\u00e0, certains participants ont vraiment \u00e9t\u00e9 au-del\u00e0 de leurs jugements personnels afin de recevoir une \u0153uvre, comprendre l\u2019existence de cet espace (une salle de consommation \u00e0 moindres risques \u2013 NDLR), pousser la r\u00e9flexion pour ne pas en rester \u00e0 \u00ab\u00a0la drogue c\u2019est mal\u00a0\u00bb. Oui ok et apr\u00e8s\u00a0? Pourquoi est-ce qu\u2019on fait \u00e7a\u00a0? Comment on traite ce probl\u00e8me\u00a0? Essayer de changer les points de vue, c\u2019\u00e9tait un exercice int\u00e9ressant et ce fut un d\u00e9bat tr\u00e8s charg\u00e9.<\/em><\/p>\n\n\n\n<figure class=\"wp-block-image size-large\"><img loading=\"lazy\" decoding=\"async\" width=\"1024\" height=\"768\" src=\"https:\/\/www.gsara.be\/causestoujours\/wp-content\/uploads\/2020\/11\/ART_JURYS_IMAGE2-1024x768.jpg\" alt=\"\" class=\"wp-image-3586\"\/><figcaption><em>Patrick Tass (en gris, au centre) au travail avec une partie de l\u2019ensemble du jury citoyen, lors d\u2019une journ\u00e9e commune pour le lancement du festival.<\/em><\/figcaption><\/figure>\n\n\n\n<p>T\u00e9moin privil\u00e9gi\u00e9 de ces \u00e9changes, Monique de Cnop, habitante de La-Roche-en-Ardenne, a fait partie de ce jury constitu\u00e9 avec l\u2019aide de notre partenaire Article 27 asbl&nbsp;: <em>Certaines \u0153uvres nous ont bien marqu\u00e9s, chacune avait son petit atout. Je connaissais l\u2019existence de certaines r\u00e9alit\u00e9s, sur lesquelles je n\u2019avais qu\u2019une vision tr\u00e8s limit\u00e9e. Il y a eu 2 ou 3 r\u00e9alisations sur la migration, une autre sur la drogue\u2026 \u00c7a m\u2019a ouvert les yeux, m\u2019a permis de voir autrement, de mieux comprendre. Cette exp\u00e9rience a cass\u00e9 des id\u00e9es toutes faites chez moi, sur les migrants ou sur les toxicomanes. Je les vois d\u2019une autre mani\u00e8re et je comprends qu\u2019il y ait n\u00e9cessit\u00e9 de faire des choses pour eux ou avec eux.<\/em><\/p>\n\n\n\n<p><strong>Eduquer aux m\u00e9dias<\/strong><\/p>\n\n\n\n<p>Pour le grand public, COUPE CIRCUIT est un festival d\u2019\u0153uvres audiovisuelles, avec des r\u00e9alisations \u00e0 \u00e9valuer pour leurs id\u00e9es certes, mais surtout pour la mani\u00e8re dont celles-ci sont exprim\u00e9es en images et en sons. Au GSARA, \u00ab&nbsp;L\u2019utilisation des m\u00e9dias pour \u00e9duquer aux m\u00e9dias&nbsp;\u00bb est notre premi\u00e8re th\u00e9matique d\u2019action. Pour ce faire, chaque groupe de participants a re\u00e7u une initiation au langage filmique, sonore et documentaire, afin d\u2019acqu\u00e9rir un langage commun, une bo\u00eete \u00e0 outils qui leur permette de s\u2019exprimer quant aux productions soumises \u00e0 leur jugement. Monique, notre participante de la r\u00e9gionale du Luxembourg, t\u00e9moigne&nbsp;: <em>Au d\u00e9part on nous a expliqu\u00e9 comment cela fonctionnait pour la fabrication d\u2019un film&nbsp;: les personnages, la lumi\u00e8re, le son\u2026 Comprendre aussi pourquoi faire un film cela prend autant de temps&nbsp;! L\u00e0, quand je regarde maintenant la TV, je vois les choses diff\u00e9remment, je regarde le film plus loin que l\u2019intrigue, je pr\u00eate plus attention au cadre par exemple, et j\u2019essaie de voir ce qu\u2019on veut me dire et comment on essaie de me le dire. <\/em>Guide de cet apprentissage, Patrick compl\u00e8te&nbsp;: <em>C\u2019est tr\u00e8s important de transformer le regard des gens pour qu\u2019ils ne regardent plus jamais un film de la m\u00eame fa\u00e7on. Les participants aujourd\u2019hui comprennent les choses diff\u00e9remment et leur regard a chang\u00e9. De plus, on leur offre un acc\u00e8s \u00e0 certaines \u0153uvres desquelles ils sont d\u2019ordinaire \u00e9loign\u00e9s, ils entrevoient une multiplicit\u00e9 de formes diff\u00e9rentes.<\/em> De fait, le web offrant une fen\u00eatre de diffusion prot\u00e9iforme, le festival a programm\u00e9 encore cette ann\u00e9e courts et longs formats, documentaires, reportages, fictions, animations, un documentaire sonore et m\u00eame un <em>webdoc<\/em>&nbsp;! Une diversit\u00e9 appr\u00e9ci\u00e9e \u00e0 sa juste valeur, comme l\u2019atteste un palmar\u00e8s 2020 reflet de l\u2019h\u00e9t\u00e9rog\u00e9n\u00e9it\u00e9 de l\u2019offre propos\u00e9e par COUPE CIRCUIT.<\/p>\n\n\n\n<p><strong>Epanouissement personnel<\/strong><\/p>\n\n\n\n<p><em>Il y a eu tout cet apprentissage de l\u2019esprit critique, ils ont d\u00e9couvert un monde, \u00e9chang\u00e9 leurs avis, parfois chang\u00e9 leur regard, os\u00e9 ressentir quelque chose et l\u2019exprimer. Faire partie d\u2019un comit\u00e9 de s\u00e9lection ce n\u2019est pas courant, cela fait \u00e9cho chez eux, leur avis sera \u00e9cout\u00e9. <\/em>Cette transformation du regard, \u00e0 travers un processus de r\u00e9flexion et de d\u00e9cryptage des m\u00e9dias, est confirm\u00e9e par Colette Schouters, employ\u00e9e au Service d\u2019Insertion Sociale du CPAS de Chaudfontaine, dont plusieurs membres se sont greff\u00e9s au comit\u00e9 de s\u00e9lection r\u00e9uni \u00e0 Fl\u00e9malle. Travailleuse sociale, Colette observe les bienfaits de telles activit\u00e9s sur son public&nbsp;: <em>Il y a eu vraiment du d\u00e9passement de soi \u00e0 chaque moment. Tr\u00e8s naturellement, les animateurs ont su donner les ressources aux participants d\u2019\u00eatre capables de se surpasser, qu\u2019ils se disent&nbsp;: \u00ab&nbsp;je l\u2019ai os\u00e9 une fois, je le pourrai encore face \u00e0 quelqu\u2019un d\u2019autre, un futur employeur, dans une famille, dans un groupe de copains\u2026.&nbsp;\u00bb \u00c0 chaque \u00e9tape du parcours on les am\u00e8ne \u00e0 se d\u00e9passer sans qu\u2019ils ne s\u2019en rendent compte.<\/em> <em>Au cours de l\u2019atelier, nous avons perdu un participant. Pour une bonne raison, il a obtenu un emploi. Selon moi, il y a un lien. Il s\u2019est lanc\u00e9 dans l\u2019aventure de ce comit\u00e9, et je pense que cela l\u2019a incit\u00e9 \u00e0 pers\u00e9v\u00e9rer en audace, c\u2019\u00e9tait le bon moment pour lui pour se pr\u00e9senter et obtenir un poste. Ce genre de projets ponctuels \u00e9claircit des choix de vie, c\u2019\u00e9tait d\u2019une certaine fa\u00e7on pour aller plus loin dans son parcours personnel.<\/em><\/p>\n\n\n\n<p>Ce type de trajet, cette possibilit\u00e9 pour des citoyens laiss\u00e9s pour compte, fragilis\u00e9s ou marginalis\u00e9s de se remettre en projet et en action, constitue la s\u00e8ve, le but premier de toute structure d\u2019\u00e9ducation permanente. Un d\u00e9passement de soi aussi v\u00e9cu dans le groupe de Marche-en-Famenne, comme l\u2019explique Monique De Cnop&nbsp;: <em>Au d\u00e9but, j\u2019avais du mal \u00e0 parler devant les autres puis l\u2019organisateur nous a bien expliqu\u00e9 qu\u2019on pouvait dire tout ce qui nous passe par la t\u00eate par nos mots \u00e0 nous et \u00e7a a \u00e9t\u00e9 beaucoup plus facile, on a vraiment pu d\u00e9battre de chaque \u0153uvre sans entrave. On a aussi rencontr\u00e9 deux ou trois r\u00e9alisatrices et c\u2019\u00e9tait vraiment formidable. On a pu discuter, comment on a re\u00e7u leur travail, on a pu d\u00e9battre, et c\u2019\u00e9tait vraiment g\u00e9nial.<\/em><\/p>\n\n\n\n<p><strong>M\u00e9diation culturelle<\/strong><\/p>\n\n\n\n<p>Tout au long du processus, les comit\u00e9s puis les jurys citoyens sont en effet amen\u00e9s \u00e0 rencontrer et \u00e0 questionner les r\u00e9alisateurs des \u0153uvres en comp\u00e9tition. Ceci par le biais d\u2019entretiens film\u00e9s, \u00e0 distance ou en pr\u00e9sence, qui sont ensuite diffus\u00e9s sur le site du festival ou encore sur les r\u00e9seaux sociaux. Ce proc\u00e9d\u00e9 fait de COUPE CIRCUIT un \u00e9v\u00e9nement \u00e0 la saveur toute particuli\u00e8re \u00e9galement pour les r\u00e9alisateurs, qui se retrouvent confront\u00e9s \u00e0 des publics d\u2019ordinaire \u00e0 mille lieues des festivals de cin\u00e9ma \u00ab\u00a0traditionnels\u00a0\u00bb. R\u00e9alisateur \u00e9galement, Patrick confirme\u00a0: <em>J\u2019aime vraiment beaucoup la mani\u00e8re dont on peut transformer quelque chose qui peut \u00eatre tr\u00e8s \u00e9litiste, comme un festival, vers quelque chose de terre \u00e0 terre, vers un processus d\u2019int\u00e9gration. Ce c\u00f4t\u00e9 moins \u00ab\u00a0intouchable\u00a0\u00bb d\u2019une \u0153uvre me pla\u00eet beaucoup, ce festival rend le cin\u00e9ma plus accessible, je trouve \u00e7a assez fort de rendre au cin\u00e9ma cette connexion populaire au sens noble. Dans le m\u00eame ordre d\u2019id\u00e9e, les participant-e-s ont beaucoup appr\u00e9ci\u00e9 de rencontrer les r\u00e9alisateurs-trices, de discuter avec eux-elles. Cela rend les choses beaucoup plus concr\u00e8tes, on d\u00e9sacralise les \u0153uvres, on les rend accessibles. Idem avec les r\u00e9alisateurs, on provoque la rencontre et tout le monde est fait de chair et de sang.<\/em><\/p>\n\n\n\n<figure class=\"wp-block-image size-large\"><img loading=\"lazy\" decoding=\"async\" width=\"979\" height=\"287\" src=\"https:\/\/www.gsara.be\/causestoujours\/wp-content\/uploads\/2020\/11\/ARTICLE_JURY_IMAGE1.jpg\" alt=\"\" class=\"wp-image-3620\" srcset=\"https:\/\/www.causestoujours.be\/wp-content\/uploads\/2020\/11\/ARTICLE_JURY_IMAGE1.jpg 979w, https:\/\/www.causestoujours.be\/wp-content\/uploads\/2020\/11\/ARTICLE_JURY_IMAGE1-300x88.jpg 300w, https:\/\/www.causestoujours.be\/wp-content\/uploads\/2020\/11\/ARTICLE_JURY_IMAGE1-768x225.jpg 768w, https:\/\/www.causestoujours.be\/wp-content\/uploads\/2020\/11\/ARTICLE_JURY_IMAGE1-600x176.jpg 600w, https:\/\/www.causestoujours.be\/wp-content\/uploads\/2020\/11\/ARTICLE_JURY_IMAGE1-210x62.jpg 210w\" sizes=\"auto, (max-width: 979px) 100vw, 979px\" \/><figcaption><em>Le comit\u00e9 citoyen de La Louvi\u00e8re interviewe les r\u00e9alisateurs de EUX, VUS D\u2019ICI (Prix du public). L\u2019entretien est disponible sur le site du festival.<\/em><\/figcaption><\/figure>\n\n\n\n<p>Outre la rencontre entre les \u0153uvres et les publics, une action de m\u00e9diation culturelle se donne aussi pour objectif que le public cible devienne lui-m\u00eame acteur et producteur de contenu. COUPE CIRCUIT, le festival citoyen par et pour chacun-e, leur en offre la possibilit\u00e9. En lien avec \u00ab&nbsp;son&nbsp;\u00bb comit\u00e9 citoyen jusqu\u2019\u00e0 la fin du festival, Colette Schouters souligne (CPAS de Chaudfontaine)&nbsp;: <em>Mon public et moi, nous avons suivi aussi les r\u00e9compenses (chacun chez soi bien s\u00fbr \u00e0 cause de la COVID) et on \u00e9tait hyper contents de savoir qu\u2019un des films qu\u2019on a mis en avant a \u00e9t\u00e9 r\u00e9compens\u00e9. Ca a donn\u00e9 \u00e0 ce public le sentiment encore plus fort d\u2019avoir jou\u00e9 un r\u00f4le, d\u2019avoir amen\u00e9 \u00e0 applaudir un r\u00e9alisateur encore dix fois plus fort qu\u2019ils n\u2019auraient pu le faire avec leurs petites mains \u00e0 eux. (\u2026) Dans la crise que nous traversons actuellement, on parle beaucoup de bore-out, de l\u2019ennui, du sentiment d\u2019inutilit\u00e9\u2026 Moi je pense que vraiment, COUPE CIRCUIT a apport\u00e9 un petit plus pour contrebalancer ce risque de tomber dans une d\u00e9pression qui se g\u00e9n\u00e9ralise. En pleine crise, le fait que le festival continue, \u00e7a a apport\u00e9 \u00e0 ces personnes assez fragiles un certain espoir, de continuer \u00e0 se sentir utiles \u00e0 ce festival qui ne s\u2019est pas arr\u00eat\u00e9.<\/em><\/p>\n\n\n\n<p><strong>La suite<\/strong><\/p>\n\n\n\n<p>Des propos encourageants pour la poursuite de l\u2019aventure des jurys-citoyens&nbsp;! En 2021, le GSARA va s\u2019\u00e9vertuer \u00e0 \u00ab&nbsp;exporter&nbsp;\u00bb son programme d\u2019activit\u00e9s en implantant les jurys citoyens au sein d\u2019autres festivals de fiction ou de documentaires. Si vous d\u00e9sirez vous aussi participer \u00e0 ce programme d\u2019activit\u00e9s, que vous faites partie d\u2019une structure qui souhaiterait mettre sur pieds un tel jury, ou encore si vous \u00eates organisateur d\u2019un festival int\u00e9ress\u00e9 par cette action, n\u2019h\u00e9sitez pas \u00e0 contacter le GSARA, secteur \u00e9ducation permanente.<\/p>\n\n\n\n<p>Merci \u00e0 nos partenaires, Infor-Femmes Anderlecht, Le Bric \u00e0 Brac \u00e0 Tournai, les Services d\u2019Insertion Sociale des C.P.A.S. de Chaudfontaine et Fl\u00e9malle, la Radio Sans Nom \u00e0 La Louvi\u00e8re, le Centre de Formation des Animateurs (C.F.A.), Article 27 Nord-Luxembourg et Avanti (Action Vivre Ensemble) \u00e0 Marchienne-au-pont.<\/p>\n\n\n\n<p>L\u2019ensemble du programme comit\u00e9s de s\u00e9lection et jurys citoyens est subventionn\u00e9 par la cellule P.C.I. (Promotion de la Citoyennet\u00e9 et de l\u2019Interculturalit\u00e9) de la F\u00e9d\u00e9ration Wallonie-Bruxelles.<\/p>\n\n\n\n<p><strong>Olivier Grinnaert<\/strong><\/p>\n","protected":false},"excerpt":{"rendered":"<p>\u00c9labor\u00e9 et perfectionn\u00e9 depuis plusieurs ann\u00e9es par le GSARA, ce programme d\u2019activit\u00e9s propose \u00e0 des personnes adultes souvent pr\u00e9caris\u00e9es de devenir les acteurs d\u2019un \u00e9v\u00e9nement qui touche l\u2019ensemble de la F\u00e9d\u00e9ration Wallonie-Bruxelles.<\/p>\n","protected":false},"author":10,"featured_media":3586,"comment_status":"closed","ping_status":"open","sticky":false,"template":"","format":"standard","meta":{"footnotes":""},"categories":[18],"tags":[],"class_list":["post-3583","post","type-post","status-publish","format-standard","has-post-thumbnail","hentry","category-dialogue"],"_links":{"self":[{"href":"https:\/\/www.causestoujours.be\/wp-json\/wp\/v2\/posts\/3583","targetHints":{"allow":["GET"]}}],"collection":[{"href":"https:\/\/www.causestoujours.be\/wp-json\/wp\/v2\/posts"}],"about":[{"href":"https:\/\/www.causestoujours.be\/wp-json\/wp\/v2\/types\/post"}],"author":[{"embeddable":true,"href":"https:\/\/www.causestoujours.be\/wp-json\/wp\/v2\/users\/10"}],"replies":[{"embeddable":true,"href":"https:\/\/www.causestoujours.be\/wp-json\/wp\/v2\/comments?post=3583"}],"version-history":[{"count":10,"href":"https:\/\/www.causestoujours.be\/wp-json\/wp\/v2\/posts\/3583\/revisions"}],"predecessor-version":[{"id":3621,"href":"https:\/\/www.causestoujours.be\/wp-json\/wp\/v2\/posts\/3583\/revisions\/3621"}],"wp:featuredmedia":[{"embeddable":true,"href":"https:\/\/www.causestoujours.be\/wp-json\/wp\/v2\/media\/3586"}],"wp:attachment":[{"href":"https:\/\/www.causestoujours.be\/wp-json\/wp\/v2\/media?parent=3583"}],"wp:term":[{"taxonomy":"category","embeddable":true,"href":"https:\/\/www.causestoujours.be\/wp-json\/wp\/v2\/categories?post=3583"},{"taxonomy":"post_tag","embeddable":true,"href":"https:\/\/www.causestoujours.be\/wp-json\/wp\/v2\/tags?post=3583"}],"curies":[{"name":"wp","href":"https:\/\/api.w.org\/{rel}","templated":true}]}}