{"id":3588,"date":"2020-11-15T11:29:16","date_gmt":"2020-11-15T11:29:16","guid":{"rendered":"https:\/\/www.gsara.be\/causestoujours\/?p=3588"},"modified":"2020-11-25T11:52:41","modified_gmt":"2020-11-25T11:52:41","slug":"nous-qui-habitons-vos-ruines-du-son-contre-la-relegation","status":"publish","type":"post","link":"https:\/\/www.causestoujours.be\/nous-qui-habitons-vos-ruines-du-son-contre-la-relegation\/","title":{"rendered":"\u00ab Nous qui habitons vos ruines \u00bb &#8211; Du son contre la rel\u00e9gation"},"content":{"rendered":"\n<blockquote class=\"wp-block-quote has-text-align-right is-layout-flow wp-block-quote-is-layout-flow\"><p>\u00ab Nous qui habitons vos ruines (et combien sommes-nous ?), nous qui utilisons les accidents du sol, nous qui nous plantons l\u00e0, dehors, l\u00e0 o\u00f9 \u00e7a respire, tenant droit comme des troncs, nous qui transportons les planches, nous qui ouvrons grand les yeux et les mains, nous qui sommes dans ces huttes avec eux, \u00e9coutons les enfants, la folie des enfants, dans nos mains, dans l\u2019eau, partout.\u00a0\u00bb <\/p><cite>Jean-Marie Gleize, <em>Le livre des cabanes<\/em><\/cite><\/blockquote>\n\n\n\n<p>Ce passage, extrait du texte fragmentaire <em>Le livre des cabanes<\/em> de Jean-Marie Gleize, ponctue le premier \u00e9pisode de la s\u00e9rie <em>A l\u2019Ouest Podcast<\/em><em>.<\/em> Ces lignes \u00e9crites en soutien \u00e0 Tarnac et dans un esprit zadiste, trouvent un \u00e9cho ici dans la bouche de la jeune Fatia, habitante d\u2019un logement social \u00e0 Beekkant et participante d\u2019un atelier radio men\u00e9 par les associations GSARA et Comme un lundi au pied des deux tours de ce quartier de Molenbeek-Saint-Jean.<\/p>\n\n\n\n<p>Comme point d\u00e9part, le d\u00e9sir d\u2019un groupe de jeunes de mener une activit\u00e9 cr\u00e9ative et le souci d\u2019une assistance sociale, Souhaila, de favoriser l\u2019expression de ceux-ci, ont permis la rencontre avec Thibault, animateur, dot\u00e9 d\u2019une solide exp\u00e9rience dans l\u2019outil radio mis au service de l\u2019\u00e9ducation populaire. Celui-ci a r\u00e9uni chaque mercredi ce groupe dans le local du PCS (acronyme pour Projet de Coh\u00e9sion Sociale). L\u2019objectif premier&nbsp;: d\u00e9fendre la parole des jeunes, trop souvent minor\u00e9e surtout lorsque celle-ci \u00e9mane des quartiers populaires. \u00ab&nbsp;<em>Que l&rsquo;atelier radio serve \u00e0 changer les mentalit\u00e9s sur Beekkant, que vous ayez un canal d&rsquo;expression, des outils pour d\u00e9fendre votre point de vue, que vous ayez des moments de discussions et de d\u00e9bats&nbsp;\u00bb<\/em>, affirme Thibault aupr\u00e8s des participants \u00e2g\u00e9s entre 9 et 29 ans.<\/p>\n\n\n\n<figure class=\"wp-block-image size-large is-resized\"><img decoding=\"async\" src=\"https:\/\/www.gsara.be\/causestoujours\/wp-content\/uploads\/2020\/11\/IMG_0032-1024x683.jpg\" alt=\"\" class=\"wp-image-3590\" width=\"700\" srcset=\"https:\/\/www.causestoujours.be\/wp-content\/uploads\/2020\/11\/IMG_0032-1024x683.jpg 1024w, https:\/\/www.causestoujours.be\/wp-content\/uploads\/2020\/11\/IMG_0032-300x200.jpg 300w, https:\/\/www.causestoujours.be\/wp-content\/uploads\/2020\/11\/IMG_0032-768x512.jpg 768w, https:\/\/www.causestoujours.be\/wp-content\/uploads\/2020\/11\/IMG_0032-600x400.jpg 600w, https:\/\/www.causestoujours.be\/wp-content\/uploads\/2020\/11\/IMG_0032-1536x1024.jpg 1536w, https:\/\/www.causestoujours.be\/wp-content\/uploads\/2020\/11\/IMG_0032-2048x1365.jpg 2048w, https:\/\/www.causestoujours.be\/wp-content\/uploads\/2020\/11\/IMG_0032-210x140.jpg 210w\" sizes=\"(max-width: 1024px) 100vw, 1024px\" \/><figcaption>Photo\u00a0: Siham Bouzerda<\/figcaption><\/figure>\n\n\n\n<p>D\u2019un point de vue m\u00e9thodologique, il fallait, en premier, s\u2019essayer \u00e0 la technique, commettre des erreurs, t\u00e2tonner dans les exp\u00e9riences de prises de son. Ici, l\u2019id\u00e9e n\u2019est pas de se calfeutrer dans un studio radio mais plut\u00f4t de faire d\u00e9couvrir un territoire au fil de d\u00e9ambulations sonores. C\u2019est l\u00e0 que le son peut s\u2019av\u00e9rer \u00eatre un outil puissant. Surtout lorsqu\u2019il s\u2019agit de bousculer nos imaginaires sur des quartiers malheureusement fig\u00e9s par certaines images st\u00e9r\u00e9otyp\u00e9es. Une fois les ateliers d\u2019initiation termin\u00e9s, il fallait poser un cadre pour cr\u00e9er. D\u00e9finir des th\u00e9matiques ensemble et se donner une demi-journ\u00e9e pour chacune d\u2019entre elles. Pas plus de trois heures pour r\u00e9colter la mati\u00e8re sonore. Au-del\u00e0, c\u2019est trop&nbsp;! La premi\u00e8re demi-heure \u00e9tait d\u00e9di\u00e9e \u00e0 un d\u00e9bat sur la th\u00e9matique du jour entre les jeunes de l\u2019atelier. Ces discussions \u00e9taient directement enregistr\u00e9es en tourn\u00e9-mont\u00e9. Ensuite, ils partaient explorer le quartier \u00e0 la rencontre des habitants des deux tours pour r\u00e9aliser des micros-trottoirs. Passer de t\u00e9moins \u00e0 acteurs engag\u00e9s en quelque sorte. D\u2019autres pr\u00e9f\u00e9raient s\u2019atteler \u00e0 l\u2019\u00e9criture d\u2019un texte de rap. L\u2019auditeur d\u00e9couvre ainsi que les avis divergent fortement entre ces jeunes qui ne constituent pas un bloc homog\u00e8ne. Et ces derniers se laissent perturber par leurs camarades. Une \u00e9tape importante selon Thibault&nbsp;: \u00ab&nbsp;<em>C&rsquo;est pour \u00e7a que c&rsquo;\u00e9tait int\u00e9ressant de commencer par une discussion entre eux pour ensuite partir charg\u00e9s de quelque chose et avec leur point de vue qui avait un peu vacill\u00e9<\/em>&nbsp;\u00bb.<\/p>\n\n\n\n<figure class=\"wp-block-image size-large is-resized\"><img decoding=\"async\" src=\"https:\/\/www.gsara.be\/causestoujours\/wp-content\/uploads\/2020\/11\/IMG_0042-1024x683.jpg\" alt=\"\" class=\"wp-image-3593\" width=\"700\" srcset=\"https:\/\/www.causestoujours.be\/wp-content\/uploads\/2020\/11\/IMG_0042-1024x683.jpg 1024w, https:\/\/www.causestoujours.be\/wp-content\/uploads\/2020\/11\/IMG_0042-300x200.jpg 300w, https:\/\/www.causestoujours.be\/wp-content\/uploads\/2020\/11\/IMG_0042-768x512.jpg 768w, https:\/\/www.causestoujours.be\/wp-content\/uploads\/2020\/11\/IMG_0042-600x400.jpg 600w, https:\/\/www.causestoujours.be\/wp-content\/uploads\/2020\/11\/IMG_0042-1536x1024.jpg 1536w, https:\/\/www.causestoujours.be\/wp-content\/uploads\/2020\/11\/IMG_0042-2048x1365.jpg 2048w, https:\/\/www.causestoujours.be\/wp-content\/uploads\/2020\/11\/IMG_0042-210x140.jpg 210w\" sizes=\"(max-width: 1024px) 100vw, 1024px\" \/><figcaption>Photo\u00a0: Siham Bouzerda<\/figcaption><\/figure>\n\n\n\n<p>Parmi les huit th\u00e8mes choisis par les participants, on retrouve, entre autres, la vie men\u00e9e dans ce territoire de Molenbeek, l&rsquo;amour, la solitude, la d\u00e9pendance aux smartphones, la mort. Beekkant constitue un fil rouge sans jamais occuper une place pr\u00e9pond\u00e9rante. Malgr\u00e9 l\u2019attachement certain que peuvent avoir les jeunes et les habitants pour leur quartier, les critiques et les d\u00e9nonciations fusent dans la parole r\u00e9colt\u00e9e.<\/p>\n\n\n\n<p>L\u2019un des probl\u00e8mes majeurs est la v\u00e9tust\u00e9 des logements qu\u2019il fallait souligner, aussi dans le but de renverser cette tendance \u00e0 toujours mettre l\u2019accent sur la violence lorsqu\u2019on \u00e9voque Molenbeek. En effet, parler des m\u00e9faits suppos\u00e9ment caus\u00e9s par les jeunes sert un dessein comme le souligne l\u2019animateur, \u00ab\u00a0<em>c\u2019est une mani\u00e8re de cacher la mis\u00e8re dans laquelle ils vivent<\/em>\u00a0\u00bb. L\u00e0 o\u00f9 les pannes d\u2019ascenseurs sont monnaies courantes, ces jeunes se tiennent droit comme des troncs, d\u00e9sormais munis d\u2019un enregistreur. Ils ont d\u00e9couvert un outil qui leur permet d\u2019exprimer un point de vue, de gagner de l\u2019assurance et de r\u00e9pondre aux adultes. C\u2019est ce que nous \u00e9voque Fatia lorsque nous lui demandons si l\u2019atelier a produit des effets dans sa vie. \u00ab<em> Beaucoup de choses ont chang\u00e9 dans ma vie,<\/em> <em>le fait que je peux m\u2019exprimer sans avoir la crainte d\u2019un jugement venant d\u2019une autre personne<\/em>\u00a0\u00bb, nous dit-elle. En \u00e9coutant Fatia, on ne peut s\u2019emp\u00eacher de penser aux propos tenus par un des ouvriers de la Rhodiaceta \u00e0 propos de sa rencontre, peu avant Mai 68, avec Pol C\u00e8be (militant CGT, membre du Parti Communiste Fran\u00e7ais et charg\u00e9 de la commission culturelle) qui cr\u00e9a au sein de l\u2019usine un lieu d\u00e9di\u00e9 \u00e0 l\u2019\u00e9ducation populaire. Gr\u00e2ce \u00e0 son engagement pour une \u00e9mancipation des ouvriers par la culture et \u00e0 son travail d\u2019<em>agit-prop<\/em>, il lib\u00e9ra la parole de ceux-ci, comme racont\u00e9 dans ce passage :<\/p>\n\n\n\n<blockquote class=\"wp-block-quote is-layout-flow wp-block-quote-is-layout-flow\"><p>\u00ab Il nous a lib\u00e9r\u00e9s de notre trouille \u00e9norme, (&#8230;). Auparavant, combien d\u2019entre nous ne s\u2019\u00e9taient-ils pas sentis frein\u00e9s dans l\u2019expression simplement parce qu\u2019ils avaient peur, non pas de dire des b\u00eatises, mais de mal s\u2019exprimer ? Quand tu poss\u00e8des les mots, que tu peux dire les choses justement, l\u2019autre en face \u00e0 beau parler comme un livre, il ne peut plus te d\u00e9stabiliser<sup><a href=\"#sdfootnote1sym\"><sup>1<\/sup><\/a><\/sup> \u00bb.<\/p><\/blockquote>\n\n\n\n<p>La d\u00e9marche du groupe <em>A l\u2019Ouest<\/em> a, par ailleurs, s\u00e9duit le Paris Podcast Festival qui a s\u00e9lectionn\u00e9 un des \u00e9pisodes les plus touchants et intimes de la s\u00e9rie, \u00ab&nbsp;La mort&nbsp;\u00bb, lors de leur derni\u00e8re \u00e9dition, en octobre 2020. Mais le plus important \u00e0 nos yeux, c\u2019est la d\u00e9couverte par ce groupe d\u2019un outil pour r\u00e9investir le territoire, s\u2019ancrer localement et y mener des luttes.<\/p>\n\n\n\n<figure class=\"wp-block-image size-large is-resized\"><img decoding=\"async\" src=\"https:\/\/www.gsara.be\/causestoujours\/wp-content\/uploads\/2020\/11\/IMG_0051-1024x683.jpg\" alt=\"\" class=\"wp-image-3597\" width=\"700\" srcset=\"https:\/\/www.causestoujours.be\/wp-content\/uploads\/2020\/11\/IMG_0051-1024x683.jpg 1024w, https:\/\/www.causestoujours.be\/wp-content\/uploads\/2020\/11\/IMG_0051-300x200.jpg 300w, https:\/\/www.causestoujours.be\/wp-content\/uploads\/2020\/11\/IMG_0051-768x512.jpg 768w, https:\/\/www.causestoujours.be\/wp-content\/uploads\/2020\/11\/IMG_0051-600x400.jpg 600w, https:\/\/www.causestoujours.be\/wp-content\/uploads\/2020\/11\/IMG_0051-1536x1024.jpg 1536w, https:\/\/www.causestoujours.be\/wp-content\/uploads\/2020\/11\/IMG_0051-2048x1365.jpg 2048w, https:\/\/www.causestoujours.be\/wp-content\/uploads\/2020\/11\/IMG_0051-210x140.jpg 210w\" sizes=\"(max-width: 1024px) 100vw, 1024px\" \/><figcaption>Photo\u00a0: Siham Bouzerda<\/figcaption><\/figure>\n\n\n\n<p>Cette d\u00e9marche nous fait penser \u00e0 celle que promeut la politologue et militante fran\u00e7aise Fatima Ouassak, habitante de Bagnolet en Seine-Saint-Denis, cofondatrice du Front de m\u00e8res, premier syndicat de parents d&rsquo;\u00e9l\u00e8ves des quartiers populaires et autrice de <em>La puissance des m\u00e8res. Pour un nouveau sujet r\u00e9volutionnaire<\/em><sup><em><a href=\"#sdfootnote2sym\"><sup>2<\/sup><\/a><\/em><\/sup><em>. <\/em>Ouassak appelle les habitants des quartiers \u00e0 agir au niveau local et sur leur territoire de vie car comme elle le souligne, \u00ab&nbsp;il faut lutter contre l\u2019assignation \u00e0 r\u00e9sidence, ne pas se laisser \u00e9touffer chez nous, lutter pour des services publics non r\u00e9pressifs, contre la fermeture ou la privatisation des centres sociaux, y mener des d\u00e9marches d\u2019\u00e9ducation populaire, des projets de transmission<sup><a href=\"#sdfootnote3sym\"><sup>3<\/sup><\/a><\/sup>&nbsp;\u00bb. Ouassak insiste sur l\u2019importance des initiatives d\u2019\u00e9ducation populaire afin d\u2019\u00e9viter, notamment, la surconsommation d\u2019\u00e9crans chez les enfants des quartiers rel\u00e9gu\u00e9s et qui sont les plus touch\u00e9s parmi la population&nbsp;: \u00ab&nbsp;L\u2019enjeu est tr\u00e8s important quand on sait que ce sont les enfants des classes populaires qui consomment le plus d\u2019\u00e9crans, et que les pouvoirs publics, par exemple en Seine-Saint-Denis, ont lanc\u00e9 une v\u00e9ritable offensive qui tend \u00e0 assigner encore davantage nos enfants devant des tablettes, notamment \u00e0 l\u2019\u00e9cole, et contribue ainsi \u00e0 les couper du monde r\u00e9el<sup><a href=\"#sdfootnote4sym\"><sup>4<\/sup><\/a><\/sup>&nbsp;\u00bb. Enfin, la militante de Bagnolet appelle \u00e0 une d\u00e9r\u00e9sidentialisation, une d\u00e9compartimentation et une d\u00e9s\u00e9gr\u00e9gation des quartiers.<\/p>\n\n\n\n<p>On observe que le projet radiophonique <em>A l\u2019Ouest<\/em> d\u00e9fend pleinement cette puissance d\u2019agir, d\u2019auto-organisation et de r\u00e9investissement de l\u2019espace public souhait\u00e9e par Ouassak. A 11 ans, Dounia veut conscientiser les esprits \u00e0 travers le podcast. \u00ab\u00a0<em>Un truc dont il faudrait parler plus c\u2019est le racisme et l\u2019injustice\u00a0! <\/em>\u00bb r\u00e9torque-elle lorsque nous lui demandons les prochains sujets qu\u2019elle souhaite aborder au sein de l\u2019atelier radio. Et la saison 2, qui a d\u00e9marr\u00e9 d\u00e9but septembre 2020 entend approfondir cette dimension. Cette fois-ci, le groupe va au-del\u00e0 des portraits sur Beekkant et se saisit d\u00e9sormais de l\u2019outil radio pour mener une enqu\u00eate. Souhaila a soudainement \u00e9t\u00e9 \u00e9vinc\u00e9e de son poste d\u2019assistante sociale par le logement molenbeekois. Sans doute parce qu\u2019elle \u00e9tait un peu trop impliqu\u00e9e dans la d\u00e9fense des droits des locataires. Les habitants sont, quant \u00e0 eux, fermement oppos\u00e9s \u00e0 cette d\u00e9cision et les participants de l\u2019atelier entendent lutter contre cette injustice et la d\u00e9noncer aupr\u00e8s de la Ministre du logement et du D\u00e9l\u00e9gu\u00e9 g\u00e9n\u00e9ral de la Communaut\u00e9 fran\u00e7aise aux droits de l&rsquo;enfant. Thibault se r\u00e9jouit de cette \u00e9volution au sein du groupe. Il observe que \u00ab\u00a0<em>les participants de l&rsquo;atelier comprennent qu&rsquo;ils ont un pouvoir d&rsquo;action gr\u00e2ce \u00e0 ce podcast. C&rsquo;est pour cette raison qu&rsquo;ils ont voulu, pour cette saison 2, utiliser la radio pour d\u00e9noncer une situation qui est une violence institutionnelle pour eux<\/em>\u00a0\u00bb. Et, il se pourrait m\u00eame qu\u2019ils gagnent\u00a0! Affaire \u00e0 suivre\u2026<br><br>Pr\u00eatons l\u2019oreille\u00a0!<\/p>\n\n\n\n<p><strong>Aur\u00e9lie Ghalim<\/strong><\/p>\n\n\n\n<p><em>A l&rsquo;Ouest Podcast<\/em> fait r\u00e9sonner les voix des habitants des deux tours de Beekkant, quartier situ\u00e9 \u00e0 l&rsquo;ouest de Bruxelles. Arpentant les couloirs o\u00f9 les ascenseurs sont toujours en panne, les jeunes qui y vivent nous donnent \u00e0 entendre l&rsquo;humanit\u00e9, la mis\u00e8re, les espoirs, les joies et les inqui\u00e9tudes des r\u00e9sidents de la cit\u00e9.<\/p>\n\n\n\n<p><strong>Retrouvez les 8 \u00e9pisodes de la saison 1 sur\u00a0<a href=\"https:\/\/open.spotify.com\/show\/7GSON80IOOlI9sEe0wRaE7\">Spotify<\/a>,\u00a0<a href=\"https:\/\/podcasts.google.com\/feed\/aHR0cHM6Ly9hbmNob3IuZm0vcy8xODI1MGE3Yy9wb2RjYXN0L3Jzcw==\">Google podcast<\/a>,\u00a0<a href=\"https:\/\/vimeo.com\/showcase\/6681652\">Vimeo<\/a> ou <a href=\"https:\/\/podcasts.apple.com\/...\/a-louest-podcast\/id1504868114\">Apple podcast<\/a><\/strong><\/p>\n\n\n\n<figure class=\"wp-block-embed-vimeo wp-block-embed is-type-video is-provider-vimeo wp-embed-aspect-16-9 wp-has-aspect-ratio\"><div class=\"wp-block-embed__wrapper\">\n<iframe loading=\"lazy\" title=\"A l&#039;ouest podcast S01E01 : vivre &amp;agrave; Beekkant\" src=\"https:\/\/player.vimeo.com\/video\/381186174?dnt=1&amp;app_id=122963\" width=\"720\" height=\"405\" frameborder=\"0\" allow=\"autoplay; fullscreen\" allowfullscreen><\/iframe>\n<\/div><\/figure>\n\n\n\n<p><a href=\"#sdfootnote1anc\">1<\/a>Allan Popelard, \u00ab\u00a0Pol C\u00e8be et la parole ouvri\u00e8re\u00a0\u00bb in <em>Mani\u00e8re de voir. Artistes domestiqu\u00e9s ou r\u00e9volt\u00e9s\u00a0?<\/em>, Ao\u00fbt-septembre 2016, n\u00b0148, Le Monde diplomatique, Paris.<\/p>\n\n\n\n<p><a href=\"#sdfootnote2anc\">2<\/a>Fatima Ouassak \u00e9tait r\u00e9cemment invit\u00e9e \u00e0 Bruxelles par l\u2019association d\u2019Education permanente Pr\u00e9sence et Action culturelle (PAC). Son intervention film\u00e9e est \u00e0 retrouver sur leur page Facebook ainsi qu\u2019un entretien \u00e9crit sur leur site : <a href=\"https:\/\/www.pac-g.be\/analyse-4\/\">https:\/\/www.pac-g.be\/analyse-4\/<\/a><\/p>\n\n\n\n<p><a href=\"#sdfootnote3anc\">3<\/a> Fatima Ouassak, <em>La puissance des m\u00e8res. Pour un nouveau sujet <\/em>r\u00e9volutionnaire, La D\u00e9couverte, Paris, 2020, p. 230<\/p>\n\n\n\n<p><a href=\"#sdfootnote4anc\">4<\/a><em>Ibidem<\/em>, p. 231.<\/p>\n","protected":false},"excerpt":{"rendered":"<p>\u00ab Nous qui habitons vos ruines (et combien sommes-nous ?), nous qui utilisons les accidents du sol, nous qui nous plantons l\u00e0, dehors, l\u00e0 o\u00f9 \u00e7a respire, tenant droit comme des troncs, nous qui transportons les planches, nous qui ouvrons grand les yeux et les mains, nous qui sommes dans ces huttes avec eux, \u00e9coutons les enfants, la folie des enfants, dans nos mains, dans l\u2019eau, partout. \u00bb <\/p>\n","protected":false},"author":10,"featured_media":3605,"comment_status":"closed","ping_status":"open","sticky":false,"template":"","format":"standard","meta":{"footnotes":""},"categories":[4],"tags":[],"class_list":["post-3588","post","type-post","status-publish","format-standard","has-post-thumbnail","hentry","category-creation-sonore"],"_links":{"self":[{"href":"https:\/\/www.causestoujours.be\/wp-json\/wp\/v2\/posts\/3588","targetHints":{"allow":["GET"]}}],"collection":[{"href":"https:\/\/www.causestoujours.be\/wp-json\/wp\/v2\/posts"}],"about":[{"href":"https:\/\/www.causestoujours.be\/wp-json\/wp\/v2\/types\/post"}],"author":[{"embeddable":true,"href":"https:\/\/www.causestoujours.be\/wp-json\/wp\/v2\/users\/10"}],"replies":[{"embeddable":true,"href":"https:\/\/www.causestoujours.be\/wp-json\/wp\/v2\/comments?post=3588"}],"version-history":[{"count":15,"href":"https:\/\/www.causestoujours.be\/wp-json\/wp\/v2\/posts\/3588\/revisions"}],"predecessor-version":[{"id":3610,"href":"https:\/\/www.causestoujours.be\/wp-json\/wp\/v2\/posts\/3588\/revisions\/3610"}],"wp:featuredmedia":[{"embeddable":true,"href":"https:\/\/www.causestoujours.be\/wp-json\/wp\/v2\/media\/3605"}],"wp:attachment":[{"href":"https:\/\/www.causestoujours.be\/wp-json\/wp\/v2\/media?parent=3588"}],"wp:term":[{"taxonomy":"category","embeddable":true,"href":"https:\/\/www.causestoujours.be\/wp-json\/wp\/v2\/categories?post=3588"},{"taxonomy":"post_tag","embeddable":true,"href":"https:\/\/www.causestoujours.be\/wp-json\/wp\/v2\/tags?post=3588"}],"curies":[{"name":"wp","href":"https:\/\/api.w.org\/{rel}","templated":true}]}}