{"id":401,"date":"2014-09-19T14:15:17","date_gmt":"2014-09-19T14:15:17","guid":{"rendered":"https:\/\/gsara.tv\/causes\/?p=401"},"modified":"2014-11-26T17:55:27","modified_gmt":"2014-11-26T17:55:27","slug":"grande-messe-mediatique-osons-parler-decroissance-economique-demographique","status":"publish","type":"post","link":"https:\/\/www.causestoujours.be\/grande-messe-mediatique-osons-parler-decroissance-economique-demographique\/","title":{"rendered":"\u00ab La grande messe m\u00e9diatique\u00a0\u00bb : Osons parler de d\u00e9croissance \u00e9conomique et d\u00e9mographique"},"content":{"rendered":"<p><strong>\u00c9dito<\/strong><\/p>\n<p><strong>Non, les grands m\u00e9dias ne sont pas le nouveau clerg\u00e9 mais, comme dirait l&rsquo;\u00e9crivain et m\u00e9diologue Regis Debray, le nouveau pouvoir spirituel de l\u2019Occident la\u00efc incarn\u00e9 par les m\u00e9dias \u00ab\u00a0ne contraint pas, il conditionne. Il ne l\u00e9gif\u00e8re pas, il infuse. Il ne sanctionne pas, il environne. Il ne donne pas de contravention, il donne \u00e0 penser. Il agit par le mot, l\u2019image, les spectacles et les rites<sup><a id=\"ref1\" href=\"#fn1\">1<\/a><\/sup> \u00bb. Non les grands m\u00e9dias ne chassent pas les h\u00e9r\u00e9tiques et n&rsquo;engagent aucune croisade contre qui que ce soit mais guid\u00e9s et gouvern\u00e9s par les lois du march\u00e9, souvent au grand dam des journalistes, ils d\u00e9limitent le champ des pr\u00e9dications possibles et des confessions autoris\u00e9es. Est-ce le cas notamment quand il s&rsquo;agit des alternatives au capitalisme\u00a0?<\/strong><\/p>\n<p><a href=\"https:\/\/gsara.tv\/causes\/wp-content\/uploads\/2014\/09\/liberteFaisceau3.png\"><img loading=\"lazy\" decoding=\"async\" class=\"alignnone wp-image-480 size-large\" src=\"https:\/\/gsara.tv\/causes\/wp-content\/uploads\/2014\/09\/liberteFaisceau3-876x1024.png\" alt=\"liberteFaisceau3\" width=\"720\" height=\"841\" srcset=\"https:\/\/www.causestoujours.be\/wp-content\/uploads\/2014\/09\/liberteFaisceau3-876x1024.png 876w, https:\/\/www.causestoujours.be\/wp-content\/uploads\/2014\/09\/liberteFaisceau3-256x300.png 256w, https:\/\/www.causestoujours.be\/wp-content\/uploads\/2014\/09\/liberteFaisceau3-210x245.png 210w\" sizes=\"auto, (max-width: 720px) 100vw, 720px\" \/><\/a><\/p>\n<p>C&rsquo;est sur cette vaste et interpellante question que nous r\u00e9fl\u00e9chirons et d\u00e9battrons lors des \u00e9v\u00e9nements mis en place dans le cadre de la campagne de sensibilisation du GSARA. Pourquoi\u00a0? Parce qu&rsquo;une information libre, vivante, pluraliste et accessible est l&rsquo;ADN de toute d\u00e9mocratie, parce que le public se fait de plus en plus nombreux \u00e0 souhaiter d\u2019autres visions, d\u2019autres narrations, d\u2019autres \u201csons de cloches\u201d, parce que les \u00e9diteurs cherchent \u00e0 r\u00e9pondre \u00e0 une certaine d\u00e9fiance du public, parce qu&rsquo;il en va d&rsquo;une meilleure compr\u00e9hension du monde, d&rsquo;un d\u00e9cloisonnement de l&rsquo;imaginaire et d&rsquo;une appropriation des conditions du changement.<\/p>\n<p>\u00ab\u00a0On ne fait pas boire un \u00e2ne qui n\u2019a pas soif\u00a0\u00bb, r\u00e9torque Ivan Leva\u00ef, v\u00e9t\u00e9ran chez France Inter, dans le film de Pierre Carles quand on lui demande pourquoi les analyses du Monde Diplo ne sont quasi jamais reprises dans les revues de presse ou ni relay\u00e9es dans les grands m\u00e9dias. Comme si nous \u00e9tions tous des \u00e2nes qui n&rsquo;auraient justement pas soif d&rsquo;autre chose\u00a0?<\/p>\n<p>Alors, nous vous proposons de franchir la ligne rouge que peu de m\u00e9dias franchissent et d&rsquo;oser d\u00e9battre de la contestation de l\u2019ordre \u00e9tabli dans les m\u00e9dias et plus particuli\u00e8rement du dogme de l\u2019aust\u00e9rit\u00e9 et de la croissance infinie : le programme de \u00ab\u00a0La grande messe m\u00e9diatique\u00a0\u00bb sera compos\u00e9 de 3 parties\u00a0: un clip (\u00e0 titre d&rsquo;Offrande), une rencontre avec Pierre Carles (l&rsquo;Eucharistie) et un s\u00e9minaire en partenariat avec l&rsquo;ULB sur la d\u00e9croissance \u00e9conomique et d\u00e9mographique (la Communion).<\/p>\n<h1>Le clip<\/h1>\n<p>Dans le but d&rsquo;inviter au d\u00e9bat sur la question de l&rsquo;uniformisation de l&rsquo;information, nous avons r\u00e9alis\u00e9 un clip. Toute ressemblance avec des clips existants ou ayant exist\u00e9s ne saurait \u00eatre que&#8230; pr\u00e9m\u00e9dit\u00e9e. Le clip du GSARA s&rsquo;est en effet volontairement inspir\u00e9 du clip de sensibilisation de la F\u00e9d\u00e9ration Wallonie-Bruxelles (<a href=\"https:\/\/www.surveillezlatele.be\/\">www.surveillezlatele.be<\/a>) dans le but de prolonger la r\u00e9flexion.<\/p>\n<div class=\"videoWrapper\">\n<iframe loading=\"lazy\" src=\"\/\/player.vimeo.com\/video\/106801667?color=ffffff\" width=\"\" height=\"\" frameborder=\"0\" webkitallowfullscreen mozallowfullscreen allowfullscreen><\/iframe> <\/p>\n<p><a href=\"https:\/\/vimeo.com\/106801667\">La grande messe m\u00e9diatique<\/a> from <a href=\"https:\/\/vimeo.com\/user7842091\">GSARA asbl<\/a> on <a href=\"https:\/\/vimeo.com\">Vimeo<\/a>.<\/p>\n<\/div>\n<h1><\/h1>\n<h1>Le nouveau film de Pierre Carles en Avant-Premi\u00e8re en Belgique\u00a0!<\/h1>\n<p>Connu pour \u00eatre un pourfendeur des m\u00e9dias dominants, Pierre Carles (r\u00e9alisateur de nombreux documentaires dont <em>Pas vu pas pris<\/em>, <em>Enfin pris ?<\/em>, <em>La sociologie est un sport de comba<\/em>t, <em>Fin de concession<\/em>,&#8230;) viendra pr\u00e9senter son nouveau film <em>Op\u00e9ration Correa<\/em> <em>(1\u00b0 partie) : les \u00e2nes ont soif. <\/em><\/p>\n<p><span style=\"text-decoration: underline;\">LE MERCREDI 29 OCTOBRE (19 h \u2013 22h) \u00e0 IHECS<\/span><\/p>\n<p><a href=\"https:\/\/gsara.tv\/causes\/wp-content\/uploads\/2014\/09\/ob_e0c116_les-anes-ont-soif-4.jpg\"><img loading=\"lazy\" decoding=\"async\" class=\"alignnone size-full wp-image-570\" src=\"https:\/\/gsara.tv\/causes\/wp-content\/uploads\/2014\/09\/ob_e0c116_les-anes-ont-soif-4.jpg\" alt=\"ob_e0c116_les-anes-ont-soif-4\" width=\"700\" height=\"394\" srcset=\"https:\/\/www.causestoujours.be\/wp-content\/uploads\/2014\/09\/ob_e0c116_les-anes-ont-soif-4.jpg 700w, https:\/\/www.causestoujours.be\/wp-content\/uploads\/2014\/09\/ob_e0c116_les-anes-ont-soif-4-300x168.jpg 300w, https:\/\/www.causestoujours.be\/wp-content\/uploads\/2014\/09\/ob_e0c116_les-anes-ont-soif-4-210x118.jpg 210w\" sizes=\"auto, (max-width: 700px) 100vw, 700px\" \/><\/a><\/p>\n<p>La visite en France d\u2019un champion de la croissance \u00e9conomique passe rarement inaper\u00e7ue mais peu de grands m\u00e9dias fran\u00e7ais &#8211; \u00e0 l\u2019exception du Monde diplomatique et de quelques journaux de presse \u00e9crite &#8211; n\u2019ont pr\u00eat\u00e9 attention \u00e0 la visite du pr\u00e9sident \u00e9quatorien Rafael Correa le 6 novembre 2013 \u00e0 la Sorbonne pour d\u00e9crire le mod\u00e8le \u00e9conomique en train de s\u2019inventer dans son pays, en rupture avec le dogme de l\u2019aust\u00e9rit\u00e9 et de l\u2019inf\u00e9odation \u00e0 la finance auquel les dirigeants europ\u00e9ens veulent condamner leurs ouailles. Pierre Carles et son \u00e9quipe poursuivent leur critique radicale des m\u00e9dias et se proposent d\u2019explorer la question du traitement de l\u2019h\u00e9r\u00e9sie \u00e9quatorienne dans la presse fran\u00e7aise. Il s\u2019agira bien s\u00fbr de confronter la chefferie \u00e9ditoriale \u00e0 ses choix id\u00e9ologiques.<\/p>\n<p><a href=\"https:\/\/www.cp-productions.fr\/spip.php?article161\">Pour en savoir plus et voir la bande annonce<\/a><\/p>\n<p>La projection sera suivie d&rsquo;un d\u00e9bat avec les r\u00e9dacteurs en chef de grands m\u00e9dias belges.<br \/>\nPlus d&rsquo;infos \u00e0 venir&#8230;<\/p>\n<p>Soir\u00e9e organis\u00e9e en collaboration avec l\u2019\u00c9cole de Journalisme IHECS.<\/p>\n<h1><strong><br \/>\n<\/strong>\u00ab Penser les d\u00e9croissances : une question qui d\u00e9range \u00bb\u00a0?<\/h1>\n<p>La croissance compterait-elle parmi les dogmes et l&rsquo;orthodoxie m\u00e9diatique\u00a0? Nous donnerons ainsi la parole aux d\u00e9croissants pendant 4 soirs du mois de novembre. Que nous soyons d&rsquo;accord ou pas avec eux, il est bon d&rsquo;oser d\u00e9battre sereinement et sans d\u00e9magogie de la question de la d\u00e9croissance \u00e9conomique et de la d\u00e9croissance d\u00e9mographique.<\/p>\n<p><a href=\"https:\/\/gsara.tv\/causes\/wp-content\/uploads\/2014\/09\/decroissance1.png\"><img loading=\"lazy\" decoding=\"async\" class=\"alignnone size-full wp-image-548\" src=\"https:\/\/gsara.tv\/causes\/wp-content\/uploads\/2014\/09\/decroissance1.png\" alt=\"decroissance\" width=\"465\" height=\"400\" srcset=\"https:\/\/www.causestoujours.be\/wp-content\/uploads\/2014\/09\/decroissance1.png 465w, https:\/\/www.causestoujours.be\/wp-content\/uploads\/2014\/09\/decroissance1-300x258.png 300w, https:\/\/www.causestoujours.be\/wp-content\/uploads\/2014\/09\/decroissance1-210x180.png 210w\" sizes=\"auto, (max-width: 465px) 100vw, 465px\" \/><\/a><\/p>\n<p>Un cycle de conf\u00e9rences qui se pr\u00e9pare en collaboration avec la Facult\u00e9 des Sciences de l&rsquo;ULB (L\u2019institut de Gestion de l&rsquo;Environnement et d&rsquo;Am\u00e9nagement du Territoire &#8211; IGEAT)<\/p>\n<p>Jeudi 6 novembre (19h-22h) &gt; Pour une soci\u00e9t\u00e9 de d\u00e9croissance<br \/>\nJeudi 13 novembre (19h-22h) &gt; Sommes-nous trop nombreux sur terre ?<br \/>\nMercredi 19 novembre (19h-22h) &gt; Activisme &amp; R\u00e9seaux<br \/>\nJeudi 27 novembre (19h-22h) &gt; Les d\u00e9croissances : un sujet \u00ab\u00a0m\u00e9diatiquement incorrect\u00a0\u00bb\u00a0?<\/p>\n<p>En attendant ce cycle auquel vous \u00eates tous convi\u00e9s, quelques d\u00e9fenseurs de la d\u00e9croissance nous livrent dans le pr\u00e9sent dossier leur t\u00e9moignage. Alors, soyons curieux &#8211; puisqu&rsquo;on demande aux journalistes de l&rsquo;\u00eatre -, multiplions nos sources d&rsquo;information et acceptons de payer un peu pour disposer d&rsquo;une info diff\u00e9rente et de qualit\u00e9 pour sortir du pr\u00eat \u00e0 penser.<\/p>\n<p><strong>Julie Van der Kar<\/strong><\/p>\n<p><sup id=\"fn1\">1. [R\u00e9gis Debray, <em>L&#8217;emprise<\/em>, Le D\u00e9bat, Gallimard, 2000]\u21a9<\/sup><\/p>\n","protected":false},"excerpt":{"rendered":"<p>Non, les grands m\u00e9dias ne sont pas le nouveau clerg\u00e9, non les grands m\u00e9dias ne chassent pas les h\u00e9r\u00e9tiques et n\u2019engagent aucune croisade contre qui que ce soit mais guid\u00e9s et gouvern\u00e9s par les lois du march\u00e9, souvent au grand dam des journalistes, ils d\u00e9limitent le champ des pr\u00e9dications possibles et des confessions autoris\u00e9es. Est-ce le cas notamment quand il s\u2019agit des alternatives au capitalisme ? La croissance compterait-elle parmi les dogmes m\u00e9diatiques ? <\/p>\n","protected":false},"author":10,"featured_media":480,"comment_status":"closed","ping_status":"open","sticky":false,"template":"","format":"standard","meta":{"footnotes":""},"categories":[2,17],"tags":[38,34,42,28,19,41],"class_list":["post-401","post","type-post","status-publish","format-standard","has-post-thumbnail","hentry","category-dossier","category-route-decroissance","tag-decroissance","tag-decroissance-demographique","tag-decroissance-economique","tag-medias","tag-medias-dominants","tag-pierre-carles"],"_links":{"self":[{"href":"https:\/\/www.causestoujours.be\/wp-json\/wp\/v2\/posts\/401","targetHints":{"allow":["GET"]}}],"collection":[{"href":"https:\/\/www.causestoujours.be\/wp-json\/wp\/v2\/posts"}],"about":[{"href":"https:\/\/www.causestoujours.be\/wp-json\/wp\/v2\/types\/post"}],"author":[{"embeddable":true,"href":"https:\/\/www.causestoujours.be\/wp-json\/wp\/v2\/users\/10"}],"replies":[{"embeddable":true,"href":"https:\/\/www.causestoujours.be\/wp-json\/wp\/v2\/comments?post=401"}],"version-history":[{"count":46,"href":"https:\/\/www.causestoujours.be\/wp-json\/wp\/v2\/posts\/401\/revisions"}],"predecessor-version":[{"id":586,"href":"https:\/\/www.causestoujours.be\/wp-json\/wp\/v2\/posts\/401\/revisions\/586"}],"wp:featuredmedia":[{"embeddable":true,"href":"https:\/\/www.causestoujours.be\/wp-json\/wp\/v2\/media\/480"}],"wp:attachment":[{"href":"https:\/\/www.causestoujours.be\/wp-json\/wp\/v2\/media?parent=401"}],"wp:term":[{"taxonomy":"category","embeddable":true,"href":"https:\/\/www.causestoujours.be\/wp-json\/wp\/v2\/categories?post=401"},{"taxonomy":"post_tag","embeddable":true,"href":"https:\/\/www.causestoujours.be\/wp-json\/wp\/v2\/tags?post=401"}],"curies":[{"name":"wp","href":"https:\/\/api.w.org\/{rel}","templated":true}]}}