{"id":4022,"date":"2021-11-18T17:10:39","date_gmt":"2021-11-18T16:10:39","guid":{"rendered":"https:\/\/www.causestoujours.be\/?p=4022"},"modified":"2021-11-19T12:48:42","modified_gmt":"2021-11-19T11:48:42","slug":"reportage-radiophonique-en-2021-les-jurys-citoyens-sexportent","status":"publish","type":"post","link":"https:\/\/www.causestoujours.be\/reportage-radiophonique-en-2021-les-jurys-citoyens-sexportent\/","title":{"rendered":"REPORTAGE RADIOPHONIQUE\u00a0:  En 2021, les Jurys Citoyens s\u2019exportent\u00a0!"},"content":{"rendered":"\n<p>Depuis 2015, le GSARA met en place des jurys citoyens dans le cadre des festivals dont il est \u00e0 l\u2019origine&nbsp;: d\u2019abord le festival du documentaire <em><strong>Filmer \u00e0 tout prix<\/strong><\/em>, puis le festival <em>online <\/em>des r\u00e9alit\u00e9s sociales <em><strong>Coupe Circuit<\/strong><\/em>.<\/p>\n\n\n\n<p>En 2021, nous avons tent\u00e9 une nouvelle exp\u00e9rience&nbsp;: exporter notre savoir-faire et nos objectifs de citoyennet\u00e9 active, d\u2019expression culturelle et d\u2019\u00e9ducation aux m\u00e9dias vers d\u2019autres festivals de cin\u00e9ma reconnus en F\u00e9d\u00e9ration Wallonie-Bruxelles.<\/p>\n\n\n\n<p>Le document suivant retrace les grandes lignes de ces ateliers exceptionnels, entrem\u00ealant les voix de participants aux ateliers, d\u2019encadrants et de partenaires.<\/p>\n\n\n\n<p>Bonne \u00e9coute&nbsp;!<\/p>\n\n\n\n<p><\/p>\n\n\n\n<figure class=\"wp-block-audio\"><audio controls src=\"https:\/\/www.causestoujours.be\/wp-content\/uploads\/2021\/11\/EP-2021_REPORTAGE_SONORE_JURYS_CITOYENS_mix_ST_WEB_48k_24b.mp3\"><\/audio><\/figure>\n\n\n\n<p><strong>R\u00e9alisation<\/strong>&nbsp;: Olivier Grinnaert.<br><strong>Montage<\/strong>&nbsp;: Olivier Grinnaert &amp; Maxime Thomas.<br><strong>Mixage<\/strong>&nbsp;: Maxime Thomas.<\/p>\n\n\n\n<p>Lien vers l\u2019\u00e9mission sp\u00e9ciale de Radio Maritime consacr\u00e9e au jury citoyen bruxellois et \u00e0 leur rencontre avec Hans Vannetelbosch, r\u00e9alisateur de <em><strong>Beau Monde<\/strong><\/em>, le film qu\u2019ils ont prim\u00e9\u00a0: <a href=\"https:\/\/www.radiopanik.org\/emissions\/radio-maritime\/le-jury-citoyen-debrief-\/\">https:\/\/www.radiopanik.org\/emissions\/radio-maritime\/le-jury-citoyen-debrief-\/<\/a><\/p>\n\n\n\n<p>Le programme \u00ab&nbsp;Jurys Citoyens&nbsp;\u00bb est organis\u00e9 par le d\u00e9partement \u00c9ducation Permanente du GSARA asbl avec l\u2019aide de la Cellule P.C.I. de la F\u00e9d\u00e9ration Wallonie Bruxelles.<\/p>\n\n\n\n<p>Pour plus d\u2019informations, contactez Olivier Grinnaert, coordinateur en \u00e9ducation permanente, au 02.250.13.16 ou olivier.grinnaert@gsara.be<\/p>\n\n\n\n<figure class=\"wp-block-image size-large\"><img loading=\"lazy\" decoding=\"async\" width=\"1024\" height=\"684\" src=\"https:\/\/www.causestoujours.be\/wp-content\/uploads\/2021\/11\/DeSarioLuigi_22_GalaCloture_Ambiance_BD-1024x684.jpg\" alt=\"\" class=\"wp-image-4032\" srcset=\"https:\/\/www.causestoujours.be\/wp-content\/uploads\/2021\/11\/DeSarioLuigi_22_GalaCloture_Ambiance_BD-1024x684.jpg 1024w, https:\/\/www.causestoujours.be\/wp-content\/uploads\/2021\/11\/DeSarioLuigi_22_GalaCloture_Ambiance_BD-300x200.jpg 300w, https:\/\/www.causestoujours.be\/wp-content\/uploads\/2021\/11\/DeSarioLuigi_22_GalaCloture_Ambiance_BD-768x513.jpg 768w, https:\/\/www.causestoujours.be\/wp-content\/uploads\/2021\/11\/DeSarioLuigi_22_GalaCloture_Ambiance_BD-1536x1025.jpg 1536w, https:\/\/www.causestoujours.be\/wp-content\/uploads\/2021\/11\/DeSarioLuigi_22_GalaCloture_Ambiance_BD-210x140.jpg 210w, https:\/\/www.causestoujours.be\/wp-content\/uploads\/2021\/11\/DeSarioLuigi_22_GalaCloture_Ambiance_BD.jpg 2000w\" sizes=\"auto, (max-width: 1024px) 100vw, 1024px\" \/><\/figure>\n","protected":false},"excerpt":{"rendered":"<p>Depuis 2015, le GSARA met en place des jurys citoyens dans le cadre des festivals dont il est \u00e0 l\u2019origine&nbsp;: d\u2019abord le festival du documentaire Filmer \u00e0 tout prix, puis le festival online des r\u00e9alit\u00e9s sociales Coupe Circuit. En 2021,<\/p>\n","protected":false},"author":10,"featured_media":4029,"comment_status":"closed","ping_status":"open","sticky":false,"template":"","format":"standard","meta":{"footnotes":""},"categories":[4],"tags":[],"class_list":["post-4022","post","type-post","status-publish","format-standard","has-post-thumbnail","hentry","category-creation-sonore"],"_links":{"self":[{"href":"https:\/\/www.causestoujours.be\/wp-json\/wp\/v2\/posts\/4022","targetHints":{"allow":["GET"]}}],"collection":[{"href":"https:\/\/www.causestoujours.be\/wp-json\/wp\/v2\/posts"}],"about":[{"href":"https:\/\/www.causestoujours.be\/wp-json\/wp\/v2\/types\/post"}],"author":[{"embeddable":true,"href":"https:\/\/www.causestoujours.be\/wp-json\/wp\/v2\/users\/10"}],"replies":[{"embeddable":true,"href":"https:\/\/www.causestoujours.be\/wp-json\/wp\/v2\/comments?post=4022"}],"version-history":[{"count":9,"href":"https:\/\/www.causestoujours.be\/wp-json\/wp\/v2\/posts\/4022\/revisions"}],"predecessor-version":[{"id":4053,"href":"https:\/\/www.causestoujours.be\/wp-json\/wp\/v2\/posts\/4022\/revisions\/4053"}],"wp:featuredmedia":[{"embeddable":true,"href":"https:\/\/www.causestoujours.be\/wp-json\/wp\/v2\/media\/4029"}],"wp:attachment":[{"href":"https:\/\/www.causestoujours.be\/wp-json\/wp\/v2\/media?parent=4022"}],"wp:term":[{"taxonomy":"category","embeddable":true,"href":"https:\/\/www.causestoujours.be\/wp-json\/wp\/v2\/categories?post=4022"},{"taxonomy":"post_tag","embeddable":true,"href":"https:\/\/www.causestoujours.be\/wp-json\/wp\/v2\/tags?post=4022"}],"curies":[{"name":"wp","href":"https:\/\/api.w.org\/{rel}","templated":true}]}}