{"id":403,"date":"2014-09-19T14:14:45","date_gmt":"2014-09-19T14:14:45","guid":{"rendered":"https:\/\/gsara.tv\/causes\/?p=403"},"modified":"2014-09-25T09:52:15","modified_gmt":"2014-09-25T09:52:15","slug":"sommes-trop-nombreux-terre-sujet-tabou","status":"publish","type":"post","link":"https:\/\/www.causestoujours.be\/sommes-trop-nombreux-terre-sujet-tabou\/","title":{"rendered":"Sommes-nous trop nombreux sur Terre ? Un sujet tabou ?"},"content":{"rendered":"<p><a href=\"https:\/\/www.demographie-responsable.org\/surpopulation\/demographie\/un-sujet-tabou.html\"><strong>\u00c9l\u00e9ments d&rsquo;explication par D\u00e9mographie Responsable<\/strong><\/a><\/p>\n<p><em>*L&rsquo;opinion exprim\u00e9e dans cet article n&rsquo;engage que son auteur. <\/em><\/p>\n<p><strong>D\u00e9mographie responsable est une association qui, en incitant \u00e0 l&rsquo;autolimitation de la natalit\u00e9, a pour objet d\u2019\u0153uvrer pour la stabilisation, voire la diminution, de la population humaine. Excluant tout ce qui ne respecterait pas les droits humains ou qui remettrait en cause la libert\u00e9 de procr\u00e9er, notre d\u00e9marche passe par une bonne information de chacun(e) sur les cons\u00e9quences de la pression d\u00e9mographique pour les g\u00e9n\u00e9rations futures, les autres esp\u00e8ces et l&rsquo;environnement.<\/strong><\/p>\n<div id=\"attachment_550\" style=\"width: 650px\" class=\"wp-caption alignnone\"><a href=\"https:\/\/gsara.tv\/causes\/wp-content\/uploads\/2014\/09\/613445810_2249c2d193_z.jpg\"><img loading=\"lazy\" decoding=\"async\" aria-describedby=\"caption-attachment-550\" class=\"wp-image-550 size-full\" src=\"https:\/\/gsara.tv\/causes\/wp-content\/uploads\/2014\/09\/613445810_2249c2d193_z.jpg\" alt=\"\" width=\"640\" height=\"413\" srcset=\"https:\/\/www.causestoujours.be\/wp-content\/uploads\/2014\/09\/613445810_2249c2d193_z.jpg 640w, https:\/\/www.causestoujours.be\/wp-content\/uploads\/2014\/09\/613445810_2249c2d193_z-300x193.jpg 300w, https:\/\/www.causestoujours.be\/wp-content\/uploads\/2014\/09\/613445810_2249c2d193_z-210x135.jpg 210w\" sizes=\"auto, (max-width: 640px) 100vw, 640px\" \/><\/a><p id=\"caption-attachment-550\" class=\"wp-caption-text\">\u00ab\u00a0<a href=\"https:\/\/www.flickr.com\/photos\/jamescridland\/613445810\/in\/photolist-Wd54U-dsdahS-gUBMcM-3f5S7L-4Tp1b6-aAz1sY-cj7UtG-fqYHiD-8UA5Aj-7R7UCh-y8jPx-fj7QJA-ouoWbt-6TDgWh-eFPpGQ-77iuHG-89yJzH-5ZtZ25-6uVu7o-6TzfQr-8sAs3y-6hu5TG-8LtkYY-8SMjyP-4gdf8z-8ug4YH-E8GbG-c4yN2E-8SPDA7-8NXf7r-7cLhms-5GLURU-f515iy-9gCR9C-b5g9H4-b5g9H8-6nsJk-xDUZ-j2GGh-dejbvi-8ujaDm-omotpW-8qdbin-7RGsFb-5wfxoh-3SJGru-Pwr3g-bASjEL-b67MWp-8qgmCA\">Crowd<\/a>\u00a0\u00bb by <a href=\"https:\/\/www.flickr.com\/photos\/jamescridland\/\"> James Cridland <\/a> is licensed under <a href=\"https:\/\/creativecommons.org\/licenses\/by-sa\/2.0\/#\/\">CC BY 2.0<\/a><\/p><\/div>\n<p><strong>Un sujet tabou<\/strong><\/p>\n<p>Lorsque nous assistons dans plusieurs r\u00e9gions de la plan\u00e8te \u00e0 des \u00e9meutes de la faim, aucune personnalit\u00e9, aucun commentateur ne sous-entend qu\u2019il y a peut-\u00eatre un trop grand nombre d\u2019humains \u00e0 nourrir et que cela ne va cesser d\u2019empirer.<\/p>\n<p>Alors qu\u2019on devrait s\u2019interroger sur les raisons qui poussent la Chine, repr\u00e9sentant \u00e0 elle seule pr\u00e8s du cinqui\u00e8me de la population de la plan\u00e8te, \u00e0 avoir une politique aussi drastique de contr\u00f4le des naissances, les m\u00e9dias \u00e9ludent la question en laissant supposer que c\u2019est uniquement parce qu\u2019on \u00e0 affaire a un r\u00e9gime particuli\u00e8rement autoritaire.<\/p>\n<p>Ces deux exemples choisis parmi tant d\u2019autres illustrent le fait qu\u2019une part importante de nos \u00e9lites \u00e9vite de parler de ce sujet par trop d\u00e9licat.<\/p>\n<p>Mais pour quelles raisons le mutisme est-il de rigueur?<\/p>\n<p><strong>L\u2019influence des religions<\/strong><\/p>\n<p>Pour la religion catholique \u00a0\u00bb Dieu cr\u00e9a l\u2019homme \u00e0 son image, \u00e0 l\u2019image de Dieu il le cr\u00e9a, homme et femme il les cr\u00e9a \u00a0\u00bb (Gen\u00e8se 1, 27). En donnant d\u00e8s le d\u00e9part \u00e0 l\u2019humain un statut aussi \u00e9lev\u00e9, le catholicisme ne pouvait \u00eatre que nataliste: \u00ab\u00a0Soyez f\u00e9conds et multipliez-vous, remplissez la terre et soumettez la ; ayez autorit\u00e9 sur les poissons de la mer et sur les oiseaux des cieux, sur tout ce qui est vivant et qui remue sur la terre (Gen\u00e8se 1,28) \u00ab\u00a0. Tout un programme\u2026<\/p>\n<p>La procr\u00e9ation \u00e9tant sacralis\u00e9e, l\u2019avortement \u00e9videmment mais m\u00eame la simple gestion des naissances au niveau de la cellule familiale (pilule, pr\u00e9servatifs\u2026) sont prohib\u00e9s. Avec une telle doctrine, la population peut ainsi cro\u00eetre ind\u00e9finiment\u2026<\/p>\n<p>Pour la religion musulmane, bien qu\u2019elle commande \u00e0 ses fid\u00e8les: \u00a0\u00bb Mariez-vous avec une femme qui vous aime et qui enfante : car je serai fier de votre multitude le jour du jugement\u00a0\u00bb, il faut reconna\u00eetre qu\u2019elle leur laisse n\u00e9anmoins le droit de ma\u00eetriser leur f\u00e9condit\u00e9 \u00e0 condition toutefois que cela soit fait dans le cadre, assez restrictif, de l&rsquo;\u00e9thique musulmane.<\/p>\n<p>Finalement, quoique l\u2019Islam soit plus nuanc\u00e9, les deux religions s\u2019accordent cependant pour inciter \u00e0 la natalit\u00e9. En cons\u00e9quence, lorsqu\u2019on critique la croissance d\u00e9mographique, on se retrouve confront\u00e9 aux croyants, mais \u00e9galement aux non-croyants encore impr\u00e9gn\u00e9s de la part d\u2019h\u00e9ritage culturel religieux pr\u00e9sente dans nos valeurs communes.<\/p>\n<p><strong>L\u2019influence des courants politiques<\/strong><\/p>\n<p>&#8211; Pour la droite \u00ab\u00a0extr\u00eame\u00a0\u00bb, un pays n\u2019est puissant que s\u2019il poss\u00e8de une forte d\u00e9mographie, un surplus de naissances fournissant aux arm\u00e9es le contingent de soldats indispensable \u00e0 une politique expansionniste. Si cette approche est abandonn\u00e9e de nos jours en Europe, elle n\u2019a pas pour autant disparu de la t\u00eate de certains dirigeants d\u2019autres pays\u2026<\/p>\n<p>Assez proche du pr\u00e9c\u00e9dent, il existe un courant qui, conscient du probl\u00e8me de la surpopulation, encourage une course suicidaire \u00e0 la natalit\u00e9 occidentale blanche pour contrer celle des pays du sud.<\/p>\n<p>&#8211; Pour les lib\u00e9raux de droite et les sociaux-lib\u00e9raux de gauche qui ont en commun d\u2019adh\u00e9rer au capitalisme marchand, la croissance d\u00e9mographique est une bonne chose car elle est suivie d\u2019une augmentation de la consommation et finalement aide \u00e0 maintenir la croissance \u00e9conomique. Cette \u00e9lite politique et patronale, de loin la plus nombreuse et la plus influente au sein des partis de gouvernement, parfois m\u00eame regroup\u00e9e en lobbies et ayant un acc\u00e8s privil\u00e9gi\u00e9 aux m\u00e9dias encourage donc le syst\u00e8me nataliste des allocations familiales.<\/p>\n<p>&#8211; Pour la gauche anti-lib\u00e9rale, encore berc\u00e9e par l\u2019illusion du grand soir, il est hors de question d\u2019imposer aux masses laborieuses une quelconque restriction de leur droit \u00e0 la procr\u00e9ation. Au fil du si\u00e8cle dernier, on est ainsi pass\u00e9 de la constitution d\u2019une \u00ab\u00a0arm\u00e9e des travailleurs\u00a0\u00bb \u00e0 celle d\u2019une client\u00e8le d\u2019\u00e9lecteurs. Il est d\u2019ailleurs int\u00e9ressant de remarquer que cette strat\u00e9gie ne fonctionne pas si bien puisque depuis une vingtaine d\u2019ann\u00e9es, les ouvriers ne votent plus particuli\u00e8rement \u00e0 gauche\u2026<\/p>\n<p>&#8211; Pour de nombreux \u00e9cologistes, le r\u00e9chauffement climatique ayant \u00e9t\u00e9 provoqu\u00e9 par les pays riches, la surpopulation n\u2019est pas en cause et la seule urgence est de faire baisser le niveau de consommation et de pollution. Ils n\u2019ont malheureusement pas encore compris que d\u2019une part les occidentaux ne vont pas franchement se serrer la ceinture et que d\u2019autre part, les habitants du sud voulant l\u00e9gitimement acc\u00e9der au niveau de vie de ceux du nord, les probl\u00e8mes environnementaux vont immanquablement s\u2019aggraver.<\/p>\n<p>&#8211; Pour beaucoup de \u00ab\u00a0tiers-mondistes\u00a0\u00bb (mais pas uniquement pour eux) tenter d\u2019agir sur la forte croissance d\u00e9mographique du sud s\u2019apparente \u00e0 du n\u00e9o-colonialisme. Charg\u00e9s d\u2019un lourd fardeau de mauvaise conscience, \u00e0 cause d\u2019un passif colonial bien r\u00e9el, ils s\u2019interdisent ce genre de d\u00e9marche. Il n\u2019est pas non plus d\u00e9fendu de penser que ce courant nourrit inconsciemment l&rsquo;espoir secret que la \u00ab\u00a0troupe des affam\u00e9s\u00a0\u00bb d\u00e9barrassera un jour la plan\u00e8te de ses oppresseurs.<\/p>\n<p>Chair \u00e0 canon, foule de consommateurs, arm\u00e9e de prol\u00e9taires, client\u00e8le d\u2019\u00e9lecteurs ou horde d\u2019affam\u00e9s, en r\u00e9alit\u00e9 sous couvert de libert\u00e9 individuelle, dans de nombreux cas on assiste encore \u00e0 une v\u00e9ritable instrumentalisation de la natalit\u00e9.<\/p>\n<p><strong>L\u2019influence de la pens\u00e9e humaniste<\/strong><\/p>\n<p>Lorsqu\u2019on aborde le sujet de la limitation volontaire des naissances, on se heurte \u00e0 la crainte de la remise en cause d\u2019une libert\u00e9 fondamentale de l\u2019humain: le droit \u00e0 la procr\u00e9ation et m\u00eame si ce n\u2019est absolument pas le cas, les plus ardents d\u00e9fenseurs des \u00ab\u00a0droits de la personne\u00a0\u00bb montent instinctivement au cr\u00e9neau. Mais plus profond\u00e9ment, en proposant de stopper sa croissance on d\u00e9sacralise l\u2019\u00eatre humain. Cela est tr\u00e8s dur \u00e0 supporter pour les humanistes qui ont une confiance absolue dans le \u00ab\u00a0g\u00e9nie\u00a0\u00bb de notre esp\u00e8ce.<\/p>\n<p><strong>Quelle issue ?<\/strong><\/p>\n<p>La longue liste des forces oppos\u00e9es \u00e0 toute r\u00e9gulation des naissances montre que la \u00ab\u00a0d\u00e9mographie responsable\u00a0\u00bb a fort \u00e0 faire. Heureusement c\u2019est le peuple et non les partis politiques qui constitue le fondement de notre d\u00e9mocratie. Et on peut raisonnablement penser qu\u2019avec l\u2019ouverture d\u2019un v\u00e9ritable d\u00e9bat sur le sujet, la population, sensible aux arguments de bon sens et de pr\u00e9caution, saura r\u00e9pondre \u00e0 la question suivante: peut-on cro\u00eetre ind\u00e9finiment dans un monde fini ?<\/p>\n<p>Plus d&rsquo;infos\u00a0: <a href=\"www.demographie-responsable.org\/\">www.demographie-responsable.org\/<\/a><\/p>\n","protected":false},"excerpt":{"rendered":"<p>D\u00e9mographie responsable est une association qui, en incitant \u00e0 l&rsquo;autolimitation de la natalit\u00e9, a pour objet d\u2019\u0153uvrer pour la stabilisation, voire la diminution, de la population humaine. Excluant tout ce qui ne respecterait pas les droits humains ou qui remettrait en cause la libert\u00e9 de procr\u00e9er, notre d\u00e9marche passe par une bonne information de chacun(e) sur les cons\u00e9quences de la pression d\u00e9mographique pour les g\u00e9n\u00e9rations futures, les autres esp\u00e8ces et l&rsquo;environnement. <\/p>\n","protected":false},"author":10,"featured_media":531,"comment_status":"closed","ping_status":"open","sticky":false,"template":"","format":"standard","meta":{"footnotes":""},"categories":[2,17],"tags":[38,34,43,64],"class_list":["post-403","post","type-post","status-publish","format-standard","has-post-thumbnail","hentry","category-dossier","category-route-decroissance","tag-decroissance","tag-decroissance-demographique","tag-demographie-responsable","tag-denatalite"],"_links":{"self":[{"href":"https:\/\/www.causestoujours.be\/wp-json\/wp\/v2\/posts\/403","targetHints":{"allow":["GET"]}}],"collection":[{"href":"https:\/\/www.causestoujours.be\/wp-json\/wp\/v2\/posts"}],"about":[{"href":"https:\/\/www.causestoujours.be\/wp-json\/wp\/v2\/types\/post"}],"author":[{"embeddable":true,"href":"https:\/\/www.causestoujours.be\/wp-json\/wp\/v2\/users\/10"}],"replies":[{"embeddable":true,"href":"https:\/\/www.causestoujours.be\/wp-json\/wp\/v2\/comments?post=403"}],"version-history":[{"count":13,"href":"https:\/\/www.causestoujours.be\/wp-json\/wp\/v2\/posts\/403\/revisions"}],"predecessor-version":[{"id":551,"href":"https:\/\/www.causestoujours.be\/wp-json\/wp\/v2\/posts\/403\/revisions\/551"}],"wp:featuredmedia":[{"embeddable":true,"href":"https:\/\/www.causestoujours.be\/wp-json\/wp\/v2\/media\/531"}],"wp:attachment":[{"href":"https:\/\/www.causestoujours.be\/wp-json\/wp\/v2\/media?parent=403"}],"wp:term":[{"taxonomy":"category","embeddable":true,"href":"https:\/\/www.causestoujours.be\/wp-json\/wp\/v2\/categories?post=403"},{"taxonomy":"post_tag","embeddable":true,"href":"https:\/\/www.causestoujours.be\/wp-json\/wp\/v2\/tags?post=403"}],"curies":[{"name":"wp","href":"https:\/\/api.w.org\/{rel}","templated":true}]}}