{"id":4056,"date":"2021-12-15T17:23:56","date_gmt":"2021-12-15T16:23:56","guid":{"rendered":"https:\/\/www.causestoujours.be\/?p=4056"},"modified":"2021-12-17T17:47:31","modified_gmt":"2021-12-17T16:47:31","slug":"dossier-filmer-le-paysage-et-composer-avec-les-vivant%c2%b7es","status":"publish","type":"post","link":"https:\/\/www.causestoujours.be\/dossier-filmer-le-paysage-et-composer-avec-les-vivant%c2%b7es\/","title":{"rendered":"Dossier \u00ab&nbsp;Filmer le paysage et composer avec les vivant\u00b7es&nbsp;\u00bb"},"content":{"rendered":"\n<p><strong>\u00c0 la fin de ce mois d&rsquo;octobre, le GSARA et le CVB ont propos\u00e9 d\u2019envisager le cin\u00e9ma documentaire comme le vecteur d&rsquo; \u00ab&nbsp;<\/strong><em><strong>un rapport renouvel\u00e9 \u00e0 la nature et au non-humain, o\u00f9 une certaine conception du paysage est remplac\u00e9e par celle d\u2019un milieu vivant et relationnel&nbsp;\u00bb<\/strong><\/em><strong> (Teresa Castro). Des r<\/strong><strong>encontres, conf\u00e9rences et projections ont altern\u00e9 afin de cerner au mieux ce que c\u2019est de \u00ab&nbsp;composer avec les vivant\u00b7es&nbsp;\u00bb. Toute la programmation, qui s&rsquo;inscrivit dans le cadre du festival \u00ab&nbsp;En ville&nbsp;!&nbsp;\u00bb, a eu lieu au NOVA et a suscit\u00e9 un vif int\u00e9r\u00eat aupr\u00e8s du public.<\/strong><\/p>\n\n\n\n<p><strong>Ainsi, nous avons pr\u00e9sent\u00e9 des films d&rsquo;Elise Florenty &amp; Marcel Turkowsky (<\/strong><strong><em>Back to 2069<\/em><\/strong><strong> + <\/strong><strong><em>Conversation with a Cactus<\/em><\/strong><strong>), de Chlo\u00e9 Malcotti (<\/strong><strong><em>Medusa<\/em><\/strong><strong>), de Lois Patino (<\/strong><strong><em>Red Moon Tide<\/em><\/strong><strong>) et de F\u00e9lix Blume (<\/strong><strong><em>Curupira, b\u00eate des bois<\/em><\/strong><strong> + <\/strong><strong><em>Luces del Desierto<\/em><\/strong><strong>). Chaque film faisait \u00e9cho \u00e0 une conf\u00e9rence ce qui permettait de prolonger la r\u00e9flexion sur un plan cin\u00e9matographique. Les r\u00e9alisateurs \u00e9taient pr\u00e9sents pour en parler. Le film <\/strong><strong><em>Medusa<\/em><\/strong><strong> de Chlo\u00e9 Malcotti, une coproduction du CBA et du GSARA, \u00e9tait projet\u00e9 en premi\u00e8re belge, en pr\u00e9sence de la r\u00e9alisatrice et de l&rsquo;\u00e9quipe.<\/strong><\/p>\n\n\n\n<p>Les conf\u00e9rences de Teresa Castro (\u00ab\u00a0R\u00e9animer la nature\u00a0\u00bb), d&rsquo;Alexis Zimmer (\u00ab\u00a0Brouillards Toxiques\u00a0\u00bb) et d&rsquo;Alexandre Galand (\u00ab\u00a0Pour une polyphonie rythmique des \u00e9changes\u00a0\u00bb) ont \u00e9t\u00e9 enregistr\u00e9es par nos soins et se trouvent dans ce dossier. Quant au quatri\u00e8me conf\u00e9rencier, Matthieu Duperrex, nous nous sommes entretenus avec lui \u00e0 propos de la \u00ab\u00a0f\u00e9ralit\u00e9\u00a0\u00bb. Vous pourrez en d\u00e9couvrir la retranscription ci-dessous.<\/p>\n\n\n\n<p><em>Ce cycle a constitu\u00e9 le cinqui\u00e8me opus de la r\u00e9sidence \u00ab&nbsp;Conversation&nbsp;\u00bb mise en place par les Ateliers de production du GSARA et du CVB.<\/em><\/p>\n\n\n\n<p><em>Image d\u2019illustration (c) Photo issue de Medusa de Chloe Malcotti<\/em><\/p>\n","protected":false},"excerpt":{"rendered":"<p>\u00c0 la fin de ce mois d&rsquo;octobre, le GSARA et le CVB ont propos\u00e9 d\u2019envisager le cin\u00e9ma documentaire comme le vecteur d&rsquo; \u00ab&nbsp;un rapport renouvel\u00e9 \u00e0 la nature et au non-humain, o\u00f9 une certaine conception du paysage est remplac\u00e9e par<\/p>\n","protected":false},"author":3,"featured_media":4065,"comment_status":"closed","ping_status":"open","sticky":false,"template":"","format":"standard","meta":{"footnotes":""},"categories":[2,201],"tags":[],"class_list":["post-4056","post","type-post","status-publish","format-standard","has-post-thumbnail","hentry","category-dossier","category-filmer-le-paysage-fake-news"],"_links":{"self":[{"href":"https:\/\/www.causestoujours.be\/wp-json\/wp\/v2\/posts\/4056","targetHints":{"allow":["GET"]}}],"collection":[{"href":"https:\/\/www.causestoujours.be\/wp-json\/wp\/v2\/posts"}],"about":[{"href":"https:\/\/www.causestoujours.be\/wp-json\/wp\/v2\/types\/post"}],"author":[{"embeddable":true,"href":"https:\/\/www.causestoujours.be\/wp-json\/wp\/v2\/users\/3"}],"replies":[{"embeddable":true,"href":"https:\/\/www.causestoujours.be\/wp-json\/wp\/v2\/comments?post=4056"}],"version-history":[{"count":4,"href":"https:\/\/www.causestoujours.be\/wp-json\/wp\/v2\/posts\/4056\/revisions"}],"predecessor-version":[{"id":4100,"href":"https:\/\/www.causestoujours.be\/wp-json\/wp\/v2\/posts\/4056\/revisions\/4100"}],"wp:featuredmedia":[{"embeddable":true,"href":"https:\/\/www.causestoujours.be\/wp-json\/wp\/v2\/media\/4065"}],"wp:attachment":[{"href":"https:\/\/www.causestoujours.be\/wp-json\/wp\/v2\/media?parent=4056"}],"wp:term":[{"taxonomy":"category","embeddable":true,"href":"https:\/\/www.causestoujours.be\/wp-json\/wp\/v2\/categories?post=4056"},{"taxonomy":"post_tag","embeddable":true,"href":"https:\/\/www.causestoujours.be\/wp-json\/wp\/v2\/tags?post=4056"}],"curies":[{"name":"wp","href":"https:\/\/api.w.org\/{rel}","templated":true}]}}