{"id":4066,"date":"2021-12-15T17:47:26","date_gmt":"2021-12-15T16:47:26","guid":{"rendered":"https:\/\/www.causestoujours.be\/?p=4066"},"modified":"2021-12-17T14:06:36","modified_gmt":"2021-12-17T13:06:36","slug":"conference-dalexandre-galand-pour-une-polyphonie-rythmique-des-echanges","status":"publish","type":"post","link":"https:\/\/www.causestoujours.be\/conference-dalexandre-galand-pour-une-polyphonie-rythmique-des-echanges\/","title":{"rendered":"<strong>Conf\u00e9rence d&rsquo;Alexandre Galand&nbsp;: \u00ab&nbsp;Pour une polyphonie rythmique des \u00e9changes&nbsp;\u00bb<\/strong>"},"content":{"rendered":"\n<p><\/p>\n\n\n\n<p>Notre \u00e9poque serait confront\u00e9e \u00e0 une \u00ab&nbsp;catastrophe de la r\u00e9sonance&nbsp;\u00bb, o\u00f9 les choses, \u00eatres et paysages seraient rendus muets suite \u00e0 l\u2019atrophie de nos attentions, imaginaires et dispositions \u00e0 consid\u00e9rer l\u2019alt\u00e9rit\u00e9. Des pratiques aident \u00e0 revivifier ce rapport au monde. Par l\u2019entra\u00eenement de l\u2019\u00e9coute qu\u2019il suppose, l\u2019enregistrement de terrain rend en effet sensible \u00e0 toute une s\u00e9rie de pr\u00e9sences, mais aussi \u00e0 des relations, des \u00e9changes et des conflits. Depuis la publication d\u2019un ouvrage de synth\u00e8se \u00e0 propos de la pratique du <em>field recording<\/em>, Alexandre Galand s\u2019interroge sur l\u2019apport de l\u2019\u00e9coute et de l\u2019enregistrement dans les \u00ab&nbsp;ruines du capitalisme&nbsp;\u00bb. Son expos\u00e9 est \u00e9maill\u00e9 de diffusions d\u2019extraits sonores.<\/p>\n\n\n\n<p>Docteur en histoire, art et arch\u00e9ologie, Alexandre Galand se passionne pour les arts se donnant le monde pour objet&nbsp;: le cin\u00e9ma documentaire, le r\u00e9cit de voyages et le <em>nature writing<\/em>, la peinture de paysage, le <em>field recording<\/em>. Il a publi\u00e9 <em>Field recording : l&rsquo;usage sonore du monde en 100 albums<\/em> aux \u00e9ditions Le Mot et le Reste (2012).<\/p>\n\n\n\n<p><\/p>\n\n\n\n<figure class=\"wp-block-embed is-type-video is-provider-vimeo wp-block-embed-vimeo wp-embed-aspect-16-9 wp-has-aspect-ratio\"><div class=\"wp-block-embed__wrapper\">\n<iframe loading=\"lazy\" src=\"https:\/\/player.vimeo.com\/video\/651973497?h=45e03b13e7&amp;dnt=1&amp;app_id=122963\" width=\"720\" height=\"405\" frameborder=\"0\" allow=\"autoplay; fullscreen; picture-in-picture\" allowfullscreen><\/iframe>\n<\/div><\/figure>\n\n\n\n<p><em><em>Enregistr\u00e9e au Cin\u00e9ma NOVA \u00e0 Bruxelles le 24 octobre 2021.<\/em><\/em><\/p>\n\n\n\n<p><em>Image d\u2019illustration (c) photo issue du film Curupira, b\u00eate des bois de F\u00e9lix Blume<\/em><\/p>\n","protected":false},"excerpt":{"rendered":"<p>Notre \u00e9poque serait confront\u00e9e \u00e0 une \u00ab&nbsp;catastrophe de la r\u00e9sonance&nbsp;\u00bb, o\u00f9 les choses, \u00eatres et paysages seraient rendus muets suite \u00e0 l\u2019atrophie de nos attentions, imaginaires et dispositions \u00e0 consid\u00e9rer l\u2019alt\u00e9rit\u00e9. Des pratiques aident \u00e0 revivifier ce rapport au monde.<\/p>\n","protected":false},"author":3,"featured_media":4067,"comment_status":"closed","ping_status":"open","sticky":false,"template":"","format":"standard","meta":{"footnotes":""},"categories":[2,201],"tags":[],"class_list":["post-4066","post","type-post","status-publish","format-standard","has-post-thumbnail","hentry","category-dossier","category-filmer-le-paysage-fake-news"],"_links":{"self":[{"href":"https:\/\/www.causestoujours.be\/wp-json\/wp\/v2\/posts\/4066","targetHints":{"allow":["GET"]}}],"collection":[{"href":"https:\/\/www.causestoujours.be\/wp-json\/wp\/v2\/posts"}],"about":[{"href":"https:\/\/www.causestoujours.be\/wp-json\/wp\/v2\/types\/post"}],"author":[{"embeddable":true,"href":"https:\/\/www.causestoujours.be\/wp-json\/wp\/v2\/users\/3"}],"replies":[{"embeddable":true,"href":"https:\/\/www.causestoujours.be\/wp-json\/wp\/v2\/comments?post=4066"}],"version-history":[{"count":7,"href":"https:\/\/www.causestoujours.be\/wp-json\/wp\/v2\/posts\/4066\/revisions"}],"predecessor-version":[{"id":4095,"href":"https:\/\/www.causestoujours.be\/wp-json\/wp\/v2\/posts\/4066\/revisions\/4095"}],"wp:featuredmedia":[{"embeddable":true,"href":"https:\/\/www.causestoujours.be\/wp-json\/wp\/v2\/media\/4067"}],"wp:attachment":[{"href":"https:\/\/www.causestoujours.be\/wp-json\/wp\/v2\/media?parent=4066"}],"wp:term":[{"taxonomy":"category","embeddable":true,"href":"https:\/\/www.causestoujours.be\/wp-json\/wp\/v2\/categories?post=4066"},{"taxonomy":"post_tag","embeddable":true,"href":"https:\/\/www.causestoujours.be\/wp-json\/wp\/v2\/tags?post=4066"}],"curies":[{"name":"wp","href":"https:\/\/api.w.org\/{rel}","templated":true}]}}