{"id":4069,"date":"2021-12-15T17:48:03","date_gmt":"2021-12-15T16:48:03","guid":{"rendered":"https:\/\/www.causestoujours.be\/?p=4069"},"modified":"2021-12-17T14:08:51","modified_gmt":"2021-12-17T13:08:51","slug":"conference-dalexis-zimmer-brouillards-toxiques","status":"publish","type":"post","link":"https:\/\/www.causestoujours.be\/conference-dalexis-zimmer-brouillards-toxiques\/","title":{"rendered":"<strong>Conf\u00e9rence d&rsquo;Alexis Zimmer&nbsp;: \u00ab&nbsp;Brouillards Toxiques&nbsp;\u00bb<\/strong>"},"content":{"rendered":"\n<p><\/p>\n\n\n\n<p>Le biologiste et philosophe des sciences, Alexis Zimmer, s\u2019int\u00e9resse aux processus de contamination des corps et des paysages dans le contexte de l\u2019Europe industrialis\u00e9e. \u00c0 la fronti\u00e8re entre histoire environnementale et de la sant\u00e9, il met en sc\u00e8ne, comme c\u2019est le cas dans son ouvrage <em>Brouillards toxiques. Vall\u00e9e de la Meuse, 1930. Contre-enqu\u00eate<\/em> (Zones sensibles, 2016), des acteurs aussi divers que le charbon, des \u00ab\u00a0experts\u00a0\u00bb, des nuages toxiques, ainsi que les humains et les b\u00eates qui en sont les victimes. Cette approche narrative de l\u2019essai rend sensible au surgissement d\u2019images, de discours instrumentalis\u00e9s, de r\u00e9sistances et de savoirs populaires.<\/p>\n\n\n\n<p>Alexis Zimmer est ma\u00eetre de conf\u00e9rences en Histoire et politique de la sant\u00e9 et de l&rsquo;environnement aux 19e et 20e si\u00e8cles \u00e0 la facult\u00e9 de m\u00e9decine de Strasbourg. Son travail \u00e9tudie l&rsquo;anthropologie et l&rsquo;histoire des relations sant\u00e9\/environnement, l&rsquo;anthropologie des microbes, la sant\u00e9 et la pollution, ainsi que les enseignements des sciences humaines et sociales en \u00e9tudes m\u00e9dicales.<\/p>\n\n\n\n<figure class=\"wp-block-embed is-type-video is-provider-vimeo wp-block-embed-vimeo wp-embed-aspect-16-9 wp-has-aspect-ratio\"><div class=\"wp-block-embed__wrapper\">\n<iframe loading=\"lazy\" src=\"https:\/\/player.vimeo.com\/video\/651994916?h=59c907d606&amp;dnt=1&amp;app_id=122963\" width=\"720\" height=\"405\" frameborder=\"0\" allow=\"autoplay; fullscreen; picture-in-picture\" allowfullscreen><\/iframe>\n<\/div><\/figure>\n\n\n\n<p><em><em>Enregistr\u00e9e au Cin\u00e9ma NOVA \u00e0 Bruxelles le 22 octobre 2021.<\/em><\/em><\/p>\n\n\n\n<p><em>Image d\u2019illustration (c) Photo issue de la conf\u00e9rence \u00ab&nbsp;Brouillards toxiques&nbsp;\u00bb d&rsquo;Alexis Zimmer<\/em><\/p>\n","protected":false},"excerpt":{"rendered":"<p>Le biologiste et philosophe des sciences, Alexis Zimmer, s\u2019int\u00e9resse aux processus de contamination des corps et des paysages dans le contexte de l\u2019Europe industrialis\u00e9e. \u00c0 la fronti\u00e8re entre histoire environnementale et de la sant\u00e9, il met en sc\u00e8ne, comme c\u2019est<\/p>\n","protected":false},"author":3,"featured_media":4071,"comment_status":"closed","ping_status":"open","sticky":false,"template":"","format":"standard","meta":{"footnotes":""},"categories":[2,201],"tags":[],"class_list":["post-4069","post","type-post","status-publish","format-standard","has-post-thumbnail","hentry","category-dossier","category-filmer-le-paysage-fake-news"],"_links":{"self":[{"href":"https:\/\/www.causestoujours.be\/wp-json\/wp\/v2\/posts\/4069","targetHints":{"allow":["GET"]}}],"collection":[{"href":"https:\/\/www.causestoujours.be\/wp-json\/wp\/v2\/posts"}],"about":[{"href":"https:\/\/www.causestoujours.be\/wp-json\/wp\/v2\/types\/post"}],"author":[{"embeddable":true,"href":"https:\/\/www.causestoujours.be\/wp-json\/wp\/v2\/users\/3"}],"replies":[{"embeddable":true,"href":"https:\/\/www.causestoujours.be\/wp-json\/wp\/v2\/comments?post=4069"}],"version-history":[{"count":4,"href":"https:\/\/www.causestoujours.be\/wp-json\/wp\/v2\/posts\/4069\/revisions"}],"predecessor-version":[{"id":4096,"href":"https:\/\/www.causestoujours.be\/wp-json\/wp\/v2\/posts\/4069\/revisions\/4096"}],"wp:featuredmedia":[{"embeddable":true,"href":"https:\/\/www.causestoujours.be\/wp-json\/wp\/v2\/media\/4071"}],"wp:attachment":[{"href":"https:\/\/www.causestoujours.be\/wp-json\/wp\/v2\/media?parent=4069"}],"wp:term":[{"taxonomy":"category","embeddable":true,"href":"https:\/\/www.causestoujours.be\/wp-json\/wp\/v2\/categories?post=4069"},{"taxonomy":"post_tag","embeddable":true,"href":"https:\/\/www.causestoujours.be\/wp-json\/wp\/v2\/tags?post=4069"}],"curies":[{"name":"wp","href":"https:\/\/api.w.org\/{rel}","templated":true}]}}