{"id":4073,"date":"2021-12-15T17:49:26","date_gmt":"2021-12-15T16:49:26","guid":{"rendered":"https:\/\/www.causestoujours.be\/?p=4073"},"modified":"2021-12-17T14:08:02","modified_gmt":"2021-12-17T13:08:02","slug":"conference-de-teresa-castro-reanimer-la-nature","status":"publish","type":"post","link":"https:\/\/www.causestoujours.be\/conference-de-teresa-castro-reanimer-la-nature\/","title":{"rendered":"<strong>Conf\u00e9rence de Teresa Castro&nbsp;: \u00ab&nbsp;R\u00e9animer la nature&nbsp;\u00bb<\/strong>"},"content":{"rendered":"\n<p><\/p>\n\n\n\n<p>Le point de d\u00e9part de cette intervention est l\u2019id\u00e9e que la crise \u00e9cologique que nous traversons aujourd\u2019hui est indissociable d\u2019une crise de la sensibilit\u00e9 et des formes de l\u2019attention. Face \u00e0 la perspective de plus en plus r\u00e9elle d\u2019une plan\u00e8te inhabitable, il est urgent d\u2019imaginer une \u00e9thique du soin&nbsp;: une relation plus attentive, inclusive et g\u00e9n\u00e9reuse avec la nature et l\u2019autre qu\u2019humain. C\u2019est dans ce contexte que les formes sensibles ont un r\u00f4le politique \u00e0 jouer. Inspir\u00e9e par les travaux de Val Plumwood, et prenant le cas du cin\u00e9ma comme exemple, Teresa Castro sugg\u00e8re que les images filmiques peuvent, potentiellement, nous aider \u00e0 r\u00e9animer la nature. Il ne s\u2019agit pas de d\u00e9fendre que le cin\u00e9ma doit \u00eatre mis au service des discours \u00e9cologiques, mais de proposer qu\u2019il a la capacit\u00e9 de restaurer l\u2019\u00e9merveillement devant le monde dont nous avons plus que jamais besoin.<\/p>\n\n\n\n<p>Teresa Castro est ma\u00eetresse de conf\u00e9rences en \u00e9tudes cin\u00e9matographiques et audiovisuelles \u00e0 l\u2019Universit\u00e9 Sorbonne Nouvelle. Une partie de ses recherches r\u00e9centes porte sur les liens entre cin\u00e9ma et animisme, l&rsquo;\u00e9co-criticisme et les formes de vie v\u00e9g\u00e9tales dans la culture visuelle. Elle a co\u00e9dit\u00e9 l\u2019ouvrage collectif <em>Puissance du v\u00e9g\u00e9tal et cin\u00e9ma animiste. La vitalit\u00e9 r\u00e9v\u00e9l\u00e9e par la technique<\/em> (Presses du r\u00e9el, 2020).<\/p>\n\n\n\n<figure class=\"wp-block-embed is-type-video is-provider-vimeo wp-block-embed-vimeo wp-embed-aspect-16-9 wp-has-aspect-ratio\"><div class=\"wp-block-embed__wrapper\">\n<iframe loading=\"lazy\" src=\"https:\/\/player.vimeo.com\/video\/651961344?h=8457fdde7a&amp;dnt=1&amp;app_id=122963\" width=\"720\" height=\"405\" frameborder=\"0\" allow=\"autoplay; fullscreen; picture-in-picture\" allowfullscreen><\/iframe>\n<\/div><\/figure>\n\n\n\n<p><em><em>Enregistr\u00e9e au Cin\u00e9ma NOVA \u00e0 Bruxelles le 21 octobre 2021.<\/em><\/em><\/p>\n\n\n\n<p><em>Image d\u2019illustration (c) Photo issue du film Conversation with a Cactus d\u2019Elise Florenty &amp; Marcel T\u00fcrkowsky<\/em><\/p>\n","protected":false},"excerpt":{"rendered":"<p>Le point de d\u00e9part de cette intervention est l\u2019id\u00e9e que la crise \u00e9cologique que nous traversons aujourd\u2019hui est indissociable d\u2019une crise de la sensibilit\u00e9 et des formes de l\u2019attention. Face \u00e0 la perspective de plus en plus r\u00e9elle d\u2019une plan\u00e8te<\/p>\n","protected":false},"author":3,"featured_media":4075,"comment_status":"closed","ping_status":"open","sticky":false,"template":"","format":"standard","meta":{"footnotes":""},"categories":[2,201],"tags":[],"class_list":["post-4073","post","type-post","status-publish","format-standard","has-post-thumbnail","hentry","category-dossier","category-filmer-le-paysage-fake-news"],"_links":{"self":[{"href":"https:\/\/www.causestoujours.be\/wp-json\/wp\/v2\/posts\/4073","targetHints":{"allow":["GET"]}}],"collection":[{"href":"https:\/\/www.causestoujours.be\/wp-json\/wp\/v2\/posts"}],"about":[{"href":"https:\/\/www.causestoujours.be\/wp-json\/wp\/v2\/types\/post"}],"author":[{"embeddable":true,"href":"https:\/\/www.causestoujours.be\/wp-json\/wp\/v2\/users\/3"}],"replies":[{"embeddable":true,"href":"https:\/\/www.causestoujours.be\/wp-json\/wp\/v2\/comments?post=4073"}],"version-history":[{"count":4,"href":"https:\/\/www.causestoujours.be\/wp-json\/wp\/v2\/posts\/4073\/revisions"}],"predecessor-version":[{"id":4097,"href":"https:\/\/www.causestoujours.be\/wp-json\/wp\/v2\/posts\/4073\/revisions\/4097"}],"wp:featuredmedia":[{"embeddable":true,"href":"https:\/\/www.causestoujours.be\/wp-json\/wp\/v2\/media\/4075"}],"wp:attachment":[{"href":"https:\/\/www.causestoujours.be\/wp-json\/wp\/v2\/media?parent=4073"}],"wp:term":[{"taxonomy":"category","embeddable":true,"href":"https:\/\/www.causestoujours.be\/wp-json\/wp\/v2\/categories?post=4073"},{"taxonomy":"post_tag","embeddable":true,"href":"https:\/\/www.causestoujours.be\/wp-json\/wp\/v2\/tags?post=4073"}],"curies":[{"name":"wp","href":"https:\/\/api.w.org\/{rel}","templated":true}]}}