{"id":4109,"date":"2022-03-28T01:00:00","date_gmt":"2022-03-28T00:00:00","guid":{"rendered":"https:\/\/www.causestoujours.be\/?p=4109"},"modified":"2022-03-23T13:02:05","modified_gmt":"2022-03-23T12:02:05","slug":"bientot-deux-ans-deducation-permanente-sous-covid-et-maintenant-echanges-avec-jean-blairon-video","status":"publish","type":"post","link":"https:\/\/www.causestoujours.be\/bientot-deux-ans-deducation-permanente-sous-covid-et-maintenant-echanges-avec-jean-blairon-video\/","title":{"rendered":"Bient\u00f4t deux ans d\u2019\u00e9ducation permanente sous Covid, et maintenant ? | Echanges avec Jean Blairon [Vid\u00e9o]"},"content":{"rendered":"\n<p>En mai et juin 2021, la Fesefa, les CEMEA et le collectif PUNCH<sup><a href=\"#sdfootnote1sym\" id=\"sdfootnote1anc\"><sup>1<\/sup><\/a><\/sup> avaient organis\u00e9 une s\u00e9rie de rencontres autour du v\u00e9cu des associations d\u2019\u00c9ducation permanente par temps de Covid. Sur la base de la retranscription des ateliers, Jean Blairon, philosophe et expert associ\u00e9 de l\u2019asbl RTA, avait r\u00e9alis\u00e9 une \u00e9tude<sup><a href=\"#sdfootnote2sym\" id=\"sdfootnote2anc\"><sup>2<\/sup><\/a><\/sup>.<\/p>\n\n\n\n<p>Pour ne pas en rester l\u00e0, une journ\u00e9e a \u00e9t\u00e9 organis\u00e9e le 18 f\u00e9vrier dernier au Point Culture \u00e0 Bruxelles, afin d\u2019y poursuivre le processus en 2022, qui sera \u00e0 nouveau une ann\u00e9e d\u2019exp\u00e9rimentations, entre autres num\u00e9riques, pour le secteur. C\u2019est la matin\u00e9e de cette journ\u00e9e r\u00e9unissant Jean Blairon (RTA), Jennifer Neilz (Fesefa), Geoffroy Carly (CEMEA), Luc Malghem (Librex) et Nadid Belaatik (GSARA) que nous vous proposons de revoir ici&nbsp;:<\/p>\n\n\n\n<figure class=\"wp-block-embed is-type-video is-provider-youtube wp-block-embed-youtube wp-embed-aspect-16-9 wp-has-aspect-ratio\"><div class=\"wp-block-embed__wrapper\">\n<iframe loading=\"lazy\" title=\"Bient\u00f4t deux ans d\u2019\u00e9ducation permanente sous Covid, et maintenant ? | Echanges avec Jean Blairon\" width=\"720\" height=\"405\" src=\"https:\/\/www.youtube.com\/embed\/vAbZZWjsscE?feature=oembed\" frameborder=\"0\" allow=\"accelerometer; autoplay; clipboard-write; encrypted-media; gyroscope; picture-in-picture\" allowfullscreen><\/iframe>\n<\/div><\/figure>\n\n\n\n<p><a href=\"#sdfootnote1anc\" id=\"sdfootnote1sym\">1<\/a> Pour un Num\u00e9rique Critique et Humain. En partenariat avec ACMJ, Centre Librex, Cesep, cfs.EP, Culture &amp; D\u00e9mocratie, Gsara, La Concertation, La Maison du livre, PAC, PointCulture.<\/p>\n\n\n\n<p><a id=\"sdfootnote2sym\" href=\"#sdfootnote2anc\">2<\/a><a href=\"https:\/\/gsara.tv\/fracturenumerique\/education-permanente-crise-sanitaire\/\" target=\"_blank\" rel=\"noreferrer noopener\">https:\/\/gsara.tv\/fracturenumerique\/education-permanente-crise-sanitaire\/<\/a><\/p>\n","protected":false},"excerpt":{"rendered":"<p>En mai et juin 2021, la Fesefa, les CEMEA et le collectif PUNCH1 avaient organis\u00e9 une s\u00e9rie de rencontres autour du v\u00e9cu des associations d\u2019\u00c9ducation permanente par temps de Covid. Sur la base de la retranscription des ateliers, Jean Blairon,<\/p>\n","protected":false},"author":3,"featured_media":4112,"comment_status":"closed","ping_status":"open","sticky":false,"template":"","format":"standard","meta":{"footnotes":""},"categories":[1],"tags":[],"class_list":["post-4109","post","type-post","status-publish","format-standard","has-post-thumbnail","hentry","category-uncategorized"],"_links":{"self":[{"href":"https:\/\/www.causestoujours.be\/wp-json\/wp\/v2\/posts\/4109","targetHints":{"allow":["GET"]}}],"collection":[{"href":"https:\/\/www.causestoujours.be\/wp-json\/wp\/v2\/posts"}],"about":[{"href":"https:\/\/www.causestoujours.be\/wp-json\/wp\/v2\/types\/post"}],"author":[{"embeddable":true,"href":"https:\/\/www.causestoujours.be\/wp-json\/wp\/v2\/users\/3"}],"replies":[{"embeddable":true,"href":"https:\/\/www.causestoujours.be\/wp-json\/wp\/v2\/comments?post=4109"}],"version-history":[{"count":2,"href":"https:\/\/www.causestoujours.be\/wp-json\/wp\/v2\/posts\/4109\/revisions"}],"predecessor-version":[{"id":4157,"href":"https:\/\/www.causestoujours.be\/wp-json\/wp\/v2\/posts\/4109\/revisions\/4157"}],"wp:featuredmedia":[{"embeddable":true,"href":"https:\/\/www.causestoujours.be\/wp-json\/wp\/v2\/media\/4112"}],"wp:attachment":[{"href":"https:\/\/www.causestoujours.be\/wp-json\/wp\/v2\/media?parent=4109"}],"wp:term":[{"taxonomy":"category","embeddable":true,"href":"https:\/\/www.causestoujours.be\/wp-json\/wp\/v2\/categories?post=4109"},{"taxonomy":"post_tag","embeddable":true,"href":"https:\/\/www.causestoujours.be\/wp-json\/wp\/v2\/tags?post=4109"}],"curies":[{"name":"wp","href":"https:\/\/api.w.org\/{rel}","templated":true}]}}