{"id":424,"date":"2014-09-19T14:11:55","date_gmt":"2014-09-19T14:11:55","guid":{"rendered":"https:\/\/gsara.tv\/causes\/?p=424"},"modified":"2014-09-25T08:55:26","modified_gmt":"2014-09-25T08:55:26","slug":"decroissance-sujet-mediatiquement-incorrect","status":"publish","type":"post","link":"https:\/\/www.causestoujours.be\/decroissance-sujet-mediatiquement-incorrect\/","title":{"rendered":"La d\u00e9croissance\u00a0:  un sujet \u00ab\u00a0\u00a0m\u00e9diatiquement incorrect\u00a0\u00bb"},"content":{"rendered":"<p><a href=\"https:\/\/www.objecteursdecroissance.be\/\"><strong>Carte blanche au Mouvement politique des objecteurs de croissance (mpOC)<\/strong><\/a><\/p>\n<p><strong>Pour tous ceux qui naviguent dans le monde de la d\u00e9croissance, deux \u00e9vidences s\u2019imposent d\u2019embl\u00e9e lorsqu\u2019ils r\u00e9fl\u00e9chissent aux relations entre m\u00e9dias et d\u00e9croissance. D\u2019une part, ils constatent que la mouvance de la d\u00e9croissance gagne du terrain. Le nombre de personnes int\u00e9ress\u00e9es par les propositions et les initiatives des objecteurs de croissance augmente en effet r\u00e9guli\u00e8rement. D\u2019autre part, ils ne peuvent qu\u2019observer que cette augmentation ne peut \u00eatre attribu\u00e9e aux \u00ab grands m\u00e9dias \u00bb. Ces derniers snobent largement tous leurs communiqu\u00e9s, cartes blanches, \u00e9crits d\u2019opinion, rencontres et initiatives diverses, \u2026, \u00e0 l\u2019exception de celles qu\u2019ils peuvent caricaturer ou ramener au discours dominant. Pourrait-il en \u00eatre autrement ? Les objecteurs de croissance ne le pensent pas. Ils constatent en effet que, sauf quelques exceptions \u00e9parses, les grands m\u00e9dias sont beaucoup trop pr\u00e9occup\u00e9s par leur audimat et par le fait de trouver une place dans la vague dominante pour oser poser les questions de fond sous l\u2019angle port\u00e9 par les objecteurs de croissance. Celui-ci est trop \u00e0 contre-courant.<\/strong><\/p>\n<div id=\"attachment_522\" style=\"width: 650px\" class=\"wp-caption alignnone\"><a href=\"https:\/\/gsara.tv\/causes\/wp-content\/uploads\/2014\/09\/14486751845_b315401d78_z.jpg\"><img loading=\"lazy\" decoding=\"async\" aria-describedby=\"caption-attachment-522\" class=\"wp-image-522 size-full\" src=\"https:\/\/gsara.tv\/causes\/wp-content\/uploads\/2014\/09\/14486751845_b315401d78_z.jpg\" alt=\"14486751845_b315401d78_z\" width=\"640\" height=\"427\" srcset=\"https:\/\/www.causestoujours.be\/wp-content\/uploads\/2014\/09\/14486751845_b315401d78_z.jpg 640w, https:\/\/www.causestoujours.be\/wp-content\/uploads\/2014\/09\/14486751845_b315401d78_z-300x200.jpg 300w, https:\/\/www.causestoujours.be\/wp-content\/uploads\/2014\/09\/14486751845_b315401d78_z-210x140.jpg 210w\" sizes=\"auto, (max-width: 640px) 100vw, 640px\" \/><\/a><p id=\"caption-attachment-522\" class=\"wp-caption-text\">\u00ab\u00a0<a href=\"https:\/\/www.flickr.com\/photos\/pasa\/14486751845\/in\/photolist-p6kUQu-oMNW1p-o59oBx-k66a2E-7ow6EB-oKCuUB-oNSTXp-oNTc2q-oNSU8p-p4kT8N-p67FKM-p67G2P-p67Fyp-68kafD-7PbMgV-7PfLJb-7PfLqU-7PfLC3-7PfL8G-p6nWyP-p4kTzj-oNTcaw-oNTGxC-dHtFV2-8ke8Ai-8ke8Ak-dbcXtv-7RRXEZ-aJjZcV-aJjYuK-aJjYxB-aJjZxz-aJjYGe-aJjYRM--aJjXY2-aJjYAr-aJjZnr-aJjZhR-aJjZ9g-aJjYK4-aJjZfc-aJjZ2v-aJjYDa-aJjYsa-dHtxcM-dHzPKm-dHtAug-dHz2NQ-dHz5XN\">The Only Sustainable Growth is Degrowth<\/a>\u00a0\u00bb by <a href=\"https:\/\/www.flickr.com\/photos\/pasa\/\"> Paul Sableman<\/a> is licensed under <a href=\"https:\/\/creativecommons.org\/licenses\/by-sa\/2.0\/#\/\">CC BY 2.0<\/a><\/p><\/div>\n<p>Quelques exemples :<\/p>\n<p>800 personnes ont particip\u00e9 \u00e0 la journ\u00e9e \u00ab Choisir la D\u00e9croissance \u00bb \u00e0 la base du lancement du dispositif d\u00e9mocratique qui a men\u00e9 \u00e0 la constitution du Mouvement politique des objecteurs de croissance belges. Aucun grand media n\u2019a pourtant jug\u00e9 utile de r\u00e9percuter cette information \u00e0 l\u2019exception d\u2019ARTE (mais peut-on vraiment classer ARTE dans la cat\u00e9gorie \u00ab m\u00e9dia dominant \u00bb ?), et, paradoxalement, de RTL-TVi qui a produit un documentaire dans lequel bon nombre d\u2019objecteurs de croissance se sont reconnus. Cependant il faut bien dire que le producteur \u00e0 la base de cette \u00e9mission a d\u00fb quitter cette cha\u00eene peu apr\u00e8s. Quant \u00e0 la RTBF, on l\u2019attend toujours. Rendez-vous avait \u00e9t\u00e9 pris pour un tournage un lundi d\u00e9but d\u2019apr\u00e8s-midi, contraignant bon nombre d\u2019entre nous \u00e0 prendre un cong\u00e9 professionnel. Apr\u00e8s deux heures d\u2019attente sans explication, nous sommes partis en relevant que la RTBF avait visiblement plus de consid\u00e9ration pour un match de foot que pour nos id\u00e9es. Il est vrai que le foot, lui, n\u2019attend pas. Ce type d\u2019exemples, on en retrouve partout et dans les m\u00e9dias de toutes ob\u00e9diences. En France notamment. Herv\u00e9 Kempf a d\u00fb &#8211; pour poursuivre son travail journalistique et de r\u00e9flexion sur les questions environnementales, sociales et \u00e9conomiques- quitter le journal <em>Le Monde<\/em>, auquel il a collabor\u00e9 de 1998 \u00e0 2013.<\/p>\n<p>Depuis la crise \u00e9conomique, plusieurs des outils cr\u00e9\u00e9s ou port\u00e9s par les objecteurs de croissance ont connu quelques \u00e9chos dans les grands m\u00e9dias. Mais ce n\u2019\u00e9tait \u00e9videmment pas pour montrer que des alternatives au syst\u00e8me actuel sont d\u00e9j\u00e0 en route dans les marges de la soci\u00e9t\u00e9. Il s\u2019agissait juste de pr\u00e9senter quelques trucs \u00e0 m\u00eame de permettre \u00e0 chacun de tenir un peu plus facilement le coup pendant la crise, gr\u00e2ce aux groupements d\u2019achat, aux donneries, ou autres serviceries, \u2026 ou \u00e0 ridiculiser les tenants de notre mouvance et plus particuli\u00e8rement ceux de la simplicit\u00e9 volontaire, histoire de bien souligner qu\u2019il n\u2019y a pas d\u2019alternative au syst\u00e8me actuel. Seuls les fous ou les khmers verts peuvent y penser.<\/p>\n<p>Les rares fois o\u00f9 l\u2019on cite la d\u00e9croissance dans sa g\u00e9n\u00e9ralit\u00e9, c\u2019est le plus souvent pour montrer qu\u2019 \u00ab elle est \u00e0 c\u00f4t\u00e9 de la plaque \u00bb, au moins en partie. La d\u00e9croissance oublierait les pauvres, les populations du Sud, les possibilit\u00e9s technologiques, la question d\u00e9mographique \u2026 Jamais les grands m\u00e9dias n\u2019ont r\u00e9percut\u00e9 ce que disent pourtant les objecteurs de croissance : la d\u00e9croissance n\u2019est pas un nouveau corpus id\u00e9ologique tout pens\u00e9 sous la houlette d\u2019un nouveau grand gourou. Elle est un creuset dans lequel se pense et se construit la soci\u00e9t\u00e9 de demain car le mod\u00e8le actuel n\u2019est pas durable et nous m\u00e8ne \u00e0 la catastrophe.<br \/>\nSi les id\u00e9es forg\u00e9es dans le courant de la d\u00e9croissance font du chemin malgr\u00e9 tout, c\u2019est gr\u00e2ce \u00e0 l\u2019incroyable opini\u00e2tret\u00e9 de ceux qui en sont devenus les acteurs, g\u00e9n\u00e9ralement \u00e0 partir de cette \u00e9vidence &#8211; une croissance infinie est impossible dans un monde fini &#8211; et de cette question extr\u00eamement complexe qui surgit dans sa foul\u00e9e : mais comment d\u00e8s lors peut-on faire pour vivre ensemble et de mani\u00e8re apais\u00e9e sur une seule plan\u00e8te ?<\/p>\n<p>C\u2019est aussi gr\u00e2ce &#8211; ou devait-on dire \u00ab \u00e0 cause \u00bb ? &#8211; des faits qui ne peuvent plus \u00eatre ni\u00e9s : les effets du r\u00e9chauffement climatique commencent \u00e0 se r\u00e9v\u00e9ler\u00a0; le pic de production du p\u00e9trole est bien l\u00e0, tout comme la perte hallucinante des ressources halieutiques. La question de l\u2019eau devient une des pr\u00e9occupations g\u00e9opolitiques majeures, quand elle n\u2019est pas une des raisons principales de mortalit\u00e9 dans le monde, \u2026 . La liste est longue, h\u00e9las tr\u00e8s longue.<br \/>\nC\u2019est aussi bien \u00e9videmment gr\u00e2ce au fait que les objecteurs de croissance utilisent tous les moyens \u00e0 leur port\u00e9e pour diffuser correctement leurs id\u00e9es : r\u00e9seaux sociaux et Internet, mais surtout maisons d\u2019\u00e9dition et m\u00e9dias propres, colloques et marches diverses, soupes populaires, foires aux savoir-faire, \u2026 . Ils s\u2019inscrivent aussi dans des actions concr\u00e8tes de terrain \u00e0 travers les Villes et Villages en transition ou la cr\u00e9ation de monnaie locale, par exemple. Comme ils se m\u00e9fient souvent des grands m\u00e9dias, ils \u00e9vitent d\u2019ailleurs souvent de s\u2019y exposer lorsqu\u2019ils n\u2019y sont pas particuli\u00e8rement pr\u00e9par\u00e9s ou qu\u2019ils n\u2019ont pas confiance dans la mani\u00e8re dont leurs id\u00e9es seront r\u00e9percut\u00e9es. On peut peut-\u00eatre le regretter. Mais lorsqu\u2019on voit la hauteur des caricatures, voire m\u00eame des injures, que les objecteurs de croissance ont encore \u00e0 subir aujourd\u2019hui &#8211; y compris \u00e0 gauche -, on peut parfaitement comprendre pourquoi beaucoup encore se maintiennent souvent volontairement \u00e0 l\u2019\u00e9cart des m\u00e9dias du courant dominant.<\/p>\n<p>Nous vivons un changement de paradigme aussi fort que celui de la r\u00e9volution copernicienne. Nous subissons le m\u00eame type d\u2019ostracisme que ceux qui par le pass\u00e9 ont d\u00fb faire face au m\u00eame type de situation. Nous aurions pu penser que, vivant dans une soci\u00e9t\u00e9 plus \u00e9volu\u00e9e, il n\u2019en irait pas de m\u00eame, d\u2019autant que les faits parlent pour nous et qu\u2019ils sont parfaitement \u00e9tay\u00e9s scientifiquement. C\u2019est tout le contraire qui se passe. Les faits sont autant que possible ni\u00e9s comme on peut s\u2019en apercevoir avec la place qui est faite aux climato-sceptiques et \u00e0 ceux qui veulent nous vendre le p\u00e9trole et le gaz de schiste ainsi que du nucl\u00e9aire de deuxi\u00e8me voire de troisi\u00e8me g\u00e9n\u00e9ration, comme solution \u00e0 nos probl\u00e8mes \u00e9nerg\u00e9tiques.<\/p>\n<p>Nos \u00e9diles politiques, soutenus largement par la sph\u00e8re m\u00e9diatique dominante, continuent, mesures apr\u00e8s mesures, \u00e0 vouloir poursuivre le contrat social \u00e0 la base de notre soci\u00e9t\u00e9 &#8211; \u00e0 savoir tout faire pour augmenter la croissance \u00e9conomique de mani\u00e8re \u00e0 pouvoir en partager les b\u00e9n\u00e9fices &#8211; m\u00eame si l\u2019on sait d\u00e9j\u00e0 que ce contrat ne peut pas tenir la route encore bien longtemps et qu\u2019il a suffisamment d\u00e9montr\u00e9 depuis 40 ans son inop\u00e9rance. Lorsqu\u2019ils sont amen\u00e9s partiellement \u00e0 changer de trajectoire, comme on le voit aujourd\u2019hui avec la question de l\u2019approvisionnement \u00e9nerg\u00e9tique ou encore celle de l\u2019\u00e9coulement de nos productions alimentaires cultiv\u00e9es pour l\u2019exportation (pommes, poires, lait, viande), c\u2019est dans l\u2019impr\u00e9paration totale qu\u2019ils doivent le faire.<\/p>\n<p>Depuis la nuit des temps, les r\u00e9cits mythologiques nous montrent que les Cassandre ne sont jamais entendues. Nous pouvons dire aujourd\u2019hui qu\u2019il en est de m\u00eame lorsque ce que l\u2019on dit ne rel\u00e8ve pas de la proph\u00e9tie, mais bien de l\u2019analyse des faits. Les corpus qui fondent un syst\u00e8me ont la vie tenace car ils sont \u00e0 la base des relations de pouvoir. En changer, ce serait devoir dire : nous nous sommes tromp\u00e9s. De cela, bien s\u00fbr, personne ne veut. La responsabilit\u00e9, c\u2019est toujours ailleurs qu\u2019il faut la trouver, m\u00eame si pour ce faire on doit aller jusqu\u2019\u00e0 tronquer les faits. \u00c0 cet \u00e9gard, l\u2019imputation par certains de la responsabilit\u00e9 des risques de d\u00e9lestage \u00e9nerg\u00e9tique de cet hiver aux partisans du renouvelable est particuli\u00e8rement \u00e9difiante.<br \/>\nCeci dit, n\u00e9cessit\u00e9 faisant loi, nous ne d\u00e9sarmerons pas et poursuivrons le travail que nous avons entam\u00e9.<\/p>\n<p><strong>Pour le mpOC<\/strong><br \/>\n<strong> Jos\u00e9 Dave, Bernard Legros, Mich\u00e8le Gilkinet, Marie-Eve Lapy-Tries, Francis Leboutte et Eddie Van Hassel<\/strong><br \/>\n<strong> Septembre 2014<\/strong><\/p>\n","protected":false},"excerpt":{"rendered":"<p>Alors que la mouvance de la d\u00e9croissance gagne du terrain, les questions de fond soulev\u00e9es sont encore trop \u00e0 contre-courant pour \u00eatre suffisamment d\u00e9battues dans les grands m\u00e9dias. Carte blanche au Mouvement politique des objecteurs de croissance (mpOC) <\/p>\n","protected":false},"author":10,"featured_media":486,"comment_status":"closed","ping_status":"open","sticky":false,"template":"","format":"standard","meta":{"footnotes":""},"categories":[2,17],"tags":[38,28,63],"class_list":["post-424","post","type-post","status-publish","format-standard","has-post-thumbnail","hentry","category-dossier","category-route-decroissance","tag-decroissance","tag-medias","tag-mouvement-politique-des-objecteurs-de-croissance"],"_links":{"self":[{"href":"https:\/\/www.causestoujours.be\/wp-json\/wp\/v2\/posts\/424","targetHints":{"allow":["GET"]}}],"collection":[{"href":"https:\/\/www.causestoujours.be\/wp-json\/wp\/v2\/posts"}],"about":[{"href":"https:\/\/www.causestoujours.be\/wp-json\/wp\/v2\/types\/post"}],"author":[{"embeddable":true,"href":"https:\/\/www.causestoujours.be\/wp-json\/wp\/v2\/users\/10"}],"replies":[{"embeddable":true,"href":"https:\/\/www.causestoujours.be\/wp-json\/wp\/v2\/comments?post=424"}],"version-history":[{"count":9,"href":"https:\/\/www.causestoujours.be\/wp-json\/wp\/v2\/posts\/424\/revisions"}],"predecessor-version":[{"id":533,"href":"https:\/\/www.causestoujours.be\/wp-json\/wp\/v2\/posts\/424\/revisions\/533"}],"wp:featuredmedia":[{"embeddable":true,"href":"https:\/\/www.causestoujours.be\/wp-json\/wp\/v2\/media\/486"}],"wp:attachment":[{"href":"https:\/\/www.causestoujours.be\/wp-json\/wp\/v2\/media?parent=424"}],"wp:term":[{"taxonomy":"category","embeddable":true,"href":"https:\/\/www.causestoujours.be\/wp-json\/wp\/v2\/categories?post=424"},{"taxonomy":"post_tag","embeddable":true,"href":"https:\/\/www.causestoujours.be\/wp-json\/wp\/v2\/tags?post=424"}],"curies":[{"name":"wp","href":"https:\/\/api.w.org\/{rel}","templated":true}]}}