{"id":426,"date":"2014-09-19T14:10:13","date_gmt":"2014-09-19T14:10:13","guid":{"rendered":"https:\/\/gsara.tv\/causes\/?p=426"},"modified":"2014-09-25T09:37:51","modified_gmt":"2014-09-25T09:37:51","slug":"vivent-medias-pas-pareils-partout","status":"publish","type":"post","link":"https:\/\/www.causestoujours.be\/vivent-medias-pas-pareils-partout\/","title":{"rendered":"Pour que <del>sur<\/del>vivent des M\u00e9dias Pas Pareils&#8230; Partout"},"content":{"rendered":"<p><strong>Pour de nombreux m\u00e9dias libres, journalistes de r\u00e9sistance et acteurs de l\u2019\u00e9ducation permanente, les m\u00e9dias dominants ne remplissent plus suffisamment leur fonction d\u00e9mocratique dans la soci\u00e9t\u00e9. Que faire\u00a0? En France, des m\u00e9dias non align\u00e9s, \u00e0 but non lucratif, ind\u00e9pendants des pouvoirs publics, des puissances financi\u00e8res, des partis politiques et des ob\u00e9diences confessionnelles ont d\u00e9cid\u00e9 lors de la 3\u00e8me \u00e9dition des \u00ab\u00a0rencontres des m\u00e9dias libres et du journalisme de r\u00e9sistance\u00a0\u00bb, organis\u00e9es en Corr\u00e8ze les 23, 24 et 25 mai 2014, de se f\u00e9d\u00e9rer et de cr\u00e9er ainsi la <a href=\"https:\/\/medias-libres.tumblr.com\/\"><em>Coordination Nationale Permanente des M\u00e9dias Pas Pareils<\/em><em>.<\/em> <\/a><\/strong><\/p>\n<div id=\"attachment_544\" style=\"width: 650px\" class=\"wp-caption alignnone\"><a href=\"https:\/\/gsara.tv\/causes\/wp-content\/uploads\/2014\/09\/5590346790_69dd8cb38c_z.jpg\"><img loading=\"lazy\" decoding=\"async\" aria-describedby=\"caption-attachment-544\" class=\"wp-image-544 size-full\" src=\"https:\/\/gsara.tv\/causes\/wp-content\/uploads\/2014\/09\/5590346790_69dd8cb38c_z.jpg\" alt=\"5590346790_69dd8cb38c_z\" width=\"640\" height=\"427\" srcset=\"https:\/\/www.causestoujours.be\/wp-content\/uploads\/2014\/09\/5590346790_69dd8cb38c_z.jpg 640w, https:\/\/www.causestoujours.be\/wp-content\/uploads\/2014\/09\/5590346790_69dd8cb38c_z-300x200.jpg 300w, https:\/\/www.causestoujours.be\/wp-content\/uploads\/2014\/09\/5590346790_69dd8cb38c_z-210x140.jpg 210w\" sizes=\"auto, (max-width: 640px) 100vw, 640px\" \/><\/a><p id=\"caption-attachment-544\" class=\"wp-caption-text\">\u00ab\u00a0<a href=\"https:\/\/www.flickr.com\/photos\/londonpubliclibrary\/5590346790\/in\/photolist-kan2X3-kakib2-kajJ4T-kajFGP-kan1Yu-kajCNx-kajDV2-9vWZFz-9vZZku-9w13xw-9vX2Hx-9vX11x-9vZYZy-boS3pY-bBLUtM-9GNpvk-7Lzg36-7LDeZf-7LzgRT-7Lzg9D-7LDfjw-7LDfK1-7LDeJ1-7LDeL7-7Lzgqv-7LzfUB-7Lzg7r-7LzfWv-7LDeDE-7LzgFt-7LDf2G-7LDf4y-7LzgwF-7LDfns-7LDfvf-7Lzg5X-7LzgJV-7Lzhac-7LDfRC-7LzgPK-7LzgUD-7LDfdS-7Lzhcc-7LzgmZ-7Lzh64-7LDfY9-7Lzhhv-7Lzhjg-7LzgcR-9vWW7T\">IMG_9035<\/a>\u00a0\u00bb by <a href=\"https:\/\/www.flickr.com\/photos\/londonpubliclibrary\/\">London Public Library <\/a> is licensed under <a href=\"https:\/\/creativecommons.org\/licenses\/by-nc-nd\/2.0\/\">CC BY-NC-ND 2.0<\/a><\/p><\/div>\n<p>Rassemblant une trentaine de m\u00e9dias <sup><a id=\"ref1\" href=\"#fn1\">1<\/a><\/sup> issus des quatre coins de France, elle entend permettre au tiers secteur m\u00e9diatique d\u2019exister. Une initiative \u00e0 saluer, \u00e0 encourager &#8211; voire \u00e0 \u00e9tendre en Belgique, tant les m\u00e9dias ind\u00e9pendants, associatifs, citoyens, dits les M\u00e9dias du Tiers Secteur remplissent des missions d\u2019utilit\u00e9 publique et permettent de renouer avec les fondamentaux d\u2019un m\u00e9tier ailleurs souvent oubli\u00e9s\u00a0: l\u2019irr\u00e9v\u00e9rence, l\u2019enqu\u00eate, le go\u00fbt du d\u00e9bat, l&rsquo;\u00e9mancipation citoyenne,&#8230; L\u2019avenir des m\u00e9dias, leur capacit\u00e9 \u00e0 regagner de la cr\u00e9dibilit\u00e9, leur ind\u00e9pendance et leur capacit\u00e9 \u00e0 renouer avec leur indispensable fonction d\u00e9mocratique, d\u00e9passent largement les int\u00e9r\u00eats d\u2019une corporation et nous concerne tous.<\/p>\n<p>Nous avons discut\u00e9 avec Michel Gairaud du mensuel marseillais d&rsquo;enqu\u00eate et de satire,<a href=\"https:\/\/www.leravi.org\/\"> <em>Le Ravi<\/em>,<\/a> qui a jou\u00e9 un r\u00f4le moteur dans la Coordination Nationale Permanente des M\u00e9dias Pas Pareils. Il est la preuve vivante que le syst\u00e8me m\u00e9diatique lui-m\u00eame est aussi un terrain de lutte et d\u2019alternatives.<\/p>\n<p><strong>Comment d\u00e9finiriez-vous les M\u00e9dias Pas Pareils ?<\/strong><\/p>\n<p>Grande question\u00a0! On entend par l\u00e0 des m\u00e9dias ind\u00e9pendants, qui appartiennent \u00e0 leurs lecteurs ou aux \u00e9quipes qui y travaillent. Mais ce n&rsquo;est qu&rsquo;un \u00e9l\u00e9ment de d\u00e9finition. Il y a l&rsquo;approche aussi\u00a0: on ne peut pas vraiment parler de ligne \u00e9ditoriale unique mais il y a une fa\u00e7on aussi de concevoir le m\u00e9tier, m\u00eame s\u2019il y a beaucoup de diversit\u00e9s, surtout si on parle des m\u00e9dias et pas seulement de la presse. M\u00eame si certains essaient de trouver des ressources, le but n\u2019est pas d\u2019enrichir un actionnaire, mais de faire vivre un projet et de renouer avec des fondamentaux d\u2019une profession qui sont par ailleurs d\u00e9laiss\u00e9s, \u00e0 savoir l\u2019enqu\u00eate, l\u2019investigation. Finalement, faire du journalisme tel que tout le monde devrait le pratiquer, c\u2019est ne pas faire pareil aujourd\u2019hui.<\/p>\n<p><strong>Les M\u00e9dias Pas Pareils revendiquent notamment l&rsquo;\u00e9laboration d\u00e9mocratique d\u2019une loi contre la concentration financi\u00e8re et industrielle des m\u00e9dias et la refondation du syst\u00e8me des aides \u00e0 la presse et aux m\u00e9dias. Forts de la cr\u00e9ation de la Coordination, quels sont \u00e0 l&rsquo;avenir vos moyens d\u2019action ?<\/strong><\/p>\n<p>Il y a plusieurs aspects. Disons, pour simplifier, que nous faisons partie des gens qui consid\u00e8rent \u2013 m\u00eame si \u00e7a peut para\u00eetre paradoxal &#8211; que la presse et les m\u00e9dias ind\u00e9pendants ont besoin d\u2019une reconnaissance institutionnelle. Certains titres et projets refusent par principe toute ressource publique au nom de l\u2019autonomie. On peut comprendre le raisonnement mais pour nous, il n\u2019est pas ill\u00e9gitime. On estime qu\u2019en France, la libert\u00e9 d\u2019informer et d\u2019\u00eatre inform\u00e9 fait partie de la constitution et donc, d\u2019une certaine fa\u00e7on, on estime faire un travail de service public.<br \/>\nEntre le service public qui a ses vertus, son utilit\u00e9 et le secteur priv\u00e9, il y a un interm\u00e9diaire\u00a0: le tiers-secteur m\u00e9diatique. Ce qui est ill\u00e9gitime et qui dysfonctionne en France, en particulier, c\u2019est la fa\u00e7on dont les aides publiques sont r\u00e9parties. Il y a par exemple une aide au postage pour la presse mais elle est indiff\u00e9renci\u00e9e c&rsquo;est-\u00e0-dire qu\u2019un journal \u00e0 scandale est autant aid\u00e9 qu\u2019un canard associatif comme le n\u00f4tre.<\/p>\n<p>Le souci vis-\u00e0-vis de l\u2019argent public, c\u2019est qu\u2019il y a un danger auquel tous les m\u00e9dias sont confront\u00e9s y compris les n\u00f4tres, c\u2019est celui de l\u2019instrumentalisation politique o\u00f9, \u00e0 partir du moment o\u00f9 une collectivit\u00e9 par exemple locale, une mairie, un d\u00e9partement, une r\u00e9gion, donne de l\u2019argent \u00e0\u00a0un m\u00e9dia, il attend souvent un retour.\u00a0Il faut donc faire attention.<\/p>\n<p>Mais ce n\u2019est qu\u2019un aspect. Nous sommes dans Coordination Nationale Permanente des M\u00e9dias Pas Pareils mais nous avons aussi cr\u00e9\u00e9 une association \u00ab\u00a0M\u00e9dia citoyen\u00a0\u00bb qui f\u00e9d\u00e8re ces M\u00e9dias Pas Pareils \u00e0 l\u2019\u00e9chelle de la r\u00e9gion PACA (sur le mod\u00e8le d\u2019une exp\u00e9rience qui a d\u00e9j\u00e0 eu lieu en Rhones-Alpes). L\u2019objectif est d\u2019apprendre \u00e0 se conna\u00eetre, \u00e0 identifier nos points communs, \u00e0 travailler ensemble, \u00e0 s\u2019accorder sur des revendications communes, \u00e0 mutualiser nos id\u00e9es, nos efforts et \u00e0 se donner de l\u2019audience parce que nous ne sommes pas des m\u00e9dias de masse. Nous sommes des m\u00e9dias de proximit\u00e9 et nous le revendiquons\u00a0! Nous pensons de fa\u00e7on horizontale et non pas verticale. Il faut se mettre en r\u00e9seau.<em> Les M\u00e9dias Pas Pareils<\/em> peuvent peser lourd en se f\u00e9d\u00e9rant. M\u00eame si c\u2019est tr\u00e8s lent parce que nous sommes pris entre deux feux\u00a0: une envie de se serrer les coudes d&rsquo;une part et des pratiques sp\u00e9cifiques et une culture un peu\u00a0\u00ab\u00a0chacun dans son coin\u00a0\u00bb et de la d\u00e9brouille d&rsquo;autre part. Ce n&rsquo;est pas \u00e9vident. Nous sommes tous la plupart du temps dans des logiques de survie. Mais depuis deux ou trois ans, je ressens quelque chose qui monte, une envie de se retrouver, de se f\u00e9d\u00e9rer. Autrefois, il y avait des fronti\u00e8res parfois difficilement franchissables entre ceux qui acceptaient la pub et ceux qui ne l\u2019acceptaient pas du tout, entre ceux qui acceptaient de l\u2019argent public et ceux qui n\u2019en voulaient absolument pas. Aujourd\u2019hui, nous arrivons vraiment \u00e0 nous parler, \u00e0 nous retrouver et \u00e7a, c\u2019est un signe que quelque chose est m\u00fbr\u00a0!<\/p>\n<p><strong>Vous revendiquez \u00e9galement la repr\u00e9sentation des M\u00e9dias du Tiers Secteur dans toutes instances de r\u00e9gulation, de concertation et de gestion concernant les m\u00e9dias.<\/strong><\/p>\n<p>Oui effectivement, nous allons essayer d\u2019avancer et de cr\u00e9er un rapport de force. Il existe plein d\u2019endroits o\u00f9 nous n\u2019existons pas et o\u00f9 nous pourrions exister\u00a0; comme le CSA ou le Minist\u00e8re de la Culture et de la Communication qui r\u00e9gule beaucoup de choses. Le syst\u00e8me de la diffusion de la presse en France est en crise. Il y a une volont\u00e9 de le r\u00e9former mais elle va toujours dans le m\u00eame sens, c&rsquo;est-\u00e0-dire en d\u00e9r\u00e9glementant, au d\u00e9triment du pluralisme.<br \/>\nMais nous ne nous faisons pas trop d\u2019illusion. \u00c7a va prendre du temps. C\u2019est \u00e0 l\u2019image de l\u2019\u00c9tat, du mouvement social et de la donne politique dans le pays.<\/p>\n<p><strong>Que vous inspire la Loi sur les services de communication audiovisuelle promulgu\u00e9e en Argentine en 2009\u00a0? Celle-ci redistribue la propri\u00e9t\u00e9 des fr\u00e9quences de radio et de t\u00e9l\u00e9vision en trois tiers\u00a0: 33\u00a0% pour les entreprises priv\u00e9es, 33\u00a0% pour le service public et 34\u00a0% pour les m\u00e9dias communautaires\/associatifs. <\/strong><\/p>\n<p>\u00c7a s&rsquo;inscrit tout \u00e0 fait dans notre volont\u00e9. Je fais le parall\u00e8le avec le r\u00e9seau des salles de Cin\u00e9ma Art et Essai o\u00f9 certains exploitants b\u00e9n\u00e9ficient d\u2019une fiscalit\u00e9 avantageuse ou d\u2019aides directes pour faire vivre la diversit\u00e9 sur tout le territoire. Je pense qu\u2019il faut aller vers \u00e7a\u00a0! Si nous laissons faire, nous allons vers un appauvrissement. Il y a quelques ann\u00e9es, il y a eu des batailles souvent perdues par des cha\u00eenes locales sur l\u2019attribution des fr\u00e9quences. Il existe tellement de t\u00e9l\u00e9visions aux programmations int\u00e9ressantes qui font entendre une voix, des solutions et avec des processus participatifs. M\u00eame quand elles se regroupent, c\u2019est tr\u00e8s difficile. Ce serait bien qu&rsquo;il y ait une volont\u00e9 politique pour encadrer et r\u00e9glementer tout \u00e7a.<\/p>\n<p><strong>Lors des rencontres des m\u00e9dias libres et du journalisme de r\u00e9sistance, vous avez notamment discut\u00e9 de la difficult\u00e9 pour l\u2019\u00e9cologie \u00e0 se frayer un chemin dans la pens\u00e9e dominante du journalisme actuel. Pourriez-vous en dire davantage\u00a0? Les enjeux environnementaux sont-ils mal et\/ou peu m\u00e9diatis\u00e9s\u00a0? Voulez-vous dire que l&rsquo;\u00e9cologie ne fait pas vendre\u00a0? <\/strong><\/p>\n<p>Les questions d\u2019\u00e9cologie sont tr\u00e8s pr\u00e9sentes dans nos colonnes mais elles font rarement la Une dans les autres titres et en particulier dans la presse r\u00e9gionale en particulier. C\u2019est encore une fois li\u00e9 \u00e0 la question \u00ab\u00a0\u00e0 qui appartiennent les m\u00e9dias\u00a0?\u00a0\u00bb et de la d\u00e9pendance \u00e0 la publicit\u00e9. Quand on pose ces questions-l\u00e0, on remet en cause l\u2019ordre \u00e9conomique et politique du monde. Pour avoir de la pub, il faut formater, ce qui est fort incompatible avec un travail sur ces enjeux-l\u00e0. Au Ravi, nous sommes dans une \u00e9conomie de survie. M\u00eame si nous avons plein de projets, nous ne savons jamais tr\u00e8s bien quelle sera la situation dans an voire m\u00eame parfois un peu moins. Nous acceptons de la pub mais c&rsquo;est la pub qui ne nous accepte pas\u00a0! Mais en m\u00eame temps, \u00e7a nous prot\u00e8ge\u00a0! Pour pouvoir ne b\u00e9n\u00e9ficier, il faut parler des choses qui ne clivent pas et lisser les contenus. Il y a un risque de s\u2019encro\u00fbter et de se rouiller rapidement.<\/p>\n<p><strong><br \/>\nPropos recueillis par Julie Van der Kar<\/strong><\/p>\n<p><sup id=\"fn1\">1. [Acrimed, \u00c0 Contre Courant, Adiu Sud Gironde, Adiu TV, BateauBasta, Basta Mag, Cassandre\/Hors Champs, CDRLP, Cram Cram Editions, Demosphere Ari\u00e8ge, Fakir, Friture Mag,\u00a0L\u2019Insatiable, Le Ravi, La Lorgnette.info, La Lettre \u00e0 Lulu, Le Nouveau Jour J, Les Amis de la Cathode, Le Sans Culotte 85, Le Lot en Action, Les Pieds dans le PAF, Lutopik, Michel Fiszbin, Hexagones, Pierre Merejkowsky, Plus Belles les Luttes, R\u00e9zonances TV, Reporterre, Rencontres M\u00e9diatiques, Ritimo, Denis\u00a0 Robert, Sisyphe Vid\u00e9o, TV Bruits, ZdF, Z\u00e9lium.]<\/sup>\u21a9<\/p>\n","protected":false},"excerpt":{"rendered":"<p>Pour de nombreux m\u00e9dias libres, journalistes de r\u00e9sistance et acteurs de l\u2019\u00e9ducation permanente, les m\u00e9dias dominants ne remplissent plus suffisamment leur fonction d\u00e9mocratique dans la soci\u00e9t\u00e9. Que faire ? En France, des M\u00e9dias non align\u00e9s, \u00e0 but non lucratif, ind\u00e9pendants des pouvoirs publics, des puissances financi\u00e8res, des partis politiques et des ob\u00e9diences confessionnelles ont d\u00e9cid\u00e9 de se f\u00e9d\u00e9rer et de cr\u00e9er ainsi la Coordination Nationale Permanente des M\u00e9dias Pas Pareils. Preuve vivante que le syst\u00e8me m\u00e9diatique lui-m\u00eame est aussi un terrain de lutte et d\u2019alternatives.<\/p>\n","protected":false},"author":10,"featured_media":475,"comment_status":"closed","ping_status":"open","sticky":false,"template":"","format":"standard","meta":{"footnotes":""},"categories":[2,17],"tags":[65],"class_list":["post-426","post","type-post","status-publish","format-standard","has-post-thumbnail","hentry","category-dossier","category-route-decroissance","tag-medias-alternatifs"],"_links":{"self":[{"href":"https:\/\/www.causestoujours.be\/wp-json\/wp\/v2\/posts\/426","targetHints":{"allow":["GET"]}}],"collection":[{"href":"https:\/\/www.causestoujours.be\/wp-json\/wp\/v2\/posts"}],"about":[{"href":"https:\/\/www.causestoujours.be\/wp-json\/wp\/v2\/types\/post"}],"author":[{"embeddable":true,"href":"https:\/\/www.causestoujours.be\/wp-json\/wp\/v2\/users\/10"}],"replies":[{"embeddable":true,"href":"https:\/\/www.causestoujours.be\/wp-json\/wp\/v2\/comments?post=426"}],"version-history":[{"count":15,"href":"https:\/\/www.causestoujours.be\/wp-json\/wp\/v2\/posts\/426\/revisions"}],"predecessor-version":[{"id":547,"href":"https:\/\/www.causestoujours.be\/wp-json\/wp\/v2\/posts\/426\/revisions\/547"}],"wp:featuredmedia":[{"embeddable":true,"href":"https:\/\/www.causestoujours.be\/wp-json\/wp\/v2\/media\/475"}],"wp:attachment":[{"href":"https:\/\/www.causestoujours.be\/wp-json\/wp\/v2\/media?parent=426"}],"wp:term":[{"taxonomy":"category","embeddable":true,"href":"https:\/\/www.causestoujours.be\/wp-json\/wp\/v2\/categories?post=426"},{"taxonomy":"post_tag","embeddable":true,"href":"https:\/\/www.causestoujours.be\/wp-json\/wp\/v2\/tags?post=426"}],"curies":[{"name":"wp","href":"https:\/\/api.w.org\/{rel}","templated":true}]}}