{"id":4263,"date":"2022-12-15T09:46:31","date_gmt":"2022-12-15T08:46:31","guid":{"rendered":"https:\/\/www.causestoujours.be\/?p=4263"},"modified":"2022-12-15T09:48:37","modified_gmt":"2022-12-15T08:48:37","slug":"les-voix-du-doc-un-cas-decole","status":"publish","type":"post","link":"https:\/\/www.causestoujours.be\/les-voix-du-doc-un-cas-decole\/","title":{"rendered":"Les Voix du Doc, un cas d&rsquo;\u00e9cole"},"content":{"rendered":"\n<p><strong>\u00c0 travers la mise en ondes d&rsquo;une Radio-citoyenne \u00e0 l\u2019occasion du Mois du Doc, focus sur un pr\u00e9cepte de l\u2019\u00c9ducation Permanente qui se retrouve au c\u0153ur de la dynamique interne au Gsara.<\/strong><\/p>\n\n\n\n<p><strong>PROL\u00c9GOM\u00c8NES<\/strong><\/p>\n\n\n\n<p>L\u2019ascendance est d\u00e9finie comme l\u2019action de s\u2019\u00e9lever, de monter. La p\u00e9dagogie ascendante est une valeur centrale du travail d\u2019\u00e9ducation permanente, qui vise \u00e0 organiser des activit\u00e9s menant ses publics \u00e0 une participation active \u00e0 la vie sociale, \u00e9conomique, culturelle et politique. Le.la travailleur.se d\u2019\u00e9ducation permanente se doit de faire \u00e9maner des publics \u00e0 la fois un regard critique, des revendications et des moyens d\u2019action. En ce sens nous employons le terme-cl\u00e9 d\u2019<strong>ascendance<\/strong>. Sur le terrain, les \u00e9quipes du GSARA appliquent des m\u00e9thodes vou\u00e9es \u00e0 cr\u00e9er cette ascendance au contact de leurs publics, souvent pr\u00e9caris\u00e9s.<\/p>\n\n\n\n<p>Appliquer ce principe sur le terrain est une chose, mais ceci peut \u00eatre appliqu\u00e9 aussi en interne, les coordinateurs de notre mouvement d\u2019\u00e9ducation permanente faisant \u00e9merger des sujets, des id\u00e9es, des pratiques, de la consultation collective de ses animateurs.trices. Aujourd\u2019hui, l\u2019ascendance est la source de la r\u00e9ussite d\u2019un programme ambitieux d\u2019ateliers et d\u2019actions m\u00e9diatiques mis au point au sein du GSARA&nbsp;: <strong>les&nbsp; VOIX DU DOC \u2013 LA RADIO CITOYENNE DU MOIS DU DOC<\/strong>.<\/p>\n\n\n\n<p><strong>CADRE<\/strong><\/p>\n\n\n\n<p>Les 10 et 24 novembre derniers, les deux premi\u00e8res \u00e9missions LES VOIX DU DOC ont \u00e9t\u00e9 retransmises en direct et enregistr\u00e9es. Deux fois une heure de radio, \u00e0 laquelle ont particip\u00e9, chacune dans leur province, trois antennes r\u00e9gionales du GSARA (celles de Charleroi, de Bruxelles et de la Province de Luxembourg). En amont, chacune de ces antennes avait r\u00e9uni quelques participants (affili\u00e9s du CPAS habitu\u00e9s du Service d\u2019Insertion Sociale Nemesis \u00e0 Charleroi, adultes volontaires r\u00e9unis \u00e0 l\u2019initiative de notre animatrice \u00e0 Marche-en-famenne, \u00e9l\u00e8ves de 7<sup>e<\/sup> pr\u00e9paratoire aux \u00e9coles sup\u00e9rieures d\u2019art de l\u2019Institut Saint-Luc secondaire \u00e0 Bruxelles). Lors d\u2019ateliers pr\u00e9paratoires, chacun de ces trois groupes a particip\u00e9 \u00e0 des ateliers d\u2019\u00e9ducation aux m\u00e9dias lors desquels ils ont visionn\u00e9 et analys\u00e9 des documentaires programm\u00e9s dans le cadre du MOIS DU DOC. Sur base de ces films, ils.elles ont pr\u00e9par\u00e9 leurs interventions derri\u00e8re les micros ou encore d\u00e9battu des th\u00e9matiques citoyennes abord\u00e9es par les cin\u00e9astes via leur moyen d\u2019expression.<\/p>\n\n\n\n<p>Cette premi\u00e8re tentative convaincante des VOIX DU DOC est une \u00e9dition exp\u00e9rimentale. Cette activit\u00e9 accomplit un programme d\u2019\u00e9ducation au cin\u00e9ma documentaire, d\u2019expression citoyenne, d\u2019initiation \u00e0 la pratique radiophonique, tout en cr\u00e9ant un dialogue interculturel et interg\u00e9n\u00e9rationnel. Une activit\u00e9 qui ne demande qu\u2019\u00e0 se d\u00e9ployer davantage, et nous envisageons d\u00e9j\u00e0 de la reproduire \u00e0 plus large \u00e9chelle en 2023. Une r\u00e9ussite qui n\u2019est pas le fruit du hasard et qui a d\u00fb essuyer quelques revers avant de trouver cette forme.<\/p>\n\n\n\n<figure class=\"wp-block-image size-large\"><img loading=\"lazy\" decoding=\"async\" width=\"1024\" height=\"576\" src=\"https:\/\/www.causestoujours.be\/wp-content\/uploads\/2022\/12\/DSC02518_OK-1024x576.jpg\" alt=\"\" class=\"wp-image-4273\" srcset=\"https:\/\/www.causestoujours.be\/wp-content\/uploads\/2022\/12\/DSC02518_OK-1024x576.jpg 1024w, https:\/\/www.causestoujours.be\/wp-content\/uploads\/2022\/12\/DSC02518_OK-300x169.jpg 300w, https:\/\/www.causestoujours.be\/wp-content\/uploads\/2022\/12\/DSC02518_OK-768x432.jpg 768w, https:\/\/www.causestoujours.be\/wp-content\/uploads\/2022\/12\/DSC02518_OK-1536x864.jpg 1536w, https:\/\/www.causestoujours.be\/wp-content\/uploads\/2022\/12\/DSC02518_OK-210x118.jpg 210w, https:\/\/www.causestoujours.be\/wp-content\/uploads\/2022\/12\/DSC02518_OK.jpg 2048w\" sizes=\"auto, (max-width: 1024px) 100vw, 1024px\" \/><\/figure>\n\n\n\n<p><strong>GEN\u00c8SE<\/strong><\/p>\n\n\n\n<p>Depuis la premi\u00e8re moiti\u00e9 des ann\u00e9es 2010, l\u2019antenne r\u00e9gionale du GSARA Bruxelles (d\u2019abord install\u00e9e \u00e0 Molenbeek et depuis peu \u00e0 Anderlecht) a acquis un savoir-faire, une exp\u00e9rience et une r\u00e9putation grandissante dans le domaine des ateliers radiophoniques. Les travailleurs.ses, men\u00e9.e.s par Thibault Coeckelberghs ont notamment produit de nombreuses \u00e9missions retransmises sur Radio-Panik (<em>Dans une heure c\u2019est termin\u00e9<\/em>, <em>Radio Maritime<\/em>) ou r\u00e9alis\u00e9 des outils p\u00e9dagogiques sous forme de documentaires sonores (<em>Les Radieuses <\/em>&#8211; 2015&nbsp;<em>;<\/em> <em>Portraits sur le fil du lien <\/em>&#8211; 2017). Pour garder une trace de ces pratiques, l\u2019\u00e9quipe du GSARA Bruxelles a aussi \u00e9labor\u00e9 le <em>Guide Pratique de l\u2019Atelier Radio <\/em>en 2016. Depuis 2019, cette antenne a \u00e9galement mis au point des formations destin\u00e9es aux travailleurs sociaux qui souhaitent utiliser l\u2019outil radiophonique dans le cadre de leurs ateliers, des formations qui se poursuivent souvent par un accompagnement \u00e0 la cr\u00e9ation d\u2019une web-radio ou \u00e0 la r\u00e9alisation de podcasts.<\/p>\n\n\n\n<p>Naturellement, les coordinateurs en \u00e9ducation permanente du GSARA se sont \u00e9vertu\u00e9s \u00e0 implanter ces bonnes pratiques dans les autres antennes r\u00e9gionales. Ainsi se sont cr\u00e9\u00e9es notamment l\u2019exp\u00e9rience <em>Radio Sans Nom<\/em> \u00e0 La Louvi\u00e8re ou encore la <em>Radio Artm\u00e9tiss<\/em> \u00e0 Jumet. Misant sur la mise au point d\u2019une pratique collective, nous avons r\u00e9alis\u00e9 trois exp\u00e9riences pr\u00e9c\u00e9dentes de RADIO CITOYENNE en&nbsp; 2019 et en 2020, trois \u00e9missions de deux heures chacune auxquelles ont particip\u00e9 divers groupes bruxellois, louvi\u00e9rois et marchois. Malgr\u00e9 leur pertinence en termes p\u00e9dagogiques et de construction participative (les sujets et contenus y \u00e9taient \u00e9labor\u00e9s conjointement lors de journ\u00e9es de travail communes entre les groupes), le bilan de ces exp\u00e9riences restait mitig\u00e9, trop laborieux dans l\u2019organisation, peu ludique, peu visible du fait de leur d\u00e9connexion \u00e0 un \u00e9v\u00e9nement d\u2019actualit\u00e9\u2026 Ces \u00e9missions se sont vues confront\u00e9es aux difficult\u00e9s d\u2019impulser une dynamique commune, attisant \u00e0 regret un sentiment de comp\u00e9tition entre les diff\u00e9rents groupes et parfois m\u00eame une forme de repli communautaire. En interne, nous dressions ce bilan mitig\u00e9 au premier trimestre 2020.<\/p>\n\n\n\n<figure class=\"wp-block-image size-large\"><img loading=\"lazy\" decoding=\"async\" width=\"1024\" height=\"576\" src=\"https:\/\/www.causestoujours.be\/wp-content\/uploads\/2022\/12\/DSC02529-1024x576.jpg\" alt=\"\" class=\"wp-image-4274\" srcset=\"https:\/\/www.causestoujours.be\/wp-content\/uploads\/2022\/12\/DSC02529-1024x576.jpg 1024w, https:\/\/www.causestoujours.be\/wp-content\/uploads\/2022\/12\/DSC02529-300x169.jpg 300w, https:\/\/www.causestoujours.be\/wp-content\/uploads\/2022\/12\/DSC02529-768x432.jpg 768w, https:\/\/www.causestoujours.be\/wp-content\/uploads\/2022\/12\/DSC02529-1536x864.jpg 1536w, https:\/\/www.causestoujours.be\/wp-content\/uploads\/2022\/12\/DSC02529-210x118.jpg 210w, https:\/\/www.causestoujours.be\/wp-content\/uploads\/2022\/12\/DSC02529.jpg 2048w\" sizes=\"auto, (max-width: 1024px) 100vw, 1024px\" \/><\/figure>\n\n\n\n<p><strong>REM\u00c9DIATION<\/strong><\/p>\n\n\n\n<p>La crise sanitaire nous a donn\u00e9 l\u2019opportunit\u00e9 de tester de nouveaux outils de travail en ligne mais aussi de prendre le temps de remettre en perspective certaines de nos pratiques. Progressivement, nous avons d\u00e9cid\u00e9 d\u2019\u00e9quiper nos antennes r\u00e9gionales de mat\u00e9riel adapt\u00e9 \u00e0 la cr\u00e9ation d\u2019un premier studio radiophonique. Des formations en ligne ont \u00e9t\u00e9 organis\u00e9es pour que nos animateurs puissent prendre en main des logiciels de montage son et de mixage. Lorsque les contraintes se sont assouplies, les travailleurs.ses de la r\u00e9gionale de Bruxelles ont d\u00e9livr\u00e9 en interne une formation \u00e0 l\u2019utilisation de l\u2019outil radiophonique \u00e0 vocation p\u00e9dagogique dans un contexte socio-culturel. Ascendance au travail, nous avons tir\u00e9 parti de ces moments d\u2019\u00e9changes entre praticiens pour revoir en profondeur notre projet radiophonique commun.<\/p>\n\n\n\n<p>Primo, nous avons d\u00e9cid\u00e9 de nous inscrire dans le cadre d\u2019un \u00e9v\u00e9nement pr\u00e9-existant. Ainsi le MOIS DU DOC s\u2019est impos\u00e9 naturellement. En effet, sa volont\u00e9 de frapper l\u2019ensemble de la F\u00e9d\u00e9ration Wallonie-Bruxelles est commune \u00e0 notre projet initial de cr\u00e9er un projet qui touche l\u2019ensemble de notre territoire d\u2019action. D\u2019autre part, la production, r\u00e9alisation et diffusion du cin\u00e9ma documentaire sont historiquement indissociables de notre structure, l\u2019analyse de ce medium est une des lignes directrices de notre action d\u2019\u00e9ducation aux m\u00e9dias et, \u00e9videmment ce cin\u00e9ma vivant et polymorphe ouvre des d\u00e9bats vers de nombreuses th\u00e9matiques de soci\u00e9t\u00e9. <em>Last but not least, <\/em>la dur\u00e9e de l\u2019\u00e9v\u00e9nement nous laisse une large de man\u0153uvre pratique non n\u00e9gligeable. Apr\u00e8s rencontre, les organisateurs du MOIS DU DOC se sont montr\u00e9s ravis de collaborer avec le GSARA pour cette exp\u00e9rience originale de m\u00e9diation culturelle, apportant leur soutien en termes de communication et de lien avec les films programm\u00e9s, leurs auteurs.trices et leurs producteurs.trices.<\/p>\n\n\n\n<p>Secundo, les nouvelles technologies, l\u2019exp\u00e9rience du travail en ligne et les investissements en mat\u00e9riel ont permis d\u2019apporter beaucoup plus de l\u00e9g\u00e8ret\u00e9 dans le dispositif. Chaque antenne r\u00e9gionale est devenue ind\u00e9pendante techniquement, chacun reste sur son territoire et les premiers \u00e9changes se font directement via les ondes, ce qui n\u2019emp\u00eache pas que des rencontres physiques puissent \u00eatre organis\u00e9es, notamment \u00e0 l\u2019occasion de l\u2019\u00e9valuation commune du projet, souvent organis\u00e9e autour d\u2019un moment convivial.<\/p>\n\n\n\n<figure class=\"wp-block-image size-large\"><img loading=\"lazy\" decoding=\"async\" width=\"1024\" height=\"576\" src=\"https:\/\/www.causestoujours.be\/wp-content\/uploads\/2022\/12\/DSC02563-1024x576.jpg\" alt=\"\" class=\"wp-image-4275\" srcset=\"https:\/\/www.causestoujours.be\/wp-content\/uploads\/2022\/12\/DSC02563-1024x576.jpg 1024w, https:\/\/www.causestoujours.be\/wp-content\/uploads\/2022\/12\/DSC02563-300x169.jpg 300w, https:\/\/www.causestoujours.be\/wp-content\/uploads\/2022\/12\/DSC02563-768x432.jpg 768w, https:\/\/www.causestoujours.be\/wp-content\/uploads\/2022\/12\/DSC02563-1536x864.jpg 1536w, https:\/\/www.causestoujours.be\/wp-content\/uploads\/2022\/12\/DSC02563-210x118.jpg 210w, https:\/\/www.causestoujours.be\/wp-content\/uploads\/2022\/12\/DSC02563.jpg 2048w\" sizes=\"auto, (max-width: 1024px) 100vw, 1024px\" \/><\/figure>\n\n\n\n<p><strong>BILAN<\/strong><\/p>\n\n\n\n<p>Dr\u00f4les, pertinentes et agr\u00e9ables \u00e0 l\u2019\u00e9coute, les deux \u00e9missions r\u00e9alis\u00e9es dans le cadre du Mois Du Doc 2022 nous encouragent \u00e0 poursuivre et am\u00e9liorer l\u2019activit\u00e9. Les participant.e.s ont appr\u00e9ci\u00e9 la souplesse du projet, ses espaces de libert\u00e9 et de cr\u00e9ation (ils.elles ont choisi certains films trait\u00e9s, r\u00e9alis\u00e9 des habillages, collabor\u00e9 \u00e0 des interviews ou \u00e0 la programmation musicale). Les animateurs.trices responsabilis\u00e9.e.s et ind\u00e9pendant.e.s vis-\u00e0-vis de la technique ont mis en pratique leurs nouvelles comp\u00e9tences acquises au cours des mois pr\u00e9c\u00e9dents. Malgr\u00e9 la distance g\u00e9ographique et l\u2019apparente complexit\u00e9 du processus, LES VOIX DU DOC s\u2019est r\u00e9v\u00e9l\u00e9 un v\u00e9ritable espace d\u2019\u00e9change interculturel et interg\u00e9n\u00e9rationnel, les films documentaires constituant les r\u00e9f\u00e9rentiels communs desquels \u00e9mergent naturellement des sujets de soci\u00e9t\u00e9 (l\u2019accueil des migrants, l\u2019implication des jeunes dans la vie politique, l\u2019\u00e9galit\u00e9 des sexes), autant de pr\u00e9misses possibles d\u2019un travail d\u2019action citoyenne \u00e0 venir.<\/p>\n\n\n\n<p>Ces r\u00e9sultats enthousiasmants sont donc bien le fruit de l\u2019ascendance du proc\u00e9d\u00e9, c\u2019est bien de nos pratiques de terrain, de nos exp\u00e9riences et de la consultation de nos travailleurs qu\u2019est n\u00e9e cette action coh\u00e9rente avec l\u2019ADN de notre structure, centrifuge (elle ouvre potentiellement la voie \u00e0 d\u2019autres actions d\u2019\u00e9ducation permanente), et qui touche l\u2019ensemble de notre territoire d\u2019action. Il nous tarde d\u00e9j\u00e0 de renouveler l\u2019aventure en 2023, en y impliquant davantage d\u2019antennes r\u00e9gionales et de participant.e.s.<\/p>\n\n\n\n<p><strong>Les \u00e9missions sont \u00e0 retrouver ici&nbsp;: <a href=\"https:\/\/gsara.be\/ateliersmedias\/les-voix-du-doc\/\">https:\/\/gsara.be\/ateliersmedias\/les-voix-du-doc\/<\/a><\/strong><\/p>\n\n\n\n<p class=\"has-text-align-right\"><strong>Olivier Grinnaert, Coordinateur p\u00e9dagogique pour le GSARA asbl.<\/strong><\/p>\n","protected":false},"excerpt":{"rendered":"<p>\u00c0 travers la mise en ondes de cette Radio-citoyenne \u00e0 l\u2019occasion du Mois du Doc, focus sur un pr\u00e9cepte de l\u2019\u00c9ducation Permanente qui se retrouve au c\u0153ur de la dynamique interne au Gsara.<\/p>\n","protected":false},"author":10,"featured_media":4272,"comment_status":"closed","ping_status":"open","sticky":false,"template":"","format":"standard","meta":{"footnotes":""},"categories":[1],"tags":[],"class_list":["post-4263","post","type-post","status-publish","format-standard","has-post-thumbnail","hentry","category-uncategorized"],"_links":{"self":[{"href":"https:\/\/www.causestoujours.be\/wp-json\/wp\/v2\/posts\/4263","targetHints":{"allow":["GET"]}}],"collection":[{"href":"https:\/\/www.causestoujours.be\/wp-json\/wp\/v2\/posts"}],"about":[{"href":"https:\/\/www.causestoujours.be\/wp-json\/wp\/v2\/types\/post"}],"author":[{"embeddable":true,"href":"https:\/\/www.causestoujours.be\/wp-json\/wp\/v2\/users\/10"}],"replies":[{"embeddable":true,"href":"https:\/\/www.causestoujours.be\/wp-json\/wp\/v2\/comments?post=4263"}],"version-history":[{"count":8,"href":"https:\/\/www.causestoujours.be\/wp-json\/wp\/v2\/posts\/4263\/revisions"}],"predecessor-version":[{"id":4295,"href":"https:\/\/www.causestoujours.be\/wp-json\/wp\/v2\/posts\/4263\/revisions\/4295"}],"wp:featuredmedia":[{"embeddable":true,"href":"https:\/\/www.causestoujours.be\/wp-json\/wp\/v2\/media\/4272"}],"wp:attachment":[{"href":"https:\/\/www.causestoujours.be\/wp-json\/wp\/v2\/media?parent=4263"}],"wp:term":[{"taxonomy":"category","embeddable":true,"href":"https:\/\/www.causestoujours.be\/wp-json\/wp\/v2\/categories?post=4263"},{"taxonomy":"post_tag","embeddable":true,"href":"https:\/\/www.causestoujours.be\/wp-json\/wp\/v2\/tags?post=4263"}],"curies":[{"name":"wp","href":"https:\/\/api.w.org\/{rel}","templated":true}]}}