{"id":4370,"date":"2023-07-06T08:08:35","date_gmt":"2023-07-06T07:08:35","guid":{"rendered":"https:\/\/www.causestoujours.be\/?p=4370"},"modified":"2023-07-21T06:52:09","modified_gmt":"2023-07-21T05:52:09","slug":"vivre-pour-des-idees-objet-audio-visuel-transversal-et-militant","status":"publish","type":"post","link":"https:\/\/www.causestoujours.be\/vivre-pour-des-idees-objet-audio-visuel-transversal-et-militant\/","title":{"rendered":"\u00ab\u00a0Vivre pour des id\u00e9es\u00a0\u00bb, objet audio-visuel transversal et militant"},"content":{"rendered":"\n<p><strong>Entretien avec Eric D\u2019Agostino \u00e0 l\u2019occasion de la sortie de son dernier documentaire adapt\u00e9 en podcast.<\/strong><\/p>\n\n\n\n<p>Regard vif, chevelure singuli\u00e8re et clope roul\u00e9e sur un coin de table. Eric D\u2019Agostino ne passe pas inaper\u00e7u, et sa cons\u00e9quente filmographie non plus d\u2019ailleurs. Sc\u00e9nariste, r\u00e9alisateur, journaliste, ing\u00e9nieur du son, musicien. Ce cr\u00e9ateur touche-\u00e0-tout aux projets multi-facettes a toujours v\u00e9cu pour des id\u00e9es. \u00c7a tombe bien, vu l\u2019intitul\u00e9 du dernier projet de cet ancien de l\u2019IAD (Institut des Arts de Diffusion, section \u00ab&nbsp;\u00c9criture de sc\u00e9nario&nbsp;\u00bb) qui a sign\u00e9 de nombreuses productions radiophoniques et s\u2019est \u00e9galement illustr\u00e9 par ses documentaires, dont \u00ab&nbsp;La nef des fous&nbsp;\u00bb (2015), couronn\u00e9 de nombreux prix.<\/p>\n\n\n\n<p>Avec \u00abVivre pour des id\u00e9es, vers une nouvelle d\u00e9mocratie&nbsp;?&nbsp;\u00bb (Belgique, 57\u2019 \u2013 2023, produit par Less is More Studio, avec le GSARA asbl et la RTBF (Unit\u00e9 Documentaire)), Eric D\u2019Agostino et J\u00e9r\u00f4me Van Grunderbeeck s\u2019immergent au sein d\u2019un projet de soci\u00e9t\u00e9 in\u00e9dit: la premi\u00e8re commission d\u00e9lib\u00e9rative de Belgique, en suivant pas \u00e0 pas les parcours de Fadhela, l\u2019aide-cuisini\u00e8re, Jean-Fran\u00e7ois, l\u2019\u00e9b\u00e9niste, ou encore \u00c9lo\u00efse, l\u2019\u00e9tudiante. Ces citoyens qui ont \u00e9t\u00e9 tir\u00e9s au sort pour participer \u00e0 une exp\u00e9rience unique au monde.<\/p>\n\n\n\n<p>Ce documentaire diffus\u00e9 sur La Trois (RTBF) \u00e0 la fin mai (et <a rel=\"noreferrer noopener\" href=\"https:\/\/auvio.rtbf.be\/media\/vivre-pour-des-idees-vers-une-nouvelle-democratie-3038198\" target=\"_blank\">disponible sur Auvio jusqu\u2019au 20 ao\u00fbt<\/a>) pr\u00e9sente une particularit\u00e9&nbsp;: son adaptation au format radiophonique dans<a rel=\"noreferrer noopener\" href=\"https:\/\/auvio.rtbf.be\/media\/transversales-3031020\" target=\"_blank\"> l\u2019\u00e9mission hebdomadaire Transversales (La Premi\u00e8re)<\/a>. Confidences, anecdotes et secrets de fabrication d\u2019un documentaire radio et TV, original et engag\u00e9.<\/p>\n\n\n\n<figure class=\"wp-block-embed is-type-video is-provider-youtube wp-block-embed-youtube wp-embed-aspect-16-9 wp-has-aspect-ratio\"><div class=\"wp-block-embed__wrapper\">\n<iframe loading=\"lazy\" title=\"Vivre Pour des Id\u00e9es Teaser\" width=\"720\" height=\"405\" src=\"https:\/\/www.youtube.com\/embed\/oxqG5IakYmw?feature=oembed\" frameborder=\"0\" allow=\"accelerometer; autoplay; clipboard-write; encrypted-media; gyroscope; picture-in-picture; web-share\" allowfullscreen><\/iframe>\n<\/div><figcaption class=\"wp-element-caption\"><em>\u00ab\u00a0Vivre pour des id\u00e9es,vers une nouvelle d\u00e9mocratie ?\u00a0\u00bb &#8211; Teaser<\/em>.<\/figcaption><\/figure>\n\n\n\n<p><strong>Eric D\u2019Agostino, racontez-nous la gen\u00e8se de votre dernier projet \u00ab&nbsp;Vivre pour des id\u00e9es&nbsp;\u00bb.<\/strong><\/p>\n\n\n\n<p>Le projet de base de \u00ab&nbsp;Vivre pour des id\u00e9es&nbsp;\u00bb, c\u2019est un documentaire TV. Au d\u00e9part, c\u2019\u00e9tait un projet sans voix off. J\u2019ai toujours fait des films o\u00f9 c\u2019est l\u2019image qui parle, il n\u2019y a pas d\u2019accompagnement par une voix off. On a tourn\u00e9 pendant pr\u00e8s d\u2019un an et demi. Au bout d\u2019une ann\u00e9e, on avait les trois quarts de la mati\u00e8re, mais pas encore la conclusion qui s\u2019est d\u00e9roul\u00e9e 9 mois plus tard. On a alors mont\u00e9 cette mati\u00e8re brute. Grand partisan de visions tests, j\u2019en ai organis\u00e9 plusieurs chez moi avec des amis r\u00e9alisateurs, des quidams, des gens de la profession ou pas. Pour sentir si le film prenait, parce que le d\u00e9fi \u00e9tait complexe : rendre une th\u00e9matique complexe, \u00e0 savoir \u00ab&nbsp;la d\u00e9mocratie d\u00e9lib\u00e9rative&nbsp;\u00bb qui rebute tout le monde au d\u00e9part, et parvenir \u00e0 raconter une histoire et \u00e0 poser un regard cin\u00e9matographique et narratif.<\/p>\n\n\n\n<p><strong>Quelles \u00e9taient vos impressions \u00e0 l\u2019issue de cette premi\u00e8re \u00e9tape&nbsp;?<\/strong><\/p>\n\n\n\n<p>Je dois bien avouer qu\u2019en montant bout \u00e0 bout les s\u00e9quences, j\u2019\u00e9tais d\u00e9sesp\u00e9r\u00e9. Le r\u00e9sultat de l&rsquo;ours, comme on l&rsquo;appelle dans notre jargon, rendait une vision totalement n\u00e9gative du sujet. Apr\u00e8s r\u00e9flexion avec J\u00e9r\u00f4me Van Grunderbeeck, il a \u00e9t\u00e9 convenu qu\u2019il fallait accompagner le processus, pour l\u2019expliquer, le contextualiser. \u00c9tant donn\u00e9 qu\u2019il s\u2019agissait d\u2019une premi\u00e8re exp\u00e9rience de d\u00e9mocratie participative, les protagonistes et les organisateurs ont essuy\u00e9 les pl\u00e2tres, il fallait redonner de la distance avec les situations, montrer que cette immersion n\u2019\u00e9tait pas une finalit\u00e9 en soi. Nous avons d\u00e8s lors fait le choix d\u2019introduire une voix-off. Mais m\u00eame avec la voix-off je n\u2019\u00e9tais pas encore satisfait du r\u00e9sultat, car elle ne suffisait pas \u00e0 donner de la l\u00e9gitimit\u00e9 \u00e0 ce projet de \u00ab&nbsp;d\u00e9mocratie d\u00e9lib\u00e9rative&nbsp;\u00bb. J\u2019avais besoin qu&rsquo;on prenne encore plus de hauteur par rapport au sujet.<\/p>\n\n\n\n<blockquote class=\"wp-block-quote is-layout-flow wp-block-quote-is-layout-flow\">\n<blockquote class=\"wp-block-quote is-layout-flow wp-block-quote-is-layout-flow\">\n<h2 class=\"wp-block-heading has-text-align-center\"><em>\u00ab\u00a0Le d\u00e9clencheur de l\u2019id\u00e9e de la version radio, c\u2019est ma femme.\u00a0\u00bb<\/em><\/h2>\n<\/blockquote>\n<\/blockquote>\n\n\n\n<p><strong>Comment avez-vous rebondi face \u00e0 cet \u00e9cueil&nbsp;?<\/strong><\/p>\n\n\n\n<p>Avec l\u2019arriv\u00e9e de David Van Reybrouck<a id=\"sdfootnote1anc\" href=\"#sdfootnote1sym\"><sup>1<\/sup><\/a> comme interlocuteur au sein du film. Pour r\u00e9sumer, c\u2019est un film en trois couches. Primo, il y a le suivi du processus technique d\u00e9lib\u00e9ratif. Deuzio, il y a le regard des citoyens, c\u2019est ce qui m\u2019int\u00e9ressait principalement. J\u2019\u00e9tais convaincu que via cette approche j\u2019allais faire un film qui se regarde, et non pas un film institutionnel. J\u2019avais tr\u00e8s peur de \u00e7a, de faire un film poussi\u00e9reux, ennuyeux. Mais m\u00eame avec ces \u00e9l\u00e9ments accompagn\u00e9s de la voix-off, le r\u00e9sultat n\u2019\u00e9tait pas l\u00e0. On en arrive donc au Tertio, o\u00f9 on a pris de la hauteur par le regard et les analyses pertinentes de David Van Reybrouck. David, est un personnage fabuleux, \u00e0 la fois brillant et populaire, v\u00e9ritable p\u00e8re de la d\u00e9mocratie d\u00e9lib\u00e9rative en Belgique. Je l&rsquo;ai invit\u00e9 chez moi tout simplement, on a install\u00e9 un peu de lumi\u00e8re, j&rsquo;ai sorti mon meilleur micro et voil\u00e0. Tout \u00e0 coup, il a donn\u00e9 du relief au film, il y a un r\u00e9cit qui se cr\u00e9e.<\/p>\n\n\n\n<blockquote class=\"wp-block-quote is-layout-flow wp-block-quote-is-layout-flow\">\n<figure class=\"wp-block-image size-large\"><img loading=\"lazy\" decoding=\"async\" width=\"1024\" height=\"576\" src=\"https:\/\/www.causestoujours.be\/wp-content\/uploads\/2023\/06\/david-van-reybrouck--1024x576.jpg\" alt=\"\" class=\"wp-image-4382\" srcset=\"https:\/\/www.causestoujours.be\/wp-content\/uploads\/2023\/06\/david-van-reybrouck--1024x576.jpg 1024w, https:\/\/www.causestoujours.be\/wp-content\/uploads\/2023\/06\/david-van-reybrouck--300x169.jpg 300w, https:\/\/www.causestoujours.be\/wp-content\/uploads\/2023\/06\/david-van-reybrouck--768x432.jpg 768w, https:\/\/www.causestoujours.be\/wp-content\/uploads\/2023\/06\/david-van-reybrouck--1536x864.jpg 1536w, https:\/\/www.causestoujours.be\/wp-content\/uploads\/2023\/06\/david-van-reybrouck--210x118.jpg 210w, https:\/\/www.causestoujours.be\/wp-content\/uploads\/2023\/06\/david-van-reybrouck-.jpg 1920w\" sizes=\"auto, (max-width: 1024px) 100vw, 1024px\" \/><figcaption class=\"wp-element-caption\"><em>David Van Reybrouck, le p\u00e8re de la d\u00e9mocratie d\u00e9lib\u00e9rative en Belgique, a donn\u00e9 un nouvel \u00e9lan au film.<\/em><\/figcaption><\/figure>\n<\/blockquote>\n\n\n\n<p><\/p>\n\n\n\n<p><strong>Cette id\u00e9e d\u2019adapter votre documentaire en version audio, d\u2019o\u00f9 provient-elle ?<\/strong><\/p>\n\n\n\n<p>C\u2019est vrai qu\u2019en tournant les images, je pensais d\u00e9j\u00e0 \u00e0 la radio. Pendant 10 ans, j\u2019ai r\u00e9alis\u00e9 des s\u00e9ries, des reportages, des documentaires radiophoniques et j\u2019ai \u00e9galement une longue exp\u00e9rience comme ing\u00e9nieur du son. Sur le film, c&rsquo;est moi qui ait pris le son, toute cette exp\u00e9rience m\u2019a servi pour d\u00e9cliner le projet en version audio.<\/p>\n\n\n\n<p>Mais le d\u00e9clencheur de l\u2019id\u00e9e de la version radio, c\u2019est ma femme. Lors d\u2019une des premi\u00e8res visions de l\u2019ours, j\u2019avais convi\u00e9 deux personnes ce jour-l\u00e0. Ma femme \u00e9tait dans une autre pi\u00e8ce de la maison, elle travaillait sur son ordinateur pendant la vision. Elle ne connaissait quasi rien du projet, et alors qu\u2019on mange un bout ensemble apr\u00e8s la vision, elle me dit&nbsp;: <em>\u00ab&nbsp;c\u2019est vachement int\u00e9ressant, la th\u00e9matique, le sujet&nbsp;\u00bb. <\/em>Je lui r\u00e9ponds: <em>\u00abtu n\u2019as rien vu, tu \u00e9tais \u00e0 15 m\u00e8tres avec un mauvais son, pas mix\u00e9, raconte moi le film, je n\u2019y crois pas\u00bb<\/em>. Elle me raconte tout. L\u00e0, je tombe de ma chaise et \u00e7a fait tilt.<\/p>\n\n\n\n<p><strong>Et le projet prend forme tr\u00e8s rapidement apr\u00e8s cette prise de conscience\u2026<\/strong><\/p>\n\n\n\n<p>Oui, je voulais \u00eatre efficace. Dans la foul\u00e9e, j\u2019en ai parl\u00e9 \u00e0 Olivier Nederlandt, journaliste radio \u00e0 la RTBF, qui s\u2019occupe du magazine grand format \u00ab\u00a0Transversales\u00a0\u00bb. J\u2019avais besoin d\u2019\u00eatre fix\u00e9 rapidement pour ne pas qu&rsquo;on se lance dans un \u00e9norme montage radio et qu\u2019il ne soit, en fin de compte, pas diffus\u00e9. J\u2019ai donc demand\u00e9 \u00e0 Olivier d\u2019\u00e9couter le documentaire dans sa version TV sans l\u2019image et de me donner son avis sur une possible d\u00e9clinaison en radio. Olivier a jou\u00e9 le jeu. Quelques jours plus tard il me rappelle et me dit&nbsp;:<em> \u00ab&nbsp;je partage ton avis, il faut qu\u2019on retravaille certaines parties bien entendu, mais c\u2019est exploitable&nbsp;\u00bb.<\/em><\/p>\n\n\n\n<p><strong>Vous vous lancez alors dans un travail de r\u00e9\u00e9criture radiophonique.<\/strong><\/p>\n\n\n\n<p>On est parti d\u2019une \u00e9vidence&nbsp;: toutes les parties du film qui se r\u00e9v\u00e9laient incompr\u00e9hensibles sans l\u2019image, on les a accompagn\u00e9es en voix-off et biens\u00fbr enregistrer en son les sous-titres \u00e9crits. En radio, cela signifie introduire l\u2019interlocuteur, toujours en voix-off, pour le pr\u00e9senter au moment de son intervention. Ce qui fonctionne vraiment bien avec ce documentaire, c\u2019est qu\u2019on reconna\u00eet imm\u00e9diatement les citoyens lorsqu\u2019ils parlent, on comprend directement de qui il s\u2019agit. Pareil quand c\u2019est un expert qui s\u2019exprime. Je dois donc avouer que je suis assez \u00e9pat\u00e9 et surpris du r\u00e9sultat radio parce qu\u2019avec peu de recontextualisation, le r\u00e9sultat est fluide, \u00e7a passe tout seul \u00e0 l\u2019oreille. C\u2019est m\u00eame bluffant&nbsp;! D\u2019ailleurs, on a re\u00e7u beaucoup de retours enthousiastes. Le montage TV est souvent plus <em>cut<\/em> qu&rsquo;on radio, et l\u00e0 \u00e7a passe. Ces coupures s\u00e8ches, ces changements d\u2019ambiance fort marqu\u00e9s d\u2019une s\u00e9quence \u00e0 l\u2019autre, on ne faisait pas \u00e7a en radio il y a 10 ans. Je pense que le public s\u2019est habitu\u00e9 aux <em>jump-cuts <\/em>qu&rsquo;ils soient utilis\u00e9s en radio ou en TV.<\/p>\n\n\n\n<figure class=\"wp-block-image size-large\"><img loading=\"lazy\" decoding=\"async\" width=\"1024\" height=\"576\" src=\"https:\/\/www.causestoujours.be\/wp-content\/uploads\/2023\/06\/Eric-realisateur-1-1024x576.jpg\" alt=\"\" class=\"wp-image-4383\" srcset=\"https:\/\/www.causestoujours.be\/wp-content\/uploads\/2023\/06\/Eric-realisateur-1-1024x576.jpg 1024w, https:\/\/www.causestoujours.be\/wp-content\/uploads\/2023\/06\/Eric-realisateur-1-300x169.jpg 300w, https:\/\/www.causestoujours.be\/wp-content\/uploads\/2023\/06\/Eric-realisateur-1-768x432.jpg 768w, https:\/\/www.causestoujours.be\/wp-content\/uploads\/2023\/06\/Eric-realisateur-1-1536x864.jpg 1536w, https:\/\/www.causestoujours.be\/wp-content\/uploads\/2023\/06\/Eric-realisateur-1-210x118.jpg 210w, https:\/\/www.causestoujours.be\/wp-content\/uploads\/2023\/06\/Eric-realisateur-1.jpg 1920w\" sizes=\"auto, (max-width: 1024px) 100vw, 1024px\" \/><figcaption class=\"wp-element-caption\"><em>Eric D&rsquo;Agostino en pleine s\u00e9ance d&rsquo;\u00e9criture.<\/em><\/figcaption><\/figure>\n\n\n\n<p><strong>Tout ce processus d\u2019adaptation, vous ne l\u2019avez donc r\u00e9alis\u00e9 qu\u2019\u00e0 deux, avec Olivier Nederlandt ?<\/strong><\/p>\n\n\n\n<p>Oui, on s\u2019est fait beaucoup de propositions, et on a modifi\u00e9 au minimum. Tout a ensuite \u00e9t\u00e9 remont\u00e9 \u00e0 la RTBF. Il \u00e9tait de toute fa\u00e7on hors de question de r\u00e9\u00e9crire le film sp\u00e9cifiquement pour la radio. Et cela a fonctionn\u00e9, parce que le mat\u00e9riau de base s\u2019y pr\u00eatait tr\u00e8s bien et permet de raconter cette histoire simplement \u00e0 l\u2019oral. Ce n\u2019\u00e9tait pas couru d\u2019avance pourtant puisqu\u2019il y a quand m\u00eame cinq personnages principaux qu\u2019il fallait faire exister \u00e9galement en radio. Reconna\u00eetre les voix, se les repr\u00e9senter d\u2019une mani\u00e8re ou d\u2019une autre et avancer avec chacun des protagonistes dans leur intrigue. La belle surprise, c\u2019est que les voix se reconnaissent. Il n&rsquo;y a donc pas eu beaucoup de retouches \u00e0 introduire, les personnages roulaient tous seuls.<\/p>\n\n\n\n<blockquote class=\"wp-block-quote is-layout-flow wp-block-quote-is-layout-flow\">\n<h2 class=\"wp-block-heading\">\u00ab\u00a0<em>J\u2019aime beaucoup cette id\u00e9e de la petite histoire qui rejoint la grande.&nbsp;\u00bb<\/em><\/h2>\n<\/blockquote>\n\n\n\n<p><strong>La musique joue \u00e9galement un r\u00f4le cons\u00e9quent dans ce film, ce qui donne du relief au format audio.<\/strong><\/p>\n\n\n\n<p>Et c\u2019est assez in\u00e9dit d\u2019ailleurs pour moi. Habituellement, je travaille toujours sans musique, mais ici je tenais \u00e0 collaborer avec un compositeur qui a \u00e9crit pour l\u2019occasion, avec des musiques tr\u00e8s justes qui collent vraiment bien aux s\u00e9quences. \u00c9tant moi-m\u00eame musicien, j\u2019ai jou\u00e9 de la contre-basse sur certains passages. Le style musical, on l\u2019a vraiment cherch\u00e9 pour atteindre un style pur, r\u00e9aliste qui fasse \u00e9cho \u00e0 ce que traversent ces citoyens. On a \u00e9vit\u00e9 d\u2019utiliser des r\u00e9verb\u00e9rations ou des effets sp\u00e9ciaux pour privil\u00e9gier des instruments naturels. On a pris un long moment de r\u00e9flexion. Quelle musique, quoi, comment&nbsp;? Quelle ambiance&nbsp;? On a d&rsquo;abord observ\u00e9 que les musiques qui fonctionnaient sur le film \u00e9taient en majeur, celles en mineur ne convenaient pas parce qu\u2019elles donnaient un c\u00f4t\u00e9 nostalgique ou m\u00e9lancolique. Or, le but du film c\u2019est d\u2019aller de l\u2019avant, donner de l\u2019espoir. Amine, le compositeur, a tout d&rsquo;abord propos\u00e9 des tempos autour de 100 \u00e0 la noire. On a remarqu\u00e9 que le film demandait des musiques \u00e0 tempo rapide \u00e0 plus de 120 \u00e0 la noire. M\u00eame si les musiques paraissent lentes, elles ont des tempos \u00e9lev\u00e9s. On ne s\u2019en rend pas du tout compte. Ce n\u2019\u00e9tait d\u2019ailleurs pas du tout ce que j\u2019aurais imagin\u00e9 a priori&nbsp;: des compositions en majeur \u00e0 tempo rapide pour appuyer le film.<\/p>\n\n\n\n<figure class=\"wp-block-image size-large\"><img loading=\"lazy\" decoding=\"async\" width=\"1024\" height=\"576\" src=\"https:\/\/www.causestoujours.be\/wp-content\/uploads\/2023\/06\/lequipe-filme-les-citoyens-1-1-1024x576.jpg\" alt=\"\" class=\"wp-image-4384\" srcset=\"https:\/\/www.causestoujours.be\/wp-content\/uploads\/2023\/06\/lequipe-filme-les-citoyens-1-1-1024x576.jpg 1024w, https:\/\/www.causestoujours.be\/wp-content\/uploads\/2023\/06\/lequipe-filme-les-citoyens-1-1-300x169.jpg 300w, https:\/\/www.causestoujours.be\/wp-content\/uploads\/2023\/06\/lequipe-filme-les-citoyens-1-1-768x432.jpg 768w, https:\/\/www.causestoujours.be\/wp-content\/uploads\/2023\/06\/lequipe-filme-les-citoyens-1-1-1536x864.jpg 1536w, https:\/\/www.causestoujours.be\/wp-content\/uploads\/2023\/06\/lequipe-filme-les-citoyens-1-1-210x118.jpg 210w, https:\/\/www.causestoujours.be\/wp-content\/uploads\/2023\/06\/lequipe-filme-les-citoyens-1-1.jpg 1920w\" sizes=\"auto, (max-width: 1024px) 100vw, 1024px\" \/><figcaption class=\"wp-element-caption\"><em>J\u00e9r\u00f4me Van Grunderbeeck (avec la cam\u00e9ra) et Eric D\u2019Agostino (avec le micro) durant le tournage.<\/em><\/figcaption><\/figure>\n\n\n\n<p><strong>Que retenez-vous de cette longue aventure au c\u0153ur du syst\u00e8me institutionnel et d\u00e9mocratique&nbsp;?<\/strong><\/p>\n\n\n\n<p>Ce qui m\u2019anime c\u2019est la cr\u00e9ation, et surtout, proposer un film qui va amener du d\u00e9bat. \u00ab&nbsp;Vivre pour des id\u00e9es&nbsp;\u00bb est un v\u00e9ritable projet militant mais tout en restant critique et en pr\u00e9servant une certaine neutralit\u00e9. Ce projet de \u00ab&nbsp;d\u00e9mocratie d\u00e9lib\u00e9rative&nbsp;\u00bb, c\u2019est un b\u00e9b\u00e9 qui vient de na\u00eetre, il doit apprendre \u00e0 grandir, \u00e0 marcher et c\u2019est super d\u2019\u00eatre \u00e0 la base de cette initiative, d\u2019y avoir cru. Parce qu\u2019au d\u00e9part, personne n\u2019en voulait de ce projet. Ni les producteurs, ni la RTBF. On est parti J\u00e9r\u00f4me et moi, cam\u00e9ra \u00e0 l\u2019\u00e9paule et micro en bandouli\u00e8re, et on s\u2019est dit \u00ab&nbsp;on va voir si on peut suivre ces citoyens chez eux&nbsp;\u00bb. Ce qui m\u2019int\u00e9ressait, c\u2019\u00e9tait de capter ces citoyens dans leur vie priv\u00e9e, dans leur ressenti, de vivre avec eux, de les filmer \u00e0 hauteur d&rsquo;homme, et de conter leur exp\u00e9rience de tirage au sort et de d\u00e9mocratie d\u00e9lib\u00e9rative. J\u2019aime beaucoup cette id\u00e9e de la petite histoire qui rejoint la grande.<\/p>\n\n\n\n<p><strong>Pensez-vous l\u2019avoir captur\u00e9e cette convergence de la petite et de la grande histoire&nbsp;?<\/strong><\/p>\n\n\n\n<p>Ce qui m\u2019a frapp\u00e9, c\u2019est que quasi tous les citoyens qui ont particip\u00e9 \u00e0 cette aventure m\u2019ont dit \u00e0 l\u2019issue du tournage: \u00ab&nbsp;on ne votera plus de la m\u00eame mani\u00e8re&nbsp;\u00bb. J\u2019ai l\u2019utopie de travailler au jour le jour \u00e0 un monde meilleur avec mes amis, ma famille et dans mes films. C\u2019est donc une piste cette d\u00e9mocratie d\u00e9lib\u00e9rative mais il y a encore du boulot. Et puis, bosser notamment avec le GSARA, c\u2019\u00e9tait primordial pour moi. Parce que le but de ce projet, ce sont des projections dans les \u00e9coles, les centres culturels ou les maisons de jeunes pour cr\u00e9er du d\u00e9bat. C\u2019est d\u2019autant plus important qu\u2019on en parle tr\u00e8s peu de la \u00ab&nbsp;d\u00e9mocratie d\u00e9lib\u00e9rative&nbsp;\u00bb, parce que c\u2019est un sujet qui n\u2019est pas du tout sexy. Je voulais raconter une histoire et ne pas faire un \u00e9ni\u00e8me film institutionnel rasoir. C\u2019est notre grande r\u00e9ussite je pense.<\/p>\n\n\n\n<p><a id=\"sdfootnote1sym\" href=\"#sdfootnote1anc\">1<\/a>\u00c9crivain, historien, arch\u00e9ologue et anthropologue belge. En 2011-2012, il fut l&rsquo;un des initiateurs et animateurs du G1000, une initiative rassemblant un millier de Belges des deux communaut\u00e9s linguistiques principales, \u00e0 la recherche d&rsquo;une autre organisation de la d\u00e9mocratie dans le pays.<\/p>\n\n\n\n<figure class=\"wp-block-image size-large\"><img loading=\"lazy\" decoding=\"async\" width=\"1024\" height=\"576\" src=\"https:\/\/www.causestoujours.be\/wp-content\/uploads\/2023\/06\/DSC02795-1024x576.jpg\" alt=\"\" class=\"wp-image-4390\" srcset=\"https:\/\/www.causestoujours.be\/wp-content\/uploads\/2023\/06\/DSC02795-1024x576.jpg 1024w, https:\/\/www.causestoujours.be\/wp-content\/uploads\/2023\/06\/DSC02795-300x169.jpg 300w, https:\/\/www.causestoujours.be\/wp-content\/uploads\/2023\/06\/DSC02795-768x432.jpg 768w, https:\/\/www.causestoujours.be\/wp-content\/uploads\/2023\/06\/DSC02795-1536x864.jpg 1536w, https:\/\/www.causestoujours.be\/wp-content\/uploads\/2023\/06\/DSC02795-210x118.jpg 210w, https:\/\/www.causestoujours.be\/wp-content\/uploads\/2023\/06\/DSC02795.jpg 2048w\" sizes=\"auto, (max-width: 1024px) 100vw, 1024px\" \/><figcaption class=\"wp-element-caption\"><em>Les r\u00e9alisateurs face au public lors de l&rsquo;avant-premi\u00e8re au Palace le dimanche 21 mai dernier.<\/em><\/figcaption><\/figure>\n","protected":false},"excerpt":{"rendered":"<p>Entretien avec Eric D\u2019Agostino \u00e0 l\u2019occasion de la sortie de son dernier documentaire adapt\u00e9 en podcast.<\/p>\n","protected":false},"author":10,"featured_media":4377,"comment_status":"closed","ping_status":"open","sticky":false,"template":"","format":"standard","meta":{"footnotes":""},"categories":[1],"tags":[],"class_list":["post-4370","post","type-post","status-publish","format-standard","has-post-thumbnail","hentry","category-uncategorized"],"_links":{"self":[{"href":"https:\/\/www.causestoujours.be\/wp-json\/wp\/v2\/posts\/4370","targetHints":{"allow":["GET"]}}],"collection":[{"href":"https:\/\/www.causestoujours.be\/wp-json\/wp\/v2\/posts"}],"about":[{"href":"https:\/\/www.causestoujours.be\/wp-json\/wp\/v2\/types\/post"}],"author":[{"embeddable":true,"href":"https:\/\/www.causestoujours.be\/wp-json\/wp\/v2\/users\/10"}],"replies":[{"embeddable":true,"href":"https:\/\/www.causestoujours.be\/wp-json\/wp\/v2\/comments?post=4370"}],"version-history":[{"count":25,"href":"https:\/\/www.causestoujours.be\/wp-json\/wp\/v2\/posts\/4370\/revisions"}],"predecessor-version":[{"id":4488,"href":"https:\/\/www.causestoujours.be\/wp-json\/wp\/v2\/posts\/4370\/revisions\/4488"}],"wp:featuredmedia":[{"embeddable":true,"href":"https:\/\/www.causestoujours.be\/wp-json\/wp\/v2\/media\/4377"}],"wp:attachment":[{"href":"https:\/\/www.causestoujours.be\/wp-json\/wp\/v2\/media?parent=4370"}],"wp:term":[{"taxonomy":"category","embeddable":true,"href":"https:\/\/www.causestoujours.be\/wp-json\/wp\/v2\/categories?post=4370"},{"taxonomy":"post_tag","embeddable":true,"href":"https:\/\/www.causestoujours.be\/wp-json\/wp\/v2\/tags?post=4370"}],"curies":[{"name":"wp","href":"https:\/\/api.w.org\/{rel}","templated":true}]}}