{"id":4402,"date":"2023-07-05T09:51:03","date_gmt":"2023-07-05T08:51:03","guid":{"rendered":"https:\/\/www.causestoujours.be\/?p=4402"},"modified":"2023-07-14T10:05:42","modified_gmt":"2023-07-14T09:05:42","slug":"retour-sur-la-visite-a-bruxelles-du-projet-echo-network-une-semaine-autour-des-pratiques-deducation-active-pour-sensibiliser-aux-outils-ethiques","status":"publish","type":"post","link":"https:\/\/www.causestoujours.be\/retour-sur-la-visite-a-bruxelles-du-projet-echo-network-une-semaine-autour-des-pratiques-deducation-active-pour-sensibiliser-aux-outils-ethiques\/","title":{"rendered":"Retour sur la visite \u00e0 Bruxelles du projet ECHO Network\u00a0: une semaine autour des \u00ab\u00a0Pratiques d\u2019\u00e9ducation active pour sensibiliser aux outils \u00e9thiques\u00a0\u00bb"},"content":{"rendered":"\n<p>Invit\u00e9 par les CEMEA Belgique \u00e0 rejoindre le projet ECHO Network, et apr\u00e8s avoir assist\u00e9 au premier rendez-vous \u00e0 Paris en janvier 2023, le GSARA a particip\u00e9 \u00e0 la semaine de visite du projet \u00e0 Bruxelles du 12 au 15 juin dernier. La programmation, co-construite entre partenaires locaux <strong>(C\u00e9m\u00e9a, Tactic, Gsara, Punch, Zin TV, Radio Panik, Habitant\u00b7es des Images, Domaine Public, Ligue des Familles, Technopolice, \u2026)<\/strong> avait pour mot d\u2019ordre \u00ab&nbsp;Pratiques d\u2019\u00e9ducation active pour sensibiliser aux outils \u00e9thiques&nbsp;\u00bb. <\/p>\n\n\n\n<p>Plus largement, le projet ECHO Network<a id=\"sdfootnote1anc\" href=\"#sdfootnote1sym\"><sup>1<\/sup><\/a> pilot\u00e9 par les CEMEA France et regroupant des associations de cinq pays europ\u00e9ens (France, Belgique, Italie, Croatie et Allemagne) s\u2019est donn\u00e9 comme objectif \u00ab\u00a0de promouvoir la citoyennet\u00e9 num\u00e9rique \u00e0 travers diff\u00e9rentes activit\u00e9s qui se tiendront sur l\u2019ann\u00e9e 2023 et la production d\u2019outils pour les travailleur.euse.s de jeunesse, les preneur.euse.s de d\u00e9cision des associations et les jeunes\u00a0\u00bb<a id=\"sdfootnote2anc\" href=\"#sdfootnote2sym\"><sup>2<\/sup><\/a><\/p>\n\n\n\n<p><a rel=\"noreferrer noopener\" href=\"https:\/\/international.cemea.org\/2023\/06\/27\/visite-detude-bruxelles-belgique-du-12-au-15-juin-2023-pratiques-deducation-active-pour-sensibiliser-aux-outils-ethiques\/,\" target=\"_blank\">Ici le compte-rendu de la semaine r\u00e9alis\u00e9 par diff\u00e9rents partenaires du projet<\/a> o\u00f9 l\u2019on trouvera, entre autres de nombreuses ressources tr\u00e8s utiles, l\u2019\u00e9mission radio et la captation vid\u00e9o r\u00e9alis\u00e9es \u00e0 l\u2019occasion de la conf\u00e9rence qui a clos la semaine\u00a0: \u00ab\u00a0Faut-il des villes intelligentes\u00a0?\u00a0\u00bb, qui, \u00e0 l\u2019invitation du collectif PUNCH, a r\u00e9uni plusieurs membres du projet Technopolice, ainsi que <strong>Tyler Reigeluth<\/strong>, philosophe auteur de \u00ab L\u2019intelligence des villes \u2013 Critique d\u2019une transparence sans fin \u00bb et <strong>Renaud-S\u00e9lim Sanli<\/strong>, libraire et \u00e9diteur de l\u2019ouvrage (M\u00e9t\u00e9ores) comme animateur de la soir\u00e9e.<\/p>\n\n\n\n<p><strong>Pour l\u2019\u00e9mission radio enregistr\u00e9e par Radio Panik&nbsp;:<\/strong><\/p>\n\n\n\n<p><a href=\"https:\/\/www.radiopanik.org\/emissions\/emissions-speciales\/faut-il-des-villes-intelligentes\/\" target=\"_blank\" rel=\"noreferrer noopener\">https:\/\/www.radiopanik.org\/emissions\/emissions-speciales\/faut-il-des-villes-intelligentes\/<\/a><\/p>\n\n\n\n<p><strong>Captation vid\u00e9o enregistr\u00e9e par Zin TV :<\/strong><\/p>\n\n\n\n<figure class=\"wp-block-embed is-type-wp-embed is-provider-peertube wp-block-embed-peertube\"><div class=\"wp-block-embed__wrapper\">\n<iframe loading=\"lazy\" class=\"wp-embedded-content\" sandbox=\"allow-scripts\" security=\"restricted\" title=\"Rencontre: FAUT-IL DES VILLES INTELLIGENTES ?\" width=\"560\" height=\"315\" src=\"https:\/\/videos.domainepublic.net\/videos\/embed\/dedd319c-bc55-4ed9-8dfd-7c6e5cd580f7#?secret=XZsxKEx1Vk\" data-secret=\"XZsxKEx1Vk\" frameborder=\"0\"><\/iframe>\n<\/div><\/figure>\n\n\n\n<p><a href=\"#sdfootnote1anc\" id=\"sdfootnote1sym\">1<\/a>ECHO Network pour Ethical, Common, Human and Open<\/p>\n\n\n\n<p><a id=\"sdfootnote2sym\" href=\"#sdfootnote2anc\">2<\/a><a href=\"https:\/\/international.cemea.org\/echo-etical-commun-human-and-open-network\/\" target=\"_blank\" rel=\"noreferrer noopener\">https:\/\/international.cemea.org\/echo-etical-commun-human-and-open-network\/<\/a><\/p>\n","protected":false},"excerpt":{"rendered":"<p>Invit\u00e9 par les CEMEA Belgique \u00e0 rejoindre le projet ECHO Network, et apr\u00e8s avoir assist\u00e9 au premier rendez-vous \u00e0 Paris en janvier 2023, le GSARA a particip\u00e9 \u00e0 la semaine de visite du projet \u00e0 Bruxelles du 12 au 15 juin dernier.<\/p>\n","protected":false},"author":9,"featured_media":4416,"comment_status":"closed","ping_status":"open","sticky":false,"template":"","format":"standard","meta":{"footnotes":""},"categories":[1],"tags":[],"class_list":["post-4402","post","type-post","status-publish","format-standard","has-post-thumbnail","hentry","category-uncategorized"],"_links":{"self":[{"href":"https:\/\/www.causestoujours.be\/wp-json\/wp\/v2\/posts\/4402","targetHints":{"allow":["GET"]}}],"collection":[{"href":"https:\/\/www.causestoujours.be\/wp-json\/wp\/v2\/posts"}],"about":[{"href":"https:\/\/www.causestoujours.be\/wp-json\/wp\/v2\/types\/post"}],"author":[{"embeddable":true,"href":"https:\/\/www.causestoujours.be\/wp-json\/wp\/v2\/users\/9"}],"replies":[{"embeddable":true,"href":"https:\/\/www.causestoujours.be\/wp-json\/wp\/v2\/comments?post=4402"}],"version-history":[{"count":6,"href":"https:\/\/www.causestoujours.be\/wp-json\/wp\/v2\/posts\/4402\/revisions"}],"predecessor-version":[{"id":4470,"href":"https:\/\/www.causestoujours.be\/wp-json\/wp\/v2\/posts\/4402\/revisions\/4470"}],"wp:featuredmedia":[{"embeddable":true,"href":"https:\/\/www.causestoujours.be\/wp-json\/wp\/v2\/media\/4416"}],"wp:attachment":[{"href":"https:\/\/www.causestoujours.be\/wp-json\/wp\/v2\/media?parent=4402"}],"wp:term":[{"taxonomy":"category","embeddable":true,"href":"https:\/\/www.causestoujours.be\/wp-json\/wp\/v2\/categories?post=4402"},{"taxonomy":"post_tag","embeddable":true,"href":"https:\/\/www.causestoujours.be\/wp-json\/wp\/v2\/tags?post=4402"}],"curies":[{"name":"wp","href":"https:\/\/api.w.org\/{rel}","templated":true}]}}