{"id":4404,"date":"2023-07-05T09:49:01","date_gmt":"2023-07-05T08:49:01","guid":{"rendered":"https:\/\/www.causestoujours.be\/?p=4404"},"modified":"2023-07-06T08:08:00","modified_gmt":"2023-07-06T07:08:00","slug":"il-ne-faut-pas-avoir-peur-du-noir-lumiere-sur-le-metier-meconnu-detalonneur","status":"publish","type":"post","link":"https:\/\/www.causestoujours.be\/il-ne-faut-pas-avoir-peur-du-noir-lumiere-sur-le-metier-meconnu-detalonneur\/","title":{"rendered":"\u00ab\u00a0Il ne faut pas avoir peur du noir !\u00a0\u00bb : Lumi\u00e8re sur le m\u00e9tier m\u00e9connu d\u2019\u00e9talonneur"},"content":{"rendered":"\n<p><strong>Interview de Jean Minetto, \u00e9talonneur du Gsara.<\/strong><\/p>\n\n\n\n<p><em>Jean Minetto travaille en tant qu&rsquo;\u00e9talonneur depuis deux ans p<\/em><em>our le Service de production du GSARA. <\/em><em>Avant cela, il travaillait en tant que chef op\u00e9rateur et photographe. Petit \u00e0 petit, il s&rsquo;est forg\u00e9 une bonne connaissance en mati\u00e8re d&rsquo;\u00e9talonnage, entre autres en se formant en ligne ou en exp\u00e9rimentant dans son studio. <\/em><em>Avec lui, nous revenons aujourd\u2019hui sur deux films sur lesquels il a travaill\u00e9 r\u00e9cemment&nbsp;: <\/em>Paragate<em>, de Jialai Wang, et <\/em>Rengaines<em> de Pablo Guarise.<\/em><\/p>\n\n\n\n<p><strong>SB&nbsp;: En quoi consiste le travail d&rsquo;\u00e9talonnage&nbsp;?<\/strong><\/p>\n\n\n\n<p>JM&nbsp;: Avant l&rsquo;\u00e9talonnage, l&rsquo;image est tr\u00e8s brute. Afin d&rsquo;aider la narration du film, le r\u00e9alisateur va ensuite la fa\u00e7onner en fonction de ses intentions, aux niveaux des couleurs, des contrastes, de l&rsquo;exposition&#8230; et ce, tout en faisant appel \u00e0 nos r\u00e9f\u00e9rences culturelles. En effet, nous attribuons souvent des images tr\u00e8s contrast\u00e9es aux polars, tandis qu&rsquo;on retrouve des couleurs satur\u00e9es \u00e0 l&rsquo;esth\u00e9tique \u00ab&nbsp;pop&nbsp;\u00bb dans un certain type de com\u00e9dies.<\/p>\n\n\n\n<figure class=\"wp-block-image size-large\"><img loading=\"lazy\" decoding=\"async\" width=\"1024\" height=\"576\" src=\"https:\/\/www.causestoujours.be\/wp-content\/uploads\/2023\/07\/causestoujours_1.19.1-1024x576.jpg\" alt=\"\" class=\"wp-image-4418\" srcset=\"https:\/\/www.causestoujours.be\/wp-content\/uploads\/2023\/07\/causestoujours_1.19.1-1024x576.jpg 1024w, https:\/\/www.causestoujours.be\/wp-content\/uploads\/2023\/07\/causestoujours_1.19.1-300x169.jpg 300w, https:\/\/www.causestoujours.be\/wp-content\/uploads\/2023\/07\/causestoujours_1.19.1-768x432.jpg 768w, https:\/\/www.causestoujours.be\/wp-content\/uploads\/2023\/07\/causestoujours_1.19.1-1536x864.jpg 1536w, https:\/\/www.causestoujours.be\/wp-content\/uploads\/2023\/07\/causestoujours_1.19.1-210x118.jpg 210w, https:\/\/www.causestoujours.be\/wp-content\/uploads\/2023\/07\/causestoujours_1.19.1.jpg 1920w\" sizes=\"auto, (max-width: 1024px) 100vw, 1024px\" \/><\/figure>\n\n\n\n<figure class=\"wp-block-image size-large\"><img loading=\"lazy\" decoding=\"async\" width=\"1024\" height=\"576\" src=\"https:\/\/www.causestoujours.be\/wp-content\/uploads\/2023\/07\/causestoujours_10.1.2-1024x576.jpg\" alt=\"\" class=\"wp-image-4420\" srcset=\"https:\/\/www.causestoujours.be\/wp-content\/uploads\/2023\/07\/causestoujours_10.1.2-1024x576.jpg 1024w, https:\/\/www.causestoujours.be\/wp-content\/uploads\/2023\/07\/causestoujours_10.1.2-300x169.jpg 300w, https:\/\/www.causestoujours.be\/wp-content\/uploads\/2023\/07\/causestoujours_10.1.2-768x432.jpg 768w, https:\/\/www.causestoujours.be\/wp-content\/uploads\/2023\/07\/causestoujours_10.1.2-1536x864.jpg 1536w, https:\/\/www.causestoujours.be\/wp-content\/uploads\/2023\/07\/causestoujours_10.1.2-210x118.jpg 210w, https:\/\/www.causestoujours.be\/wp-content\/uploads\/2023\/07\/causestoujours_10.1.2.jpg 1920w\" sizes=\"auto, (max-width: 1024px) 100vw, 1024px\" \/><figcaption class=\"wp-element-caption\"><em>Image avant\/apr\u00e8s traitement<\/em> <em>du film<\/em> Rengaines<em> de Pablo Guarise<\/em>. <em>\u00a9Phosphore Films et D\u00e9rives.<\/em><\/figcaption><\/figure>\n\n\n\n<p><strong>SB&nbsp;: Est-ce qu&rsquo;on ne produit pas des st\u00e9r\u00e9otypes et des clich\u00e9s en perp\u00e9tuant les r\u00e9f\u00e9rences culturelles connues&nbsp;?<\/strong><\/p>\n\n\n\n<p>JM&nbsp;: Non, car il s&rsquo;agit justement de d\u00e9jouer ces codes aussi, ou bien de les m\u00e9langer. En fait, un film peut avoir plusieurs codes&nbsp;: des s\u00e9quences diff\u00e9rentes peuvent exprimer des \u00e9motions diverses comme l&rsquo;angoisse, la joie, la nostalgie&#8230; Et tout cela dans le m\u00eame film. L&rsquo;\u00e9talonneur, ensemble avec le r\u00e9alisateur et le chef op\u00e9rateur, vont alors essayer de traduire ces nuances en appliquant diff\u00e9rents proc\u00e9d\u00e9s. En m\u00eame temps, l&rsquo;unit\u00e9 du film doit \u00eatre respect\u00e9., Cela doit rester coh\u00e9rent dans son ensemble&#8230; C&rsquo;est tr\u00e8s subtil en fait&nbsp;!<\/p>\n\n\n\n<p>Pour \u00eatre un bon \u00e9talonneur, outre des comp\u00e9tences \u00e9videntes li\u00e9es \u00e0 la perception des nuances visuelles et au niveau des couleurs, il faut acqu\u00e9rir certains automatismes&nbsp;: les ajustements doivent \u00eatre faits petit \u00e0 petit car on avance en t\u00e2tonnant. Pour arriver \u00e0 mettre les intentions visuelles en pratique, il faut souvent suivre des dizaines de chemins. C&rsquo;est donc en faisant qu&rsquo;on se construit une m\u00e9thode.<\/p>\n\n\n\n<p>Il y a aussi le fait que l&rsquo;\u00e9talonneur a affaire \u00e0 des styles d&rsquo;images aux statuts tr\u00e8s diff\u00e9rents&nbsp;: flashbacks, images d&rsquo;archives, prises de vue r\u00e9elles&#8230; Tout cela doit \u00eatre pris en compte, chaque type d&rsquo;image se traite diff\u00e9remment.<\/p>\n\n\n\n<p><strong>SB&nbsp;: Peux-tu nous donner un exemple concret&nbsp;?<\/strong><\/p>\n\n\n\n<p>JM&nbsp;: Oui, dans le film <em>Paragate<\/em> de Jialai Wang que j&rsquo;ai \u00e9talonn\u00e9 r\u00e9cemment, on suit, dans la premi\u00e8re partie du film, la discussion que la r\u00e9alisatrice a avec sa m\u00e8re en Chine. Cette discussion a lieu en videocall, et c&rsquo;est l&rsquo;\u00e9cran du t\u00e9l\u00e9phone portable en Belgique qui appara\u00eet \u00e0 l&rsquo;image. Pour situer la sc\u00e8ne&nbsp;: on est dans un appartement, et les couleurs que l\u2019on voit sur le t\u00e9l\u00e9phone sont tr\u00e8s satur\u00e9es, alors que ce qu&rsquo;il y a autour d\u00e9gage plut\u00f4t quelque chose de terne. Techniquement il fallait \u00ab&nbsp;s\u00e9parer&nbsp;\u00bb l\u2019\u00e9cran du t\u00e9l\u00e9phone du reste de l\u2019image pour attirer le regard vers cet \u00e9cran et bien marquer le contraste entre les couleurs vives de Chine et les couleurs moins satur\u00e9es de Belgique. C\u2019est aussi un moyen de signifier le d\u00e9calage horaire (et donc la distance g\u00e9ographique) : on voit parfois un beau soleil de midi l\u00e0 bas alors qu\u2019ici, il fait d\u00e9j\u00e0 nuit.<\/p>\n\n\n\n<p>Dans la seconde partie du film, la r\u00e9alisatrice va en Chine pour filmer dans la rue, et les images sont plus r\u00e9alistes. Lors du travail d&rsquo;\u00e9talonnage, elles ont \u00e9t\u00e9 trait\u00e9es tout \u00e0 fait autrement que les images de la premi\u00e8re partie, dans le sens o\u00f9 ces images \u00e9taient plus classiques et n\u00e9cessitaient plut\u00f4t un travail sur l\u2019image globale que par zones.<\/p>\n\n\n\n<p>Cette rupture \u00e9tait tr\u00e8s int\u00e9ressante \u00e0 traiter&nbsp;: il s\u2019agit presque de deux films diff\u00e9rents, d\u2019un c\u00f4t\u00e9 on est confin\u00e9s , scotch\u00e9s \u00e0 cet \u00e9cran qui nous donne une sensation de \u00ab&nbsp;vie par procuration&nbsp;\u00bb, et de l\u2019autre on est plut\u00f4t dans une exploration, une errance.<\/p>\n\n\n\n<figure class=\"wp-block-image size-large\"><img loading=\"lazy\" decoding=\"async\" width=\"1024\" height=\"576\" src=\"https:\/\/www.causestoujours.be\/wp-content\/uploads\/2023\/07\/stef-1024x576.png\" alt=\"\" class=\"wp-image-4421\" srcset=\"https:\/\/www.causestoujours.be\/wp-content\/uploads\/2023\/07\/stef-1024x576.png 1024w, https:\/\/www.causestoujours.be\/wp-content\/uploads\/2023\/07\/stef-300x169.png 300w, https:\/\/www.causestoujours.be\/wp-content\/uploads\/2023\/07\/stef-768x432.png 768w, https:\/\/www.causestoujours.be\/wp-content\/uploads\/2023\/07\/stef-1536x864.png 1536w, https:\/\/www.causestoujours.be\/wp-content\/uploads\/2023\/07\/stef-210x118.png 210w, https:\/\/www.causestoujours.be\/wp-content\/uploads\/2023\/07\/stef.png 1920w\" sizes=\"auto, (max-width: 1024px) 100vw, 1024px\" \/><figcaption class=\"wp-element-caption\"><em>Image issue de la premi\u00e8re partie du film<\/em> Paragate<em>, de Jialai Wang<\/em>. <em>\u00a9D\u00e9rives<\/em><\/figcaption><\/figure>\n\n\n\n<figure class=\"wp-block-image size-large\"><img loading=\"lazy\" decoding=\"async\" width=\"1024\" height=\"576\" src=\"https:\/\/www.causestoujours.be\/wp-content\/uploads\/2023\/07\/stef2-1024x576.png\" alt=\"\" class=\"wp-image-4422\" srcset=\"https:\/\/www.causestoujours.be\/wp-content\/uploads\/2023\/07\/stef2-1024x576.png 1024w, https:\/\/www.causestoujours.be\/wp-content\/uploads\/2023\/07\/stef2-300x169.png 300w, https:\/\/www.causestoujours.be\/wp-content\/uploads\/2023\/07\/stef2-768x432.png 768w, https:\/\/www.causestoujours.be\/wp-content\/uploads\/2023\/07\/stef2-1536x864.png 1536w, https:\/\/www.causestoujours.be\/wp-content\/uploads\/2023\/07\/stef2-210x118.png 210w, https:\/\/www.causestoujours.be\/wp-content\/uploads\/2023\/07\/stef2.png 1920w\" sizes=\"auto, (max-width: 1024px) 100vw, 1024px\" \/><figcaption class=\"wp-element-caption\"><em>Image issue de la seconde partie du film<\/em> Paragate<em>, de Jialai Wang<\/em>. <em>\u00a9D\u00e9rives<\/em><\/figcaption><\/figure>\n\n\n\n<p><strong>SB&nbsp;: <\/strong><strong>R\u00e9cemment, la RTBF est revenue sur cette tendance actuelle du cin\u00e9ma am\u00e9ricain \u00e0 assombrir et \u00e0 d\u00e9-saturer l\u2019image, voire \u00e0 la rendre monochrome, <\/strong><strong>tendance<\/strong><strong> qu\u2019elle voit comme n\u00e9gative<a href=\"#sdfootnote1sym\" id=\"sdfootnote1anc\"><sup>1<\/sup><\/a>. Pourtant, tu penses que les deux ne sont pas forc\u00e9ment li\u00e9s?<\/strong><\/p>\n\n\n\n<p>JM&nbsp;: En effet, pour moi assombrir l\u2019image repr\u00e9sente un r\u00e9el int\u00e9r\u00eat narratif : on revient \u00e0 un style de cin\u00e9ma dans lequel les choses sont davantage sugg\u00e9r\u00e9es que montr\u00e9es litt\u00e9ralement, ce qui favorise l\u2019imagination, notamment dans les films d\u2019horreur ou le cin\u00e9ma fantastique. Quand j\u2019\u00e9tais \u00e9tudiant \u00e0 l\u2019IAD, mes professeurs d\u2019image me r\u00e9p\u00e9taient sans cesse : \u00ab&nbsp;Il ne faut pas avoir peur du noir!&nbsp;\u00bb. Et c\u2019est vrai, quand c\u2019est assum\u00e9, les zones sombres de l\u2019image permettent de raconter \u00e9norm\u00e9ment de choses.<\/p>\n\n\n\n<p>En ce qui concerne la d\u00e9saturation et le c\u00f4t\u00e9 \u00ab&nbsp;monochromatique&nbsp;\u00bb que l\u2019on retrouve de plus en plus fr\u00e9quemment, pour moi c\u2019est plut\u00f4t une \u00e9volution dans le sens o\u00f9 on se permet de ne plus essayer d\u2019imiter le r\u00e9el mais que l\u2019on cherche \u00e0 cr\u00e9er un look unique, un style bien marqu\u00e9. Tout comme il y a des courants de peinture, il y a des courants de cin\u00e9ma et d\u2019\u00e9talonnage, et je suis s\u00fbr que \u00e7a \u00e9voluera encore \u00e9norm\u00e9ment. <\/p>\n\n\n\n<p><strong>SB&nbsp;: Qu&rsquo;en est-il des d\u00e9fauts techniques&nbsp;? Est-ce que l&rsquo;\u00e9talonnage permet d&rsquo;en effacer ou du moins d&rsquo;amoindrir les effets non voulus&nbsp;?<\/strong><\/p>\n\n\n\n<p>JM&nbsp;: L&rsquo;\u00e9talonnage permet aussi de faire des corrections, oui, par exemple au niveau colorim\u00e9trique. C&rsquo;est un travail moins cr\u00e9atif mais bien souvent n\u00e9cessaire&nbsp;: corriger la prise de vue en tenant compte du type de support et des cam\u00e9ras utilis\u00e9es, rem\u00e9dier au \u00ab&nbsp;bruit&nbsp;\u00bb dans l&rsquo;image provoqu\u00e9 par une exposition trop basse lorsque l&rsquo;on tourne en num\u00e9rique, \u00e9quilibrer les balances des blancs&#8230; autant de \u00ab&nbsp;corrections&nbsp;\u00bb minutieuses qui font partie int\u00e9grante de mon travail.<\/p>\n\n\n\n<p><strong>SB&nbsp;: Peux-tu nous expliquer un peu plus en d\u00e9tail ces aspects que tu viens d&rsquo;\u00e9voquer&nbsp;? Ce n&rsquo;est pas \u00e9vident d&rsquo;imaginer ce que cela implique&#8230;<\/strong><\/p>\n\n\n\n<p>JM&nbsp;: Notre \u0153il s&rsquo;adapte naturellement quand nous nous rendons de l&rsquo;ext\u00e9rieur vers l&rsquo;int\u00e9rieur, ou quand nous changeons d&rsquo;un environnement \u00e0 la lumi\u00e8re naturelle vers un environnement o\u00f9 r\u00e8gne une lumi\u00e8re artificielle. Dans un contexte professionnel, o\u00f9 le mode automatique est banni et o\u00f9 la cam\u00e9ra est r\u00e9gl\u00e9e sur une valeur fixe mesur\u00e9e en degr\u00e9s KELVIN, une correction doit \u00eatre appliqu\u00e9e. A l&rsquo;\u00e9talonneur alors de faire ces modifications apr\u00e8s coup, d&rsquo;enlever les dominantes de couleurs g\u00eanantes comme la couleur orange quand on va vers la lumi\u00e8re artificielle, ou au contraire la couleur bleut\u00e9e quand on va vers la lumi\u00e8re du jour.<\/p>\n\n\n\n<p>Le \u00ab&nbsp;bruit&nbsp;\u00bb de l&rsquo;image appara\u00eet quand la lumi\u00e8re est trop basse et se caract\u00e9rise par des petits pixels qui scintillent dans des coloris de rouge, de bleu, de vert,&#8230; Il s&rsquo;agit de v\u00e9ritables parasites dans le signal, \u00e0 l&rsquo;instar des perturbations \u00e9lectromagn\u00e9tiques qui peuvent se produire au niveau du son (d&rsquo;ailleurs on parle aussi de \u00ab&nbsp;bruit&nbsp;\u00bb dans ce cas.).<\/p>\n\n\n\n<figure class=\"wp-block-image size-large\"><img loading=\"lazy\" decoding=\"async\" width=\"1024\" height=\"576\" src=\"https:\/\/www.causestoujours.be\/wp-content\/uploads\/2023\/07\/causestoujours_1.59.1-1-1024x576.jpg\" alt=\"\" class=\"wp-image-4433\" srcset=\"https:\/\/www.causestoujours.be\/wp-content\/uploads\/2023\/07\/causestoujours_1.59.1-1-1024x576.jpg 1024w, https:\/\/www.causestoujours.be\/wp-content\/uploads\/2023\/07\/causestoujours_1.59.1-1-300x169.jpg 300w, https:\/\/www.causestoujours.be\/wp-content\/uploads\/2023\/07\/causestoujours_1.59.1-1-768x432.jpg 768w, https:\/\/www.causestoujours.be\/wp-content\/uploads\/2023\/07\/causestoujours_1.59.1-1-1536x864.jpg 1536w, https:\/\/www.causestoujours.be\/wp-content\/uploads\/2023\/07\/causestoujours_1.59.1-1-210x118.jpg 210w, https:\/\/www.causestoujours.be\/wp-content\/uploads\/2023\/07\/causestoujours_1.59.1-1.jpg 1920w\" sizes=\"auto, (max-width: 1024px) 100vw, 1024px\" \/><\/figure>\n\n\n\n<figure class=\"wp-block-image size-large\"><img loading=\"lazy\" decoding=\"async\" width=\"1024\" height=\"576\" src=\"https:\/\/www.causestoujours.be\/wp-content\/uploads\/2023\/07\/causestoujours_1.59.2-1-1024x576.jpg\" alt=\"\" class=\"wp-image-4434\" srcset=\"https:\/\/www.causestoujours.be\/wp-content\/uploads\/2023\/07\/causestoujours_1.59.2-1-1024x576.jpg 1024w, https:\/\/www.causestoujours.be\/wp-content\/uploads\/2023\/07\/causestoujours_1.59.2-1-300x169.jpg 300w, https:\/\/www.causestoujours.be\/wp-content\/uploads\/2023\/07\/causestoujours_1.59.2-1-768x432.jpg 768w, https:\/\/www.causestoujours.be\/wp-content\/uploads\/2023\/07\/causestoujours_1.59.2-1-1536x864.jpg 1536w, https:\/\/www.causestoujours.be\/wp-content\/uploads\/2023\/07\/causestoujours_1.59.2-1-210x118.jpg 210w, https:\/\/www.causestoujours.be\/wp-content\/uploads\/2023\/07\/causestoujours_1.59.2-1.jpg 1920w\" sizes=\"auto, (max-width: 1024px) 100vw, 1024px\" \/><figcaption class=\"wp-element-caption\"><em>Image avant\/apr\u00e8s traitement de la r\u00e9duction du \u00ab&nbsp;bruit&nbsp;\u00bb. Extrait <em>du film<\/em> <\/em>Rengaines <em style=\"font-style: italic;\">de Pablo Guarise<\/em>. <em>\u00a9Phosphore Films et D\u00e9rives.<\/em><\/figcaption><\/figure>\n\n\n\n<p><strong>SB&nbsp;: Il y a quelques semaines, tu as termin\u00e9 l&rsquo;\u00e9talonnage du film \u00ab&nbsp;Rengaines&nbsp;\u00bb de Pablo Guarise. Il y a eu des partis pris assez radicaux concernant l&rsquo;\u00e9talonnage de ce film.<\/strong><\/p>\n\n\n\n<p>JM&nbsp;: Oui, et ces choix furent pressentis d\u00e8s le tournage. Le r\u00e9alisateur a choisi de tourner ses images en mode \u00ab&nbsp;flat&nbsp;\u00bb, c&rsquo;est-\u00e0-dire avec une image encore plus brute que d&rsquo;habitude qui permet d&rsquo;aller vraiment loin dans l&rsquo;\u00e9talonnage apr\u00e8s. Ce mode de prise de vue n&rsquo;est disponible qu&rsquo;avec des cam\u00e9ras professionnelles, qui captent vraiment beaucoup d&rsquo;informations suppl\u00e9mentaires, autant dans les basses que dans les hautes lumi\u00e8res.<\/p>\n\n\n\n<p>Une fois arriv\u00e9s \u00e0 la fin de la post-production (l&rsquo;\u00e9talonnage est souvent une des derni\u00e8res \u00e9tapes, sinon LA derni\u00e8re), le r\u00e9alisateur Pablo Guarise et son chef op\u00e9rateur Alexi van Hennecker ont eu des id\u00e9es tr\u00e8s claires par rapport \u00e0 ce qu&rsquo;ils attendaient de l&rsquo;\u00e9talonnage. Ils avaient des r\u00e9f\u00e9rences en t\u00eate (\u00ab&nbsp;Invent\u00e1rio de natal&nbsp;\u00bb de Miguel Gomes ou \u00ab&nbsp;L\u2019homme sans pass\u00e9&nbsp;\u00bb d&rsquo;Aki Kaurismaki) mais \u00e9taient aussi tr\u00e8s \u00e0 l&rsquo;\u00e9coute ce qui a rendu cette collaboration tr\u00e8s agr\u00e9able qui a dur\u00e9 une semaine \u2013 ce qui est assez long pour un film de 25 minutes. Le travail \u00e9tait cons\u00e9quent notamment parce qu&rsquo;il s&rsquo;agissait d&rsquo;imiter la pellicule, support que Pablo aurait voulu avoir pour son film mais qui n&rsquo;\u00e9tait pas possible pour des raisons financi\u00e8res. On a donc imit\u00e9 la pellicule.<\/p>\n\n\n\n<p><strong>SB&nbsp;: <\/strong><strong>Comment fait-on pour \u00ab&nbsp;imiter la pellicule&nbsp;\u00bb&nbsp;? Quels autres proc\u00e9d\u00e9s ont \u00e9t\u00e9 au programme pour ce film&nbsp;?<\/strong><\/p>\n\n\n\n<p>JM&nbsp;: Pablo et Alexi \u00e9tant des amoureux de la pellicule, ils m\u2019ont tout de suite parl\u00e9 de la texture qu\u2019ils voulaient pour le film. Il \u00e9tait question d\u2019imiter la pellicule 16mm de mani\u00e8re r\u00e9aliste en y int\u00e9grant tous les d\u00e9fauts caract\u00e9ristiques : grain, rayures, poussi\u00e8re, vignettage, flare, noirs profonds\u2026 en ajoutant \u00e0 cela le contraste particulier de ce support. Ces d\u00e9fauts pourraient passer pour de l\u2019amateurisme, mais cela ajoute en fait \u00e0 l\u2019authenticit\u00e9 du film en refl\u00e9tant tous les probl\u00e8mes auxquels se seraient confront\u00e9s une \u00e9quipe technique qui aurait tourn\u00e9 en pellicule.<\/p>\n\n\n\n<p>D\u2019autre part, pour que ce parti pris fonctionne il \u00e9tait absolument n\u00e9cessaire d\u2019effacer les d\u00e9fauts de la vid\u00e9o num\u00e9rique et les probl\u00e8mes techniques inh\u00e9rents \u00e0 un tournage documentaire en tr\u00e8s basse lumi\u00e8re, notamment en se d\u00e9barrassant du bruit num\u00e9rique.<\/p>\n\n\n\n<p>En m\u00eame temps, il fallait faire comprendre le d\u00e9roulement du temps par l&rsquo;image, par exemple en passant d&rsquo;un plan avec une lumi\u00e8re solaire d&rsquo;apr\u00e8s-midi \u00e0 un plan avec une lumi\u00e8re de d\u00e9but de soir\u00e9e, alors qu&rsquo;en r\u00e9alit\u00e9 ces deux plans \u00e9taient tourn\u00e9s \u00e0 peu pr\u00e8s \u00e0 la m\u00eame heure. G\u00e9n\u00e9ralement, les parties nocturnes \u00e9taient tr\u00e8s diff\u00e9rentes de celles tourn\u00e9es de jour, et donc il fallait composer avec ces images de nuit tr\u00e8s sombres, supprimer tous les d\u00e9fauts num\u00e9riques, pr\u00e9sents notamment dans les parties nocturnes avec le bruit mentionn\u00e9 pr\u00e9c\u00e9demment, il s\u2019agissait \u00e9galement d\u2019adoucir la texture trop \u00ab&nbsp;piqu\u00e9e&nbsp;\u00bb du num\u00e9rique, c\u2019est \u00e0 dire trop nette. Et parfois transformer des images de nuit en images de jour pour les besoins du montage, ce qui est le proc\u00e9d\u00e9 inverse de \u00ab&nbsp;la nuit am\u00e9ricaine&nbsp;\u00bb. L&rsquo;\u00e9talonnage a donc vraiment contribu\u00e9 \u00e0 la narration du film.<\/p>\n\n\n\n<figure class=\"wp-block-image size-large\"><img loading=\"lazy\" decoding=\"async\" width=\"1024\" height=\"576\" src=\"https:\/\/www.causestoujours.be\/wp-content\/uploads\/2023\/07\/causestoujours_8.1.1-1024x576.jpg\" alt=\"\" class=\"wp-image-4425\" srcset=\"https:\/\/www.causestoujours.be\/wp-content\/uploads\/2023\/07\/causestoujours_8.1.1-1024x576.jpg 1024w, https:\/\/www.causestoujours.be\/wp-content\/uploads\/2023\/07\/causestoujours_8.1.1-300x169.jpg 300w, https:\/\/www.causestoujours.be\/wp-content\/uploads\/2023\/07\/causestoujours_8.1.1-768x432.jpg 768w, https:\/\/www.causestoujours.be\/wp-content\/uploads\/2023\/07\/causestoujours_8.1.1-1536x864.jpg 1536w, https:\/\/www.causestoujours.be\/wp-content\/uploads\/2023\/07\/causestoujours_8.1.1-210x118.jpg 210w, https:\/\/www.causestoujours.be\/wp-content\/uploads\/2023\/07\/causestoujours_8.1.1.jpg 1920w\" sizes=\"auto, (max-width: 1024px) 100vw, 1024px\" \/><\/figure>\n\n\n\n<figure class=\"wp-block-image size-large\"><img loading=\"lazy\" decoding=\"async\" width=\"1024\" height=\"576\" src=\"https:\/\/www.causestoujours.be\/wp-content\/uploads\/2023\/07\/causestoujours_10.1.3-1024x576.jpg\" alt=\"\" class=\"wp-image-4426\" srcset=\"https:\/\/www.causestoujours.be\/wp-content\/uploads\/2023\/07\/causestoujours_10.1.3-1024x576.jpg 1024w, https:\/\/www.causestoujours.be\/wp-content\/uploads\/2023\/07\/causestoujours_10.1.3-300x169.jpg 300w, https:\/\/www.causestoujours.be\/wp-content\/uploads\/2023\/07\/causestoujours_10.1.3-768x432.jpg 768w, https:\/\/www.causestoujours.be\/wp-content\/uploads\/2023\/07\/causestoujours_10.1.3-1536x864.jpg 1536w, https:\/\/www.causestoujours.be\/wp-content\/uploads\/2023\/07\/causestoujours_10.1.3-210x118.jpg 210w, https:\/\/www.causestoujours.be\/wp-content\/uploads\/2023\/07\/causestoujours_10.1.3.jpg 1920w\" sizes=\"auto, (max-width: 1024px) 100vw, 1024px\" \/><figcaption class=\"wp-element-caption\"><em>Plan tourn\u00e9 de nuit \u00ab&nbsp;transform\u00e9&nbsp;\u00bb en jour.<\/em> <em>Extrait <em>du film<\/em> <\/em>Rengaines <em>de Pablo Guarise<\/em>. <em>\u00a9Phosphore Films et D\u00e9rives.<\/em><\/figcaption><\/figure>\n\n\n\n<p><strong>SB&nbsp;: Cela sonne presque comme un travail sur un film de fiction&nbsp;!<\/strong><\/p>\n\n\n\n<p>JM&nbsp;: Ce n&rsquo;est pas un hasard car Pablo est justement tr\u00e8s int\u00e9ress\u00e9 par la tension qui d\u00e9coule de la rencontre entre les aspects documentaires et les aspects fictionnels de son film. Il appelle \u00e7a \u00ab&nbsp;le documentaire fabuleux&nbsp;\u00bb&nbsp;: il aime passer de mani\u00e8re fluide entre les deux, les images plus r\u00e9alistes et les images tr\u00e8s pos\u00e9es et bien \u00e9clair\u00e9es comme cela se fait dans les films de fiction. Il y a m\u00eame un aspect com\u00e9die musicale&nbsp;! En pr\u00e9paration, Pablo et Alexis ont regard\u00e9 beaucoup de films en technicolor et ont cherch\u00e9 \u00e0 reproduire ce look particulier tr\u00e8s color\u00e9 que l&rsquo;on peut retrouver par exemple dans \u00ab&nbsp;Les parapluies de Cherbourg&nbsp;\u00bb de Jacques Demy.<\/p>\n\n\n\n<p>Pour l&rsquo;\u00e9talonnage cela signifiait dans ce cas sp\u00e9cifique d&rsquo; \u00ab&nbsp;embellir&nbsp;\u00bb les images documentaires moins \u00e9clair\u00e9es et cadr\u00e9es avec plus de spontan\u00e9it\u00e9 en enlevant un maximum de d\u00e9fauts, et en rendant l&rsquo;image la plus homog\u00e8ne possible, presque comme une image publicitaire, tout en \u00ab&nbsp;salissant&nbsp;\u00bb les prises de vues trop propres de fiction en y ajoutant du grain, des noirs tr\u00e8s noirs, etc.<\/p>\n\n\n\n<p>On a \u00e9galement utilis\u00e9 le proc\u00e9d\u00e9 de \u00ab&nbsp;masques&nbsp;\u00bb ou \u00ab&nbsp;patates&nbsp;\u00bb&nbsp;: isoler le visage d&rsquo;une personne par rapport \u00e0 son environnement afin de lui donner un statut particulier en le s\u00e9parant du reste de l\u2019image pour le mettre en avant et attirer le regard dessus. C\u2019est le m\u00eame proc\u00e9d\u00e9 que celui qui a permis de s\u00e9parer l\u2019\u00e9cran du t\u00e9l\u00e9phone du reste de l\u2019image dans le film de Jialai.<\/p>\n\n\n\n<p>Bref, ce fut intense, et peut-\u00eatre \u00e0 l&rsquo;oppos\u00e9 de cet autre travail tr\u00e8s int\u00e9ressant que je venais de faire sur \u00ab&nbsp;Paragate&nbsp;\u00bb \u00e9voqu\u00e9 tout \u00e0 l&rsquo;heure o\u00f9 nous avons plut\u00f4t mis\u00e9 sur l&rsquo;authenticit\u00e9 en choisissant de laisser certains d\u00e9fauts tel quel. C&rsquo;est cela que j&rsquo;adore dans mon travail&nbsp;: chaque projet requiert une approche diff\u00e9rente. Ce n&rsquo;est pas pour rien qu&rsquo;on parle de \u00ab&nbsp;documentaire de cr\u00e9ation&nbsp;\u00bb&nbsp;!<\/p>\n\n\n\n<p class=\"has-text-align-right\"><strong>Propos recueillis et mis en forme par Stefanie Bodien<\/strong><\/p>\n\n\n\n<p><a id=\"sdfootnote1sym\" href=\"#sdfootnote1anc\">1<\/a><a href=\"https:\/\/www.rtbf.be\/article\/le-sombre-destin-du-septieme-art-pourquoi-le-cinema-perd-il-des-couleurs-grand-format-11206757\" target=\"_blank\" rel=\"noreferrer noopener\">https:\/\/www.rtbf.be\/article\/le-sombre-destin-du-septieme-art-pourquoi-le-cinema-perd-il-des-couleurs-grand-format-11206757<\/a><\/p>\n","protected":false},"excerpt":{"rendered":"<p>Interview de Jean Minetto, \u00e9talonneur du Gsara.<\/p>\n","protected":false},"author":9,"featured_media":4439,"comment_status":"closed","ping_status":"open","sticky":false,"template":"","format":"standard","meta":{"footnotes":""},"categories":[1],"tags":[],"class_list":["post-4404","post","type-post","status-publish","format-standard","has-post-thumbnail","hentry","category-uncategorized"],"_links":{"self":[{"href":"https:\/\/www.causestoujours.be\/wp-json\/wp\/v2\/posts\/4404","targetHints":{"allow":["GET"]}}],"collection":[{"href":"https:\/\/www.causestoujours.be\/wp-json\/wp\/v2\/posts"}],"about":[{"href":"https:\/\/www.causestoujours.be\/wp-json\/wp\/v2\/types\/post"}],"author":[{"embeddable":true,"href":"https:\/\/www.causestoujours.be\/wp-json\/wp\/v2\/users\/9"}],"replies":[{"embeddable":true,"href":"https:\/\/www.causestoujours.be\/wp-json\/wp\/v2\/comments?post=4404"}],"version-history":[{"count":13,"href":"https:\/\/www.causestoujours.be\/wp-json\/wp\/v2\/posts\/4404\/revisions"}],"predecessor-version":[{"id":4462,"href":"https:\/\/www.causestoujours.be\/wp-json\/wp\/v2\/posts\/4404\/revisions\/4462"}],"wp:featuredmedia":[{"embeddable":true,"href":"https:\/\/www.causestoujours.be\/wp-json\/wp\/v2\/media\/4439"}],"wp:attachment":[{"href":"https:\/\/www.causestoujours.be\/wp-json\/wp\/v2\/media?parent=4404"}],"wp:term":[{"taxonomy":"category","embeddable":true,"href":"https:\/\/www.causestoujours.be\/wp-json\/wp\/v2\/categories?post=4404"},{"taxonomy":"post_tag","embeddable":true,"href":"https:\/\/www.causestoujours.be\/wp-json\/wp\/v2\/tags?post=4404"}],"curies":[{"name":"wp","href":"https:\/\/api.w.org\/{rel}","templated":true}]}}