{"id":4408,"date":"2023-07-05T09:49:43","date_gmt":"2023-07-05T08:49:43","guid":{"rendered":"https:\/\/www.causestoujours.be\/?p=4408"},"modified":"2023-07-06T08:07:44","modified_gmt":"2023-07-06T07:07:44","slug":"loeil-de-larchiviste-wallonie-tournage","status":"publish","type":"post","link":"https:\/\/www.causestoujours.be\/loeil-de-larchiviste-wallonie-tournage\/","title":{"rendered":"L\u2019\u0153il de l\u2019archiviste &#8211; \u00ab\u00a0Wallonie, tournages\u00a0\u00bb"},"content":{"rendered":"\n<p><strong>Nouvelle rubrique dans notre revue&nbsp;: l\u2019\u0153il<\/strong> <strong>de l\u2019archiviste. Avec notre archiviste Alain-Brice Haeghens et Sandra Demal, en charge de la diffusion et du catalogue.<\/strong><\/p>\n\n\n\n<p>Cela fait longtemps que le GSARA souhaite mettre \u00e0 la disposition son catalogue de films et valoriser son riche patrimoine audiovisuel. Pas-\u00e0-pas, le projet prend forme. Afin de vous parler de ce projet, nous avons d\u00e9cid\u00e9 de cr\u00e9er une nouvelle rubrique au sein de notre revue. Dans chaque num\u00e9ro, nous allons exhumer un film de nos archives. Film rare ou oubli\u00e9, en lien avec l\u2019actualit\u00e9 ou tout simplement d\u00e9cal\u00e9, vous pourrez le retrouver, dans son int\u00e9gralit\u00e9, au sein de notre catalogue en ligne.<\/p>\n\n\n\n<p>Pour ce premier rendez-vous de \u00ab&nbsp;<em>L\u2019\u0153il de l\u2019archiviste&nbsp;\u00bb<\/em>, nous vous proposons de revenir sur l\u2019histoire du cin\u00e9ma documentaire en Wallonie et plus particuli\u00e8rement sur son engagement militant en faveur de la classe ouvri\u00e8re&nbsp;\u00e0 travers le film <em>Wallonie, tournages<\/em>&nbsp;: le cin\u00e9ma documentaire comme reflet des crises et des grands bouleversements de notre soci\u00e9t\u00e9. Un engagement, celui de filmer les luttes, qui r\u00e9sonne tout particuli\u00e8rement avec les pr\u00e9occupations actuelles du GSARA.<\/p>\n\n\n\n<p>\u00ab&nbsp;<em>Les cin\u00e9astes wallons peuvent-ils encore raconter des histoires&nbsp;?&nbsp;<\/em>\u00bb. C\u2019est le point de d\u00e9part de ce documentaire sorti en 1985. Face \u00e0 une crise \u00e9conomique et culturelle (second choc p\u00e9trolier, inflation, r\u00e9gionalisation, Manifeste pour la culture wallonne,&#8230;) quelle place reste-t-il encore pour un cin\u00e9ma d&rsquo;auteur engag\u00e9 qui s&rsquo;ancrerait dans une r\u00e9alit\u00e9 historique mobilisatrice ? Quelle filiation existe-t-il dans le septi\u00e8me art wallon d&rsquo;Henri Storck \u00e0 Thierry Michel ? Abondamment illustr\u00e9 par des images des films-phares du cin\u00e9ma wallon, ce film donne la parole aux r\u00e9alisateurs. Pour r\u00e9pondre \u00e0 ces questions, Paul Meyer, Christine Pireaux, les fr\u00e8res Dardenne, Henri Stock ou encore Manu Bonmariage nous exposent leur point de vue.<\/p>\n\n\n\n<p><em>Wallonie, tournages <\/em>est disponible, dans son int\u00e9gralit\u00e9, sur le catalogue du GSARA : <a href=\"https:\/\/gsara.be\/catalogue\/projet\/wallonie-tournages\/77\/\" target=\"_blank\" rel=\"noreferrer noopener\">https:\/\/gsara.be\/catalogue\/projet\/wallonie-tournages\/77\/<\/a><\/p>\n","protected":false},"excerpt":{"rendered":"<p>Avec notre archiviste Alain-Brice Haeghens et Sandra Demal, en charge de la diffusion et du catalogue.<\/p>\n","protected":false},"author":9,"featured_media":4453,"comment_status":"closed","ping_status":"open","sticky":false,"template":"","format":"standard","meta":{"footnotes":""},"categories":[1],"tags":[],"class_list":["post-4408","post","type-post","status-publish","format-standard","has-post-thumbnail","hentry","category-uncategorized"],"_links":{"self":[{"href":"https:\/\/www.causestoujours.be\/wp-json\/wp\/v2\/posts\/4408","targetHints":{"allow":["GET"]}}],"collection":[{"href":"https:\/\/www.causestoujours.be\/wp-json\/wp\/v2\/posts"}],"about":[{"href":"https:\/\/www.causestoujours.be\/wp-json\/wp\/v2\/types\/post"}],"author":[{"embeddable":true,"href":"https:\/\/www.causestoujours.be\/wp-json\/wp\/v2\/users\/9"}],"replies":[{"embeddable":true,"href":"https:\/\/www.causestoujours.be\/wp-json\/wp\/v2\/comments?post=4408"}],"version-history":[{"count":6,"href":"https:\/\/www.causestoujours.be\/wp-json\/wp\/v2\/posts\/4408\/revisions"}],"predecessor-version":[{"id":4456,"href":"https:\/\/www.causestoujours.be\/wp-json\/wp\/v2\/posts\/4408\/revisions\/4456"}],"wp:featuredmedia":[{"embeddable":true,"href":"https:\/\/www.causestoujours.be\/wp-json\/wp\/v2\/media\/4453"}],"wp:attachment":[{"href":"https:\/\/www.causestoujours.be\/wp-json\/wp\/v2\/media?parent=4408"}],"wp:term":[{"taxonomy":"category","embeddable":true,"href":"https:\/\/www.causestoujours.be\/wp-json\/wp\/v2\/categories?post=4408"},{"taxonomy":"post_tag","embeddable":true,"href":"https:\/\/www.causestoujours.be\/wp-json\/wp\/v2\/tags?post=4408"}],"curies":[{"name":"wp","href":"https:\/\/api.w.org\/{rel}","templated":true}]}}