{"id":4410,"date":"2023-07-05T09:52:13","date_gmt":"2023-07-05T08:52:13","guid":{"rendered":"https:\/\/www.causestoujours.be\/?p=4410"},"modified":"2023-07-10T09:15:48","modified_gmt":"2023-07-10T08:15:48","slug":"statistiques-genrees-dans-les-arts-audiovisuels-dix-ans-de-chiffres","status":"publish","type":"post","link":"https:\/\/www.causestoujours.be\/statistiques-genrees-dans-les-arts-audiovisuels-dix-ans-de-chiffres\/","title":{"rendered":"Statistiques genr\u00e9es dans les arts audiovisuels, dix ans de chiffres"},"content":{"rendered":"\n<p><strong>Le GSARA s\u2019est joint aux collectif \u201cElles Font des Films\u201d pour sensibiliser \u00e0 l\u2019inclusion et la parit\u00e9 de genre au sein du secteur des arts audiovisuels.<\/strong><\/p>\n\n\n\n<p>Les chiffres sont n\u00e9cessaires pour un premier pas vers la parit\u00e9 car ils mettent en lumi\u00e8re des in\u00e9galit\u00e9s syst\u00e9miques trop souvent invisibles.<\/p>\n\n\n\n<p>Quels sont les pourcentages de femmes dans une \u00e9quipe en fiction et en documentaire? Comment on mesure le male gaze avec le test de Bechdel? Quels sont les chiffres du plafond de verre?<\/p>\n\n\n\n<p>Cette vid\u00e9o vous am\u00e8nera certaines r\u00e9ponses et pistes de r\u00e9flexion. Tourn\u00e9e par nos soins \u00e0 l\u2019occasion de la pr\u00e9sentation publique de l&rsquo;\u00e9tude : \u00ab\u00a0Statistiques genr\u00e9es des productions belges francophones en dix ans de chiffres\u00a0\u00bb men\u00e9e par \u201cElles Font des Films\u201d et Sarah Sepulchre (UCLouvain), le 22 juin dernier, au cin\u00e9ma Galeries, nous vous proposons de (re)voir cette rencontre : <\/p>\n\n\n\n<figure class=\"wp-block-embed is-type-video is-provider-vimeo wp-block-embed-vimeo wp-embed-aspect-16-9 wp-has-aspect-ratio\"><div class=\"wp-block-embed__wrapper\">\n<iframe loading=\"lazy\" title=\"ELLES_FONT_DES_FILMS-2023\" src=\"https:\/\/player.vimeo.com\/video\/843181466?dnt=1&amp;app_id=122963\" width=\"720\" height=\"405\" frameborder=\"0\" allow=\"autoplay; fullscreen; picture-in-picture\" allowfullscreen><\/iframe>\n<\/div><\/figure>\n\n\n\n<p>Et ici, le document de synth\u00e8se :<\/p>\n\n\n\n<div data-wp-interactive=\"core\/file\" class=\"wp-block-file\"><object data-wp-bind--hidden=\"!state.hasPdfPreview\" hidden class=\"wp-block-file__embed\" data=\"https:\/\/www.causestoujours.be\/wp-content\/uploads\/2023\/07\/EFDF-dossier-de-presse-1-1.pdf\" type=\"application\/pdf\" style=\"width:100%;height:640px\" aria-label=\"Contenu embarqu\u00e9 EFDF-dossier-de-presse-1-1.\"><\/object><a id=\"wp-block-file--media-dd82a18c-ce02-4353-912f-968ce7bac12c\" href=\"https:\/\/www.causestoujours.be\/wp-content\/uploads\/2023\/07\/EFDF-dossier-de-presse-1-1.pdf\">EFDF-dossier-de-presse-1-1<\/a><a href=\"https:\/\/www.causestoujours.be\/wp-content\/uploads\/2023\/07\/EFDF-dossier-de-presse-1-1.pdf\" class=\"wp-block-file__button wp-element-button\" download aria-describedby=\"wp-block-file--media-dd82a18c-ce02-4353-912f-968ce7bac12c\">T\u00e9l\u00e9charger<\/a><\/div>\n","protected":false},"excerpt":{"rendered":"<p>Le GSARA s\u2019est joint aux collectif \u201cElles Font des Films\u201d pour sensibiliser \u00e0 l\u2019inclusion et la parit\u00e9 de genre au sein du secteur des arts audiovisuels.<\/p>\n","protected":false},"author":9,"featured_media":4455,"comment_status":"closed","ping_status":"open","sticky":false,"template":"","format":"standard","meta":{"footnotes":""},"categories":[1],"tags":[],"class_list":["post-4410","post","type-post","status-publish","format-standard","has-post-thumbnail","hentry","category-uncategorized"],"_links":{"self":[{"href":"https:\/\/www.causestoujours.be\/wp-json\/wp\/v2\/posts\/4410","targetHints":{"allow":["GET"]}}],"collection":[{"href":"https:\/\/www.causestoujours.be\/wp-json\/wp\/v2\/posts"}],"about":[{"href":"https:\/\/www.causestoujours.be\/wp-json\/wp\/v2\/types\/post"}],"author":[{"embeddable":true,"href":"https:\/\/www.causestoujours.be\/wp-json\/wp\/v2\/users\/9"}],"replies":[{"embeddable":true,"href":"https:\/\/www.causestoujours.be\/wp-json\/wp\/v2\/comments?post=4410"}],"version-history":[{"count":7,"href":"https:\/\/www.causestoujours.be\/wp-json\/wp\/v2\/posts\/4410\/revisions"}],"predecessor-version":[{"id":4467,"href":"https:\/\/www.causestoujours.be\/wp-json\/wp\/v2\/posts\/4410\/revisions\/4467"}],"wp:featuredmedia":[{"embeddable":true,"href":"https:\/\/www.causestoujours.be\/wp-json\/wp\/v2\/media\/4455"}],"wp:attachment":[{"href":"https:\/\/www.causestoujours.be\/wp-json\/wp\/v2\/media?parent=4410"}],"wp:term":[{"taxonomy":"category","embeddable":true,"href":"https:\/\/www.causestoujours.be\/wp-json\/wp\/v2\/categories?post=4410"},{"taxonomy":"post_tag","embeddable":true,"href":"https:\/\/www.causestoujours.be\/wp-json\/wp\/v2\/tags?post=4410"}],"curies":[{"name":"wp","href":"https:\/\/api.w.org\/{rel}","templated":true}]}}