{"id":59,"date":"2014-06-03T14:31:11","date_gmt":"2014-06-03T14:31:11","guid":{"rendered":"https:\/\/gsara.tv\/~causes\/?p=59"},"modified":"2014-06-19T12:12:21","modified_gmt":"2014-06-19T12:12:21","slug":"union-europeenne-vers-neutralite-du-net-internet-plusieurs-vitesses","status":"publish","type":"post","link":"https:\/\/www.causestoujours.be\/union-europeenne-vers-neutralite-du-net-internet-plusieurs-vitesses\/","title":{"rendered":"Union Europ\u00e9enne\u00a0: Vers la neutralit\u00e9 du Net ou un Internet \u00e0 plusieurs vitesses\u00a0?"},"content":{"rendered":"<p><strong>Le 3 Avril, le Parlement europ\u00e9en a pris une d\u00e9cision majeure afin de prot\u00e9ger l&rsquo;Internet ouvert en \u00e9tablissant une norme mondiale pour les droits et libert\u00e9s en ligne. Ce vote sur la neutralit\u00e9 du Net \u00e9tait le point culminant de plusieurs mois de batailles dans les coulisses des institutions europ\u00e9ennes entre les d\u00e9fenseurs d\u2019un Internet ouvert et libre et le lobbying intense des op\u00e9rateurs t\u00e9l\u00e9com. Le parcours fut en effet tortueux et sem\u00e9 d\u2019emb\u00fbches.<\/strong><\/p>\n<p><b>L&rsquo;importance de la neutralit\u00e9 du Net<\/b><\/p>\n<p>Pour la premi\u00e8re fois, Internet nous a permis de communiquer \u00e0 l&rsquo;\u00e9chelle mondiale. Le principe de la neutralit\u00e9 du Net garantit depuis sa cr\u00e9ation que tous les points du r\u00e9seau peuvent se connecter \u00e0 tous les autres, que chaque donn\u00e9e est trait\u00e9e de la m\u00eame mani\u00e8re sans consid\u00e9ration de son origine, destinataire, exp\u00e9diteur, type de contenu ou des moyens financiers. Chacun a donc la possibilit\u00e9 d&rsquo;utiliser et d&rsquo;offrir des services en ligne. Chacun peut atteindre un nombre ind\u00e9fini de lecteurs, d&rsquo;auditeurs et d&rsquo;utilisateurs \u2013 que ce soit des \u00e9coles, des activistes, des hommes et femmes politiques ou des petites entreprises. La neutralit\u00e9 du Net nous a apport\u00e9 non seulement une diversit\u00e9 \u00e9norme en termes de contenus et de services mais a \u00e9galement facilit\u00e9 la participation au processus d\u00e9mocratique.<\/p>\n<p style=\"text-align: left;\"><iframe loading=\"lazy\" src=\"\/\/player.vimeo.com\/video\/35561314\" width=\"500\" height=\"281\" frameborder=\"0\" allowfullscreen=\"allowfullscreen\"><\/iframe><\/p>\n<p style=\"text-align: left;\"><a href=\"https:\/\/vimeo.com\/35561314\">Neutralit\u00e9 du Net, adieu Internet ? (Spot)<\/a> from <a href=\"https:\/\/vimeo.com\/user7842091\">GSARA asbl<\/a> on <a href=\"https:\/\/vimeo.com\">Vimeo<\/a>.<\/p>\n<p><b>Une longue route<\/b><\/p>\n<p>Cependant, la route vers une garantie l\u00e9gale de la neutralit\u00e9 du Net est longue. Il y a quatre ans d\u00e9j\u00e0, la commissaire europ\u00e9enne en charge de la politique num\u00e9rique Neelie Kroes avait d\u00e9clar\u00e9 vouloir prot\u00e9ger la neutralit\u00e9 du Net. Malheureusement, six consultations publiques sur ce sujet ont \u00e9t\u00e9 n\u00e9cessaires avant qu&rsquo;une proposition concr\u00e8te soit publi\u00e9e.<\/p>\n<p>Pendant ce temps, les op\u00e9rateurs t\u00e9l\u00e9com bloquaient et ralentissaient l&rsquo;acc\u00e8s aux services tels que Skype ou WhatsApp. Les ex-monopoles d&rsquo;Etat ont en effet compris que fournir du contenu et des services &#8211; comme les r\u00e9seaux sociaux, les services audiovisuels ou encore les moteurs de recherche \u2013 \u00e9tait tr\u00e8s rentable et essayent donc de se faire une place sur ce march\u00e9. Leur position avantageuse leur permet de contr\u00f4ler les communications sur leurs r\u00e9seaux pour donner la priorit\u00e9 \u00e0 leurs propres produits ou aux produits de leurs partenaires.<\/p>\n<p>En Septembre 2013, la commissaire publiait enfin sa proposition pour un \u00ab\u00a0<i>March\u00e9 unique des t\u00e9l\u00e9communications\u00a0\u00bb <\/i>\u2013 huit mois seulement avant les \u00e9lections europ\u00e9ennes. Son intention officielle: inscrire la neutralit\u00e9 du Net dans une loi s&rsquo;appliquant \u00e0 l&rsquo;ensemble de l&rsquo;Union europ\u00e9enne.<\/p>\n<p><b>Une action de communication plut\u00f4t qu&rsquo;une r\u00e9elle ambition<\/b><\/p>\n<p>Beaucoup de d\u00e9fenseurs d&rsquo;un Internet libre pensaient que leur demande avait enfin \u00e9t\u00e9 entendue. Mais comme dans tout texte juridique, tout est dans le d\u00e9tail. Le texte propos\u00e9 par la Commission pr\u00e9voyait la possibilit\u00e9 pour les op\u00e9rateurs de cr\u00e9er des \u00ab\u00a0services sp\u00e9cialis\u00e9s\u00a0\u00bb b\u00e9n\u00e9ficiant d&rsquo;une qualit\u00e9 de service sup\u00e9rieure. Bref, elle proposait la fin de la neutralit\u00e9 pour faire place \u00e0 un Internet \u00e0 plusieurs vitesses.<\/p>\n<p>Pire encore, le projet de loi de la Commission pr\u00e9voyait que les op\u00e9rateurs puissent d\u00e9cider de bloquer ou ralentir les communications s&rsquo;ils estimaient <span style=\"font-family: Times New Roman,serif;\">pr\u00e9venir<\/span> des \u00ab\u00a0infractions graves\u00a0\u00bb &#8211; sans qu&rsquo;une d\u00e9finition de ce terme ne soit donn\u00e9e par la commission. Ceci aurait permis aux op\u00e9rateurs d&rsquo;interf\u00e9rer avec la libert\u00e9 de communication, sans aucun cadre juridique ni contr\u00f4le judiciaire.<\/p>\n<p>Le texte de la Commission faisait objet de nombreuses critiques, non seulement dans le monde acad\u00e9mique et la soci\u00e9t\u00e9 civile, mais aussi au sein de la <a href=\"https:\/\/edri.org\/NN-negativeopinions\/\">commission<\/a> m\u00eame. En collaboration avec d&rsquo;autres organisations, European Digital Rights a lanc\u00e9 la plate-forme <a href=\"https:\/\/savetheinternet.eu\/fr\/\">SaveTheInternet.eu<\/a> afin d&rsquo;informer sur la proposition de loi et de mobiliser les citoyens afin qu&rsquo;ils contactent leurs d\u00e9put\u00e9s europ\u00e9ens.<\/p>\n<p>Finalement, le 3 Avril, le Parlement europ\u00e9en a adopt\u00e9 les amendements d\u00e9pos\u00e9s par les groupes sociaux-d\u00e9mocrates (S&amp;D), lib\u00e9raux (ADLE), verts (Verts\/ALE) et de la gauche unitaire (GUE\/NGL) pour combler les lacunes de cette proposition et pour prot\u00e9ger de mani\u00e8re effective un Internet libre et ouvert.<\/p>\n<p><b>Et maintenant\u00a0?<\/b><\/p>\n<p>La bataille pour la neutralit\u00e9 du net n&rsquo;est pas termin\u00e9e. Suite au vote au Parlement europ\u00e9en, c&rsquo;est maintenant au Conseil de l&rsquo;Union europ\u00e9enne de se mettre d&rsquo;accord sur le texte de loi. Le r\u00f4le de la Belgique, au m\u00eame titre que les autres \u00e9tats membres, sera de contribuer \u00e0 l&rsquo;\u00e9laboration d&rsquo;un texte le plus solide possible.<\/p>\n<p>Il est fort probable que la proposition revienne au nouveau Parlement europ\u00e9en en <a href=\"https:\/\/fr.wikipedia.org\/wiki\/Proc\u00e9dure_l\u00e9gislative_ordinaire#Deuxi.C3.A8me_lecture\">deuxi\u00e8me lecture<\/a>. Il est donc crucial de rester mobilis\u00e9 pour que le nouveau Parlement d\u00e9fende les droits et libert\u00e9s sur le Net et r\u00e9-affirme sa volont\u00e9 de garantir la neutralit\u00e9 du Net comme principe fondateur d&rsquo;Internet.<\/p>\n<p><strong>Kirsten Fiedler<\/strong><br \/>\n<a href=\"https:\/\/twitter.com\/Kirst3nF\">@Kirst3nF<\/a><br \/>\nManaging director at <a href=\"https:\/\/edri.org\/\">EDRI<\/a> | blogger | civil rights activist | <a href=\"https:\/\/twitter.com\/digiges\">@digiges<\/a> | <a href=\"https:\/\/twitter.com\/NURPA\">@nurpa<\/a> |<\/p>\n","protected":false},"excerpt":{"rendered":"<p>Le 3 Avril, le Parlement europ\u00e9en a pris une d\u00e9cision majeure afin de prot\u00e9ger l&rsquo;Internet ouvert en \u00e9tablissant une norme mondiale pour les droits et libert\u00e9s en ligne.<\/p>\n","protected":false},"author":10,"featured_media":98,"comment_status":"open","ping_status":"open","sticky":false,"template":"","format":"standard","meta":{"footnotes":""},"categories":[18],"tags":[31],"class_list":["post-59","post","type-post","status-publish","format-standard","has-post-thumbnail","hentry","category-dialogue","tag-neutralite-du-net"],"_links":{"self":[{"href":"https:\/\/www.causestoujours.be\/wp-json\/wp\/v2\/posts\/59","targetHints":{"allow":["GET"]}}],"collection":[{"href":"https:\/\/www.causestoujours.be\/wp-json\/wp\/v2\/posts"}],"about":[{"href":"https:\/\/www.causestoujours.be\/wp-json\/wp\/v2\/types\/post"}],"author":[{"embeddable":true,"href":"https:\/\/www.causestoujours.be\/wp-json\/wp\/v2\/users\/10"}],"replies":[{"embeddable":true,"href":"https:\/\/www.causestoujours.be\/wp-json\/wp\/v2\/comments?post=59"}],"version-history":[{"count":18,"href":"https:\/\/www.causestoujours.be\/wp-json\/wp\/v2\/posts\/59\/revisions"}],"predecessor-version":[{"id":342,"href":"https:\/\/www.causestoujours.be\/wp-json\/wp\/v2\/posts\/59\/revisions\/342"}],"wp:featuredmedia":[{"embeddable":true,"href":"https:\/\/www.causestoujours.be\/wp-json\/wp\/v2\/media\/98"}],"wp:attachment":[{"href":"https:\/\/www.causestoujours.be\/wp-json\/wp\/v2\/media?parent=59"}],"wp:term":[{"taxonomy":"category","embeddable":true,"href":"https:\/\/www.causestoujours.be\/wp-json\/wp\/v2\/categories?post=59"},{"taxonomy":"post_tag","embeddable":true,"href":"https:\/\/www.causestoujours.be\/wp-json\/wp\/v2\/tags?post=59"}],"curies":[{"name":"wp","href":"https:\/\/api.w.org\/{rel}","templated":true}]}}