{"id":644,"date":"2014-12-17T17:00:34","date_gmt":"2014-12-17T17:00:34","guid":{"rendered":"https:\/\/gsara.tv\/causes\/?p=644"},"modified":"2015-01-26T15:31:06","modified_gmt":"2015-01-26T15:31:06","slug":"les-explorations-danna-raimondo","status":"publish","type":"post","link":"https:\/\/www.causestoujours.be\/les-explorations-danna-raimondo\/","title":{"rendered":"Anna Raimondo ou l&rsquo;art de l&rsquo;atelier sonore"},"content":{"rendered":"<p><strong>\u00ab\u00a0Lorsqu\u2019on travaille avec la voix des autres, il faut la rendre audible\u00a0\u00bb, <\/strong><\/p>\n<p>Anna Raimondo.<\/p>\n<p><strong>Cr\u00e9atrice sonore, Anna Raimondo explore la radio comme un langage permettant la r\u00e9miniscence, la reconstruction des souvenirs et des m\u00e9moires. Le son comme relation entre les hommes, entre les lieux et les hommes, entre les hommes et leur pass\u00e9. Son travail prend la forme d&rsquo;une onde, ample et g\u00e9n\u00e9reuse, son dynamisme la poussant tant\u00f4t vers les cimes de l&rsquo;art contemporain, tant\u00f4t vers la main et le micro tendu vers l&rsquo;autre, en qu\u00eate d&rsquo;une forme d&rsquo;expression sonore collaborative.<\/strong><\/p>\n<p>Aux pr\u00e9mices de sa pratique \u00ab\u00a0p\u00e9dagogique\u00a0\u00bb, r\u00e9side la conjugaison de l\u2019enseignement de la langue italienne et l\u2019utilisation de la radio. Dans <em>Marsiglia parla italiano<\/em>, elle explora l&rsquo;italianit\u00e9 de r\u00e9sidents de Marseille, qui ont tous un a\u00efeul italien. Le son, la voix, la vibration de la langue traverseraient-ils les g\u00e9n\u00e9rations\u00a0? Au travers de micro-trottoirs et de travail en studio appara\u00eet un dictionnaire de la langue du Panier, ce quartier populaire de la ville phoc\u00e9enne. Un lexique color\u00e9 de proven\u00e7al, de fran\u00e7ais, de napolitain. Le verbe du racisme \u00e9galement, avec les macaroni, les mangia spaghetti, les ritals. En ligne de mire, en aboutissement, le direct radio comme d\u00e9livrance du travail, sur Radio Grenouille.<\/p>\n<p><iframe loading=\"lazy\" width=\"720\" height=\"400\" scrolling=\"no\" frameborder=\"no\" src=\"https:\/\/w.soundcloud.com\/player\/?visual=true&#038;url=https%3A%2F%2Fapi.soundcloud.com%2Ftracks%2F123380394&#038;show_artwork=true&#038;maxwidth=720&#038;maxheight=1000\"><\/iframe><\/p>\n<p>Une d\u00e9marche autour de la langue, l&rsquo;interlangue, la langue en construction, s\u00e9dimentation des usages et des passages, que l&rsquo;on retrouve \u00e9galement aujourd&rsquo;hui dans sa collaboration avec <a href=\"https:\/\/www.parlezvous1060.be\/\">Parlez-vous 1060<\/a>, dans le quartier Bosnie.<\/p>\n<p>Le travail d&rsquo;Anna Raimondo s&rsquo;articule autour de la m\u00e9moire et de la sensibilisation \u00e0 l&rsquo;\u00e9coute. Une oreille tendue vers le monde qui nous entoure qui passe par l&rsquo;\u00e9coute de la radio. Comme s&rsquo;il fallait s&rsquo;\u00e9chauffer les oreilles en les exer\u00e7ant \u00e0 \u00e9couter du radio art, avant de pouvoir capturer le sonore. Comprendre la grammaire du son, ce qu&rsquo;il \u00e9voque en nous, avant de chercher \u00e0 susciter des \u00e9motions. Parcours logique, \u00e9vident, dans la photographie, le cin\u00e9ma, chaque personne ayant \u00e9t\u00e9 confront\u00e9e \u00e0 l&rsquo;image, \u00e0 une culture de l&rsquo;image. Pour la radio, il en est tout autrement, et il s&rsquo;agit de d\u00e9poussi\u00e9rer les oreilles pour les rendre aptes de nouveau \u00e0 entendre.<\/p>\n<p>Entendre, et faire entendre l&rsquo;inaudible, le souvenir, la trace. C&rsquo;est l&rsquo;enjeu du travail d&rsquo;Anna Raimondo, exploratrice itin\u00e9rante de la m\u00e9moire sonore. Un travail collaboratif qui prend alors la forme de l&rsquo;atelier. Ce fut le cas lors de ses collaborations avec les <a title=\"Les Aterliers Echoes\" href=\"https:\/\/www.atelier-echoes.com\">Ateliers Echoes<\/a>. \u00c0 la Ciotat, par exemple, elle guida un groupe h\u00e9t\u00e9roclite dans l&rsquo;ancien quartier ouvrier, l&rsquo;historique chantier naval, devenu ville fant\u00f4me. Sur les ruines et les d\u00e9combres du pass\u00e9, les participants exp\u00e9rimentent, enregistrent, attisent leur curiosit\u00e9. Le pass\u00e9 est-il toujours vibrant dans le pr\u00e9sent\u00a0? Est-ce qu&rsquo;on l&rsquo;entend\u00a0?<\/p>\n<p>La collecte des participants devient mati\u00e8re pour l&rsquo;artiste qui au final combine, m\u00e9tamorphose, et rend aux gens qui les ont d\u00e9nich\u00e9s, leurs sons sous une nouvelle forme, transmissible, adress\u00e9e \u00e0 un autre, c&rsquo;est \u00e0 dire radiophonique. Le travail d&rsquo;atelier se conjugue alors avec une \u0153uvre qui se tisse progressivement, et se nourrit de l&rsquo;apport des moments de workshop et de transmission. L\u2019\u0153uvre d&rsquo;Anna Raimondo est \u00e9galement empreinte de nostalgie, de qu\u00eate de la m\u00e9moire et en dernier lieu de qu\u00eate de soi. Cette qu\u00eate prend dans son travail et dans ses ateliers la forme de l&rsquo;autoportrait sonore, premiers pas vers la d\u00e9couverte d&rsquo;un langage in\u00e9dit. \u00catre sa propre mati\u00e8re, et se transformer en son. D&rsquo;un haut degr\u00e9 de conceptualisation, cette d\u00e9marche ne peut fonctionner avec tous les publics. Anna Raimondo adapte alors sa d\u00e9marche pour la rendre plus ludique et l&rsquo;ancrer dans le quotidien des participants, notamment des plus jeunes. Ainsi, a-t-elle propos\u00e9 \u00e0 des adolescents de r\u00e9aliser leurs propres sonneries de Gsm \u00e0 partir de field recording, de samples de la ville. Une r\u00e9appropriation du son qui nous entoure, ou de celui qu&rsquo;on subit.<\/p>\n<p>Avec les plus petits, le d\u00e9tour de la fiction est le cheminement qui dresse les oreilles enfantines. Le bruitage, la bande son, l&rsquo;\u00e9criture, l&rsquo;imagination. Et puis le r\u00e9sultat final, l&rsquo;\u00e9coute de soi avec les autres. Le th\u00e9\u00e2tre sans image, le cin\u00e9ma sans projection. Avec la complicit\u00e9 de la Web Radio Mobile, son travail avec les maisons d\u2019enfants Epargne &amp; Willems a fini sur les ondes et dans la rue. Le r\u00e9sultat et les d\u00e9tails en \u00e9coute sur le site de <a href=\"https:\/\/www.radiopanik.org\/emissions\/radio-mobile\/radio-mobile-maisons-denfants-epargne-willems\">Radio Panik<\/a>.<\/p>\n<p>A l&rsquo;image de son parcours personnel, la pratique d&rsquo;Anna Raimondo est internationale. Madrid, Londres, Bruxelles, l&rsquo;Italie, le sud de la France. Ces ateliers aussi peuvent voir le jour jusqu&rsquo;au Maroc ou \u00e0 Dakar en compagnie de <a href=\"https:\/\/www.saout-radio.com\/\">Saout Radio<\/a>. Toujours dans le d\u00e9sir de sensibiliser \u00e0 la cr\u00e9ation sonore et de faire jaillir les sons oubli\u00e9s, de les reconstruire. Et un \u00e9tonnement, une joie intacte\u00a0:\u00a0\u00ab\u00a0C\u2019est beau des gens qui s\u2019\u00e9coutent pour la premi\u00e8re fois, qui d\u00e9couvrent l\u2019enregistrement de leurs voix, qui d\u00e9couvrent le son qu\u2019enregistre un micro plong\u00e9 sous l\u2019eau \u00bb.<\/p>\n<p>Et \u00e0 la fin, m\u00eame si c&rsquo;est elle qui monte et mixe un travail \u00e0 l&rsquo;origine collectif, ce n&rsquo;est pas une \u0153uvre qu&rsquo;elle revendique. Ce qu&rsquo;elle souhaite c&rsquo;est aller au-del\u00e0 du t\u00e9moignage, dans la recherche d\u2019une esth\u00e9tique. Une esth\u00e9tique qui peut \u00eatre brute, qui peut s&rsquo;\u00e9loigner du clich\u00e9 d&rsquo;une voix cristalline, mais une esth\u00e9tique qui doit avant tout rec\u00e9ler un rythme. Le juste rythme qui rend la parole audible, vivante, vibrante. Le secret d&rsquo;Anna Raimondo\u00a0? \u00catre \u00e0 l&rsquo;\u00e9coute de notre rythme.<\/p>\n<p>Plus d&rsquo;infos sur le travail d&rsquo;Anna Raimondo\u00a0: <a href=\"https:\/\/annaraimondo.wordpress.com\/\">annaraimondo.wordpress.com<\/a><\/p>\n<p><strong>Guillaume Abgrall<\/strong><\/p>\n","protected":false},"excerpt":{"rendered":"<p>Cr\u00e9atrice sonore, Anna Raimondo explore la radio comme un langage permettant la r\u00e9miniscence, la reconstruction des souvenirs et des m\u00e9moires. Le son comme relation entre les hommes, entre les lieux et les hommes, entre les hommes et leur pass\u00e9.<\/p>\n","protected":false},"author":10,"featured_media":674,"comment_status":"closed","ping_status":"open","sticky":false,"template":"","format":"standard","meta":{"footnotes":""},"categories":[4],"tags":[80,81,82,32,83],"class_list":["post-644","post","type-post","status-publish","format-standard","has-post-thumbnail","hentry","category-creation-sonore","tag-anna-raimondo","tag-atelier-radio","tag-creation-sonore-2","tag-radio","tag-radio-grenouille"],"_links":{"self":[{"href":"https:\/\/www.causestoujours.be\/wp-json\/wp\/v2\/posts\/644","targetHints":{"allow":["GET"]}}],"collection":[{"href":"https:\/\/www.causestoujours.be\/wp-json\/wp\/v2\/posts"}],"about":[{"href":"https:\/\/www.causestoujours.be\/wp-json\/wp\/v2\/types\/post"}],"author":[{"embeddable":true,"href":"https:\/\/www.causestoujours.be\/wp-json\/wp\/v2\/users\/10"}],"replies":[{"embeddable":true,"href":"https:\/\/www.causestoujours.be\/wp-json\/wp\/v2\/comments?post=644"}],"version-history":[{"count":14,"href":"https:\/\/www.causestoujours.be\/wp-json\/wp\/v2\/posts\/644\/revisions"}],"predecessor-version":[{"id":733,"href":"https:\/\/www.causestoujours.be\/wp-json\/wp\/v2\/posts\/644\/revisions\/733"}],"wp:featuredmedia":[{"embeddable":true,"href":"https:\/\/www.causestoujours.be\/wp-json\/wp\/v2\/media\/674"}],"wp:attachment":[{"href":"https:\/\/www.causestoujours.be\/wp-json\/wp\/v2\/media?parent=644"}],"wp:term":[{"taxonomy":"category","embeddable":true,"href":"https:\/\/www.causestoujours.be\/wp-json\/wp\/v2\/categories?post=644"},{"taxonomy":"post_tag","embeddable":true,"href":"https:\/\/www.causestoujours.be\/wp-json\/wp\/v2\/tags?post=644"}],"curies":[{"name":"wp","href":"https:\/\/api.w.org\/{rel}","templated":true}]}}