{"id":753,"date":"2015-02-23T15:10:01","date_gmt":"2015-02-23T15:10:01","guid":{"rendered":"https:\/\/gsara.tv\/causes\/?p=753"},"modified":"2015-02-26T14:15:25","modified_gmt":"2015-02-26T14:15:25","slug":"incarcreation-atelier-fiction-radio-en-prison","status":"publish","type":"post","link":"https:\/\/www.causestoujours.be\/incarcreation-atelier-fiction-radio-en-prison\/","title":{"rendered":"Incarcr\u00e9ation, un atelier de fiction-radio en prison"},"content":{"rendered":"<p><strong>Un atelier de fiction radio en prison a \u00e9t\u00e9 men\u00e9 en octobre 2014 par 4 \u00e9tudiantes de l&rsquo;IHECS au sein de la maison d&rsquo;arr\u00eat pour femmes de Berkendael. Une histoire sonore de 15 minutes, un carnet de bord audio comme aboutissements et beaucoup d&rsquo;enseignements \u00e0 tirer de cette exp\u00e9rience enrichissante pour les d\u00e9tenues. Le message qu&rsquo;elles ont voulu envoyer au travers des ondes\u00a0: ensemble, on peut aller plus loin. Une preuve par la pratique que ce type d&rsquo;action \u00e0 un r\u00f4le a jouer dans le travail de r\u00e9insertion des prisonni\u00e8res.<\/strong><\/p>\n<p><iframe loading=\"lazy\" width=\"720\" height=\"400\" scrolling=\"no\" frameborder=\"no\" src=\"https:\/\/w.soundcloud.com\/player\/?visual=true&#038;url=https%3A%2F%2Fapi.soundcloud.com%2Ftracks%2F192611986&#038;show_artwork=true&#038;maxwidth=720&#038;maxheight=1000\"><\/iframe><\/p>\n<h2>Inspirations<\/h2>\n<p>2013, Festival Filmer \u00e0 tout prix\u00a0! Charlotte, Savina, Elise et Julie font la connaissance de Bibiana Vila Gim\u00e9nez. Bibiana anime Inside Jury, un projet de l&rsquo;asbl Artatouille, dans lequel 4 femmes et 4 hommes d\u00e9tenus de la prison de Mons attribuent des prix lors des comp\u00e9titions de film. D\u00e9cid\u00e9es \u00e0 en savoir plus sur les activit\u00e9s propos\u00e9es en prison, Bibiana les oriente vers C\u00e9cile Dethier coordinatrice de la Fondation pour l&rsquo;assistance Morale des d\u00e9tenues. C\u00e9cile fait entrer la cr\u00e9ation en prison, notamment avec \u00ab\u00a0Un pont entre deux Mondes\u00a0\u00bb un atelier de chant \u00e0 l\u2019annexe psychiatrique de Forest, en collaboration avec le Th\u00e9\u00e2tre Royal de la Monnaie.<\/p>\n<p>Marqu\u00e9es par ces rencontres, les \u00e9tudiantes en ASCEP (Master en animation socio-culturelle et \u00e9ducation permanente) d\u00e9cident de consacrer leur m\u00e9moire m\u00e9diatique de fin d&rsquo;\u00e9tudes \u00e0 la mise en place d&rsquo;un atelier radio en prison. Elles s\u2019inscrivent alors \u00e0 un cycle de formation de la Fondation pour l&rsquo;assistance morale en prison dans l&rsquo;optique de mieux appr\u00e9hender le fonctionnement du monde carc\u00e9ral. Parall\u00e8lement, elles font leurs propres recherches et trouvent des r\u00e9f\u00e9rences telles que <em>Le son de la prison<\/em><sup><a id=\"ref1\" href=\"#fn1\">1<\/a><\/sup> ou <em>Cesare Dove Morire<\/em><sup><a id=\"ref2\" href=\"#fn2\">2<\/a><\/sup>.<\/p>\n<p>Le choix du m\u00e9dia radio tire sa source dans son aspect pratique. Il est en effet plus facile pour des questions de s\u00e9curit\u00e9 de faire rentrer des micros en prison que des cam\u00e9ras. La radio n\u00e9cessite, de surcro\u00eet, moins de mat\u00e9riel et de postproduction. Elle a un autre avantage, sa capacit\u00e9 \u00e0 susciter l&rsquo;imagination, \u00e0 r\u00e9v\u00e9ler l&rsquo;imaginaire.<\/p>\n<h2>Confrontations avec le r\u00e9el<\/h2>\n<p>Chacune \u00e0 leur tour Charlotte, Elise, Julie et Savina vont participer \u00e0 l&rsquo;atelier chorale. Malgr\u00e9 les craintes de C\u00e9cile Dethier, qui connait les r\u00e9ticences que peuvent \u00e9prouver les d\u00e9tenues face \u00e0 une visite d&rsquo;\u00a0\u00ab\u00a0\u00e9tudiantes\u00a0\u00bb, des liens se cr\u00e9ent par la pratique commune. \u00ab Ce sont des femmes qui pleurent, vous parlent, vous serrent dans leurs bras, se confient\u00a0\u00bb, explique Savina. Une s\u00e9rie de pr\u00e9jug\u00e9s tombent, et la n\u00e9cessit\u00e9 d&rsquo;agir se confirme, devient plus pr\u00e9gnante.<\/p>\n<p>C&rsquo;est l&rsquo;heure des autorisations. Contact\u00e9e en mars, la responsable de l&rsquo;administration p\u00e9nitentiaire s&rsquo;int\u00e9resse \u00e0 la proposition. Le verdict tombe en ao\u00fbt. C&rsquo;est possible, mais&#8230;\u00e0 partir de 2015. Trop tard pour que l&rsquo;initiative des \u00e9tudiantes puissent \u00eatre valoris\u00e9e comme m\u00e9moire m\u00e9diatique de fin d&rsquo;\u00e9tudes. La prison acc\u00e8de tout de m\u00eame \u00e0 leur requ\u00eate, mais ne peut leur lib\u00e9rer que trois week-ends. Les s\u00e9ances se succ\u00e9deront donc les samedis et les dimanches d&rsquo;octobre sans laisser de temps aux id\u00e9es de m\u00fbrir.<\/p>\n<p>Il faut maintenant rejoindre les d\u00e9tenus. La complicit\u00e9 de C\u00e9cile Dethier qui tient la biblioth\u00e8que \u00e0 Berkendael tous les lundis permet \u00e0 un flyer de circuler, aux volontaires de s\u2019inscrire. L&rsquo;activit\u00e9 est men\u00e9e dans le temps imparti aux religions, prend la place de l&rsquo;aum\u00f4nier pour les non-pratiquantes. Religion ou fiction n&rsquo;est pas le seul dilemme, car le week-end est aussi le temps des visites familiales. Malgr\u00e9 ces freins, six femmes s&rsquo;inscrivent et l&rsquo;atelier peut commencer. Mais le jour J, seulement deux participantes se pr\u00e9sentent. D\u00e9ception de courte dur\u00e9e, puisque les d\u00e9tenues elles-m\u00eames vont r\u00e9ussir \u00e0 remobiliser une inscrite et ouvrir la porte \u00e0 une anglophone, d\u00e9passant ainsi la contrainte impos\u00e9e de la connaissance du fran\u00e7ais.<\/p>\n<h2>M\u00e9thode et exp\u00e9rimentations.<\/h2>\n<p><a href=\"https:\/\/gsara.tv\/causes\/wp-content\/uploads\/2015\/02\/Incarcr\u00e9ation-plan-01.png\"><img loading=\"lazy\" decoding=\"async\" class=\"alignnone wp-image-907 size-large\" src=\"https:\/\/gsara.tv\/causes\/wp-content\/uploads\/2015\/02\/Incarcr\u00e9ation-plan-01-1024x805.png\" alt=\"\" width=\"720\" height=\"566\" srcset=\"https:\/\/www.causestoujours.be\/wp-content\/uploads\/2015\/02\/Incarcr\u00e9ation-plan-01-1024x805.png 1024w, https:\/\/www.causestoujours.be\/wp-content\/uploads\/2015\/02\/Incarcr\u00e9ation-plan-01-300x235.png 300w, https:\/\/www.causestoujours.be\/wp-content\/uploads\/2015\/02\/Incarcr\u00e9ation-plan-01-210x165.png 210w\" sizes=\"auto, (max-width: 720px) 100vw, 720px\" \/><\/a><\/p>\n<p>\u00c0 l&rsquo;image de cette question linguistique qui fait son intrusion, et qui sera r\u00e9gl\u00e9e avec beaucoup d&rsquo;ing\u00e9niosit\u00e9 par les participantes, le d\u00e9roulement de l&rsquo;atelier ne suit pas le fil pr\u00e9vu, rapidement d\u00e9tourn\u00e9 par les propositions des d\u00e9tenues. La premi\u00e8re s\u00e9ance est fid\u00e8le au planning\u00a0: d\u00e9couverte de la prise de son et caract\u00e9risation des personnages. Les participantes doivent de toute mani\u00e8re utiliser des pseudonymes pour pr\u00e9server un anonymat requis par l&rsquo;administration p\u00e9nitentiaire. La deuxi\u00e8me s\u00e9ance est une sensibilisation \u00e0 l&rsquo;\u00e9coute radiophonique. Et la troisi\u00e8me est celle de la prise en main de l&rsquo;atelier par les participantes.<\/p>\n<p>Elles d\u00e9cident de composer et \u00e9crire une chanson, avant le r\u00e9cit de la fiction, de l&rsquo;histoire. Elles d\u00e9cident \u00e9galement du message qu&rsquo;elles veulent porter au-del\u00e0 de la dramaturgie\u00a0: ensemble on peut aller plus loin. La quatri\u00e8me s\u00e9ance est celle du tournage de la plupart des sc\u00e8nes. Enferm\u00e9es dans le local il manque quelque chose. \u00ab\u00a0<em>Quels sons voulez-vous qu&rsquo;on vous ram\u00e8ne\u00a0?<\/em>\u00a0\u00bb propose Charlotte. L&rsquo;ext\u00e9rieur va ainsi s&rsquo;immiscer dans la prison, et les femmes vont comprendre comment ces enregistrements peuvent se conjuguer avec leurs voix. \u00ab\u00a0<em>Un simple son les rendait vraiment heureuse<\/em>\u00a0\u00bb, se souvient Savina, revenue \u00e0 l&rsquo;atelier avec l&rsquo;ambiance d&rsquo;un caf\u00e9.<\/p>\n<p>Le dernier week-end de travail est celui du rush. L&rsquo;une des participantes confie \u00eatre une stress\u00e9e du temps. \u00ab\u00a0Elles avaient vraiment envie de faire aboutir, d&rsquo;avoir l&rsquo;objet fini.\u00a0\u00bb En parall\u00e8le, se cr\u00e9\u00e9 un autre objet, un carnet de bord, un journal de cr\u00e9ation. \u00c0 chaque fin de s\u00e9ance, le micro se fait b\u00e2ton de parole, pour les participantes, mais \u00e9galement pour les animatrices qui partagent leurs impressions dans et hors les murs. La sixi\u00e8me s\u00e9ance est celle de la finalisation des enregistrements de la fiction, et le temps du plus grand d\u00e9briefing. Les participantes confient ce que leur a apport\u00e9 cet atelier. Un plaidoyer pour la poursuite de ce genre d&rsquo;initiative, et un cadeau pour les auditeurs. Bient\u00f4t disponible sur <a href=\"https:\/\/incarcreation.wix.com\/2015\">incarcreation.wix.com\/2015<\/a> ce travail ouvre des perspectives int\u00e9ressantes pour l&rsquo;utilisation de la radio en prison. Avec plus de s\u00e9ances, mieux r\u00e9parties dans le temps, ce type d&rsquo;atelier pourrait \u00eatre un nouveau mod\u00e8le d&rsquo;intervention cr\u00e9ative favorisant l&rsquo;insertion et l&rsquo;accomplissement de soi des participants incarc\u00e9r\u00e9s.<\/p>\n<p><strong>Guillaume Abgrall<\/strong><\/p>\n<p><sup id=\"fn1\">1. [Arte radio\u00a0: <a href=\"https:\/\/www.arteradio.com\/son\/451263\/son_de_prison\/\">https:\/\/www.arteradio.com\/son\/451263\/son_de_prison\/<\/a>]<\/sup>\u21a9<br \/>\n<sup id=\"fn2\">2. [une fiction sur la r\u00e9alisation d&rsquo;un atelier th\u00e9atre r\u00e9alis\u00e9 par les fr\u00e8res Taviani\u00a0: <a href=\"https:\/\/tempsreel.nouvelobs.com\/cinema\/20121017.CIN6856\/cesar-doit-mourir-shakespeare-en-cabane-filme-par-les-taviani.html\">https:\/\/tempsreel.nouvelobs.com\/cinema\/20121017.CIN6856\/cesar-doit-mourir-shakespeare-en-cabane-filme-par-les-taviani.html<\/a>]<\/sup>\u21a9<\/p>\n","protected":false},"excerpt":{"rendered":"<p>Un atelier de fiction radio en prison a \u00e9t\u00e9 men\u00e9 en octobre 2014 par 4 \u00e9tudiantes de l\u2019IHECS au sein de la maison d\u2019arr\u00eat pour femmes de Berkendael. Une histoire sonore de 15 minutes, un carnet de bord audio comme aboutissements et beaucoup d\u2019enseignements \u00e0 tirer de cette exp\u00e9rience enrichissante pour les d\u00e9tenues. Le message qu\u2019elles ont voulu envoyer au travers des ondes : ensemble, on peut aller plus loin. Une preuve par la pratique que ce type d\u2019action \u00e0 un r\u00f4le \u00e0 jouer dans le travail de r\u00e9insertion des prisonni\u00e8res.<\/p>\n","protected":false},"author":10,"featured_media":907,"comment_status":"closed","ping_status":"open","sticky":false,"template":"","format":"standard","meta":{"footnotes":""},"categories":[4],"tags":[94,81,96,97,93,95],"class_list":["post-753","post","type-post","status-publish","format-standard","has-post-thumbnail","hentry","category-creation-sonore","tag-asbl-artatouille","tag-atelier-radio","tag-atelier-radio-en-prison","tag-fiction-radio","tag-ihecs","tag-incarcreation"],"_links":{"self":[{"href":"https:\/\/www.causestoujours.be\/wp-json\/wp\/v2\/posts\/753","targetHints":{"allow":["GET"]}}],"collection":[{"href":"https:\/\/www.causestoujours.be\/wp-json\/wp\/v2\/posts"}],"about":[{"href":"https:\/\/www.causestoujours.be\/wp-json\/wp\/v2\/types\/post"}],"author":[{"embeddable":true,"href":"https:\/\/www.causestoujours.be\/wp-json\/wp\/v2\/users\/10"}],"replies":[{"embeddable":true,"href":"https:\/\/www.causestoujours.be\/wp-json\/wp\/v2\/comments?post=753"}],"version-history":[{"count":15,"href":"https:\/\/www.causestoujours.be\/wp-json\/wp\/v2\/posts\/753\/revisions"}],"predecessor-version":[{"id":908,"href":"https:\/\/www.causestoujours.be\/wp-json\/wp\/v2\/posts\/753\/revisions\/908"}],"wp:featuredmedia":[{"embeddable":true,"href":"https:\/\/www.causestoujours.be\/wp-json\/wp\/v2\/media\/907"}],"wp:attachment":[{"href":"https:\/\/www.causestoujours.be\/wp-json\/wp\/v2\/media?parent=753"}],"wp:term":[{"taxonomy":"category","embeddable":true,"href":"https:\/\/www.causestoujours.be\/wp-json\/wp\/v2\/categories?post=753"},{"taxonomy":"post_tag","embeddable":true,"href":"https:\/\/www.causestoujours.be\/wp-json\/wp\/v2\/tags?post=753"}],"curies":[{"name":"wp","href":"https:\/\/api.w.org\/{rel}","templated":true}]}}