{"id":814,"date":"2015-02-23T15:08:58","date_gmt":"2015-02-23T15:08:58","guid":{"rendered":"https:\/\/gsara.tv\/causes\/?p=814"},"modified":"2015-02-26T10:45:33","modified_gmt":"2015-02-26T10:45:33","slug":"festival-realites-sociales","status":"publish","type":"post","link":"https:\/\/www.causestoujours.be\/festival-realites-sociales\/","title":{"rendered":"Faire voir les r\u00e9alit\u00e9s sociales"},"content":{"rendered":"<p><strong>La pratique cr\u00e9ative du film, que ce soit en amateur, lors d\u2019ateliers vid\u00e9o ou de mani\u00e8re professionnelle, est r\u00e9pandue en F\u00e9d\u00e9ration Wallonie-Bruxelles. En effet, la vid\u00e9o est un m\u00e9dia qui offre un v\u00e9ritable espace de libert\u00e9 et de cr\u00e9ation, et qui ne cesse d&rsquo;\u00e9tonner par sa force d&rsquo;expression. Son utilisation lors d\u2019ateliers avec des personnes socio-\u00e9conomiquement et\/ou socio-culturellement d\u00e9favoris\u00e9es permet de produire des films, non pas \u00ab sur \u00bb mais \u00ab\u00a0avec\u00a0\u00bb elles. Quant au documentaire, il suppose un point de vue. Il ouvre les regards, am\u00e8ne \u00e0 la r\u00e9flexion et permet d\u2019\u00e9largir la lecture du r\u00e9el.<\/strong><\/p>\n<p>Pourtant, si les documentaires sociaux et les films citoyens b\u00e9n\u00e9ficient de nombreuses productions, ils sont rapidement confront\u00e9s \u00e0 des probl\u00e8mes de diffusion. Serait-ce \u00e0 cause des sujets sensibles auxquels ils s\u2019int\u00e9ressent\u00a0? Parce qu\u2019ils donnent la parole \u00e0 ceux qui ne l\u2019ont pas habituellement\u00a0? Parce qu\u2019ils montrent certaines r\u00e9alit\u00e9s d\u00e9rangeantes\u00a0? Parce qu\u2019ils sont consid\u00e9r\u00e9s comme non rentables d\u2019un point de vue commercial, comme politiquement incorrects, voire comme inint\u00e9ressants pour l\u2019establishment\u00a0?<\/p>\n<p><a href=\"https:\/\/gsara.tv\/causes\/wp-content\/uploads\/2015\/02\/train-de-la-libert\u00e9-1.png\"><img loading=\"lazy\" decoding=\"async\" class=\"alignnone wp-image-893\" src=\"https:\/\/gsara.tv\/causes\/wp-content\/uploads\/2015\/02\/train-de-la-libert\u00e9-1.png\" alt=\"train de la libert\u00e9 1\" width=\"620\" height=\"465\" srcset=\"https:\/\/www.causestoujours.be\/wp-content\/uploads\/2015\/02\/train-de-la-libert\u00e9-1.png 780w, https:\/\/www.causestoujours.be\/wp-content\/uploads\/2015\/02\/train-de-la-libert\u00e9-1-300x225.png 300w, https:\/\/www.causestoujours.be\/wp-content\/uploads\/2015\/02\/train-de-la-libert\u00e9-1-210x157.png 210w\" sizes=\"auto, (max-width: 620px) 100vw, 620px\" \/><\/a><\/p>\n<p>Face \u00e0 ces difficult\u00e9s \u00e0 \u00ab\u00a0faire voir\u00a0\u00bb, le Gsara souhaite cr\u00e9er un espace consacr\u00e9 \u00e0 ces films t\u00e9moins des r\u00e9alit\u00e9s sociales actuelles, parce qu&rsquo;ils sont le produit de l&rsquo;expression citoyenne ou parce qu&rsquo;ils traitent d&rsquo;enjeux soci\u00e9taux majeurs. Il s\u2019agit de faire vivre, de faire voyager ces r\u00e9alisations souvent boycott\u00e9es par les circuits habituels de diffusion.<\/p>\n<p>Premier Festival en ligne de films sur les r\u00e9alit\u00e9s en Belgique, le \u00ab\u00a0<a href=\"https:\/\/www.coupecircuit.be\/\">Coupe Circuit<\/a>\u00a0\u00bb s\u2019adresse aux cr\u00e9ateurs de documentaires sociaux mais aussi aux associations, particuliers et acteurs divers qui produisent des films pens\u00e9s comme des ressources p\u00e9dagogiques ou qui mettent en place des ateliers de participation citoyenne d\u00e9bouchant sur des r\u00e9alisations audiovisuelles\u2026 Et ils sont nombreux \u00e0 le faire\u00a0! Nous souhaitons offrir un moyen de diffusion et de (re)connaissance \u00e0 ces \u0153uvres alternatives, sociales, collectives qui t\u00e9moignent des r\u00e9alit\u00e9s de terrain, qui sont le fruit de l\u2019expression citoyenne, mais qui, faute de canaux de diffusion, passent trop souvent inaper\u00e7ues.<\/p>\n<p><a href=\"https:\/\/gsara.tv\/causes\/wp-content\/uploads\/2015\/02\/Champion2.png\"><img loading=\"lazy\" decoding=\"async\" class=\"alignnone wp-image-894 size-full\" src=\"https:\/\/gsara.tv\/causes\/wp-content\/uploads\/2015\/02\/Champion2.png\" alt=\"Champion2\" width=\"620\" height=\"349\" srcset=\"https:\/\/www.causestoujours.be\/wp-content\/uploads\/2015\/02\/Champion2.png 620w, https:\/\/www.causestoujours.be\/wp-content\/uploads\/2015\/02\/Champion2-300x168.png 300w, https:\/\/www.causestoujours.be\/wp-content\/uploads\/2015\/02\/Champion2-210x118.png 210w\" sizes=\"auto, (max-width: 620px) 100vw, 620px\" \/><\/a><\/p>\n<p>Nous avons rencontr\u00e9 les membres de notre jury et voici ce qu&rsquo;ils pensent \u00e0 propos de la probl\u00e9matique actuelle de diffusion des films associatifs, citoyens, p\u00e9dagogiques.<\/p>\n<p>Virginie No\u00ebl, responsable du secteur socioculturel au Centre Culturel Omar Khayam<br \/>\n\u00ab\u00a0<em>Je pense que le Coupe Circuit est pertinent pour offrir une visibilit\u00e9 \u00e0 tous ces films faits par des associations. Il y a tr\u00e8s peu de visibilit\u00e9 pour les films \/ outils audiovisuels que l&rsquo;on fait et que les autres font. Qu&rsquo;il y ait une plate-forme d&rsquo;\u00e9change pour voir tous ces projets des uns et des autres, ce n&rsquo;est pas fr\u00e9quent. C&rsquo;est int\u00e9ressant de pouvoir \u00e9changer les pratiques et les r\u00e9alit\u00e9s<\/em>.\u00a0\u00bb<\/p>\n<p>Anne Closset, r\u00e9alisatrice<br \/>\n\u00ab\u00a0<em>Je pense que l&rsquo;on est aux balbutiements des canaux de diffusion pour ce genre de films. L&rsquo;outil de diffusion internet est un outil de plus en plus employ\u00e9, particuli\u00e8rement par les jeunes et surtout pendant l&rsquo;adolescence. Je vois qu&rsquo;ils regardent beaucoup des films ou des conneries tout seul dans leur chambre\u2026 C\u2019est donc important de leur montrer aussi autre chose.<\/em>\u00a0\u00bb<\/p>\n<p>Foued Bellali, r\u00e9alisateur et animateur d&rsquo;ateliers vid\u00e9o<br \/>\n\u00ab\u00a0<em>La diffusion de film est tr\u00e8s compliqu\u00e9e. A Bruxelles, seules de rares institutions qui en r\u00e9alisent sont mises un peu en valeur aupr\u00e8s du grand public, mais les autres restent tr\u00e8s peu visibles. En tant que r\u00e9alisateur, il faut aller chercher le public tout seul, sans moyen, et ce n&rsquo;est pas \u00e9vident. De plus, j&rsquo;ai l&rsquo;impression que, lors de la diffusion, c&rsquo;est plus un produit qui est mis en valeur au d\u00e9triment de son utilisation. [\u2026] Le Coupe Circuit va mettre en valeur des contenus p\u00e9dagogiques qui, la plupart du temps, ne trouvent pas leur place dans les festivals et autres lieux de diffusion, ou alors de mani\u00e8re tr\u00e8s ponctuelle.<\/em>\u00a0\u00bb<\/p>\n<p>Ronnie Ramirez, r\u00e9alisateur et enseignant dans le monde du cin\u00e9ma<br \/>\n\u00ab\u00a0<em>Maintenant, si je devais recommencer mon parcours, ce serait plus compliqu\u00e9. Je pense que les portes d&rsquo;acc\u00e8s au cin\u00e9ma documentaire n&rsquo;existent plus\u00a0; ces points d&rsquo;entr\u00e9e n&rsquo;existent plus. Et mes films documentaires, qui ont \u00e9t\u00e9 produits avec l&rsquo;aide de la RTBF, appartiennent \u00e0 un secteur de moins en moins soutenu par la t\u00e9l\u00e9vision publique. Pareil pour la culture en g\u00e9n\u00e9ral, elle est en fin de compte m\u00e9pris\u00e9e au sein de la t\u00e9l\u00e9vision de service public.<\/em>\u00a0\u00bb<\/p>\n<p>\u00ab\u00a0<em>Le cin\u00e9ma documentaire en Belgique porte en lui une dimension \u00e9ducative \u00e9norme, surtout le cin\u00e9ma social qui devrait pouvoir \u00eatre montr\u00e9, distribu\u00e9 dans tous les espaces p\u00e9dagogiques. Il faut amener la culture dans l&rsquo;enseignement pour accompagner le travail du p\u00e9dagogue. Actuellement, il n&rsquo;y a pas de passerelle entre ces deux mondes. C&rsquo;est pareil entre le monde du cin\u00e9ma et le monde associatif ou m\u00eame le citoyen et les mouvements sociaux&#8230; le cin\u00e9ma est d\u00e9connect\u00e9 organiquement, sauf quelques exceptions. Des passerelles sont donc n\u00e9cessaires, surtout dans le climat de pauvret\u00e9, dans tous les sens du terme, qui r\u00e8gne aujourd&rsquo;hui.<\/em>\u00a0\u00bb<\/p>\n<p><strong>M\u00e9lodie Bodson<\/strong><\/p>\n","protected":false},"excerpt":{"rendered":"<p>Bien que les documentaires sociaux et les films citoyens b\u00e9n\u00e9ficient de nombreuses productions, ils sont rapidement confront\u00e9s \u00e0 des probl\u00e8mes de diffusion. Serait-ce \u00e0 cause des sujets sensibles auxquels ils s\u2019int\u00e9ressent ? Parce qu\u2019ils donnent la parole \u00e0 ceux qui ne l\u2019ont pas habituellement ? Parce qu\u2019ils montrent certaines r\u00e9alit\u00e9s d\u00e9rangeantes ? Parce qu\u2019ils sont consid\u00e9r\u00e9s comme non rentables d\u2019un point de vue commercial, comme politiquement incorrects, voire comme inint\u00e9ressants pour l\u2019establishment ?<\/p>\n","protected":false},"author":10,"featured_media":816,"comment_status":"closed","ping_status":"open","sticky":false,"template":"","format":"standard","meta":{"footnotes":""},"categories":[5],"tags":[90,68,92,85,86,91,88,87],"class_list":["post-814","post","type-post","status-publish","format-standard","has-post-thumbnail","hentry","category-portrait","tag-atelier","tag-documentaire","tag-documentaires-sociaux","tag-festival-coupe-circuit","tag-festival-en-ligne","tag-gsara","tag-outil-pedagogique","tag-realite-sociale"],"_links":{"self":[{"href":"https:\/\/www.causestoujours.be\/wp-json\/wp\/v2\/posts\/814","targetHints":{"allow":["GET"]}}],"collection":[{"href":"https:\/\/www.causestoujours.be\/wp-json\/wp\/v2\/posts"}],"about":[{"href":"https:\/\/www.causestoujours.be\/wp-json\/wp\/v2\/types\/post"}],"author":[{"embeddable":true,"href":"https:\/\/www.causestoujours.be\/wp-json\/wp\/v2\/users\/10"}],"replies":[{"embeddable":true,"href":"https:\/\/www.causestoujours.be\/wp-json\/wp\/v2\/comments?post=814"}],"version-history":[{"count":12,"href":"https:\/\/www.causestoujours.be\/wp-json\/wp\/v2\/posts\/814\/revisions"}],"predecessor-version":[{"id":897,"href":"https:\/\/www.causestoujours.be\/wp-json\/wp\/v2\/posts\/814\/revisions\/897"}],"wp:featuredmedia":[{"embeddable":true,"href":"https:\/\/www.causestoujours.be\/wp-json\/wp\/v2\/media\/816"}],"wp:attachment":[{"href":"https:\/\/www.causestoujours.be\/wp-json\/wp\/v2\/media?parent=814"}],"wp:term":[{"taxonomy":"category","embeddable":true,"href":"https:\/\/www.causestoujours.be\/wp-json\/wp\/v2\/categories?post=814"},{"taxonomy":"post_tag","embeddable":true,"href":"https:\/\/www.causestoujours.be\/wp-json\/wp\/v2\/tags?post=814"}],"curies":[{"name":"wp","href":"https:\/\/api.w.org\/{rel}","templated":true}]}}